{"id":117826,"date":"2019-04-03T12:31:31","date_gmt":"2019-04-03T15:31:31","guid":{"rendered":"https:\/\/senoticias.com.br\/se\/?p=117826"},"modified":"2019-04-03T12:31:31","modified_gmt":"2019-04-03T15:31:31","slug":"abertas-as-inscricoes-para-curso-de-assistente-agropecuario","status":"publish","type":"post","link":"https:\/\/senoticias.com.br\/se\/abertas-as-inscricoes-para-curso-de-assistente-agropecuario\/","title":{"rendered":"Abertas as inscri\u00e7\u00f5es para curso de assistente agropecu\u00e1rio"},"content":{"rendered":"<p style=\"text-align: justify;\">O Servi\u00e7o Nacional de Aprendizagem Rural em Sergipe (Senar\/SE) est\u00e1 com inscri\u00e7\u00f5es abertas para 30 vagas no curso Senar Jovem\/ Assistente Agropecu\u00e1rio. As inscri\u00e7\u00f5es s\u00e3o gratuitas e devem ser realizadas de 2 a 9 de abril.<\/p>\n<div id=\"attachment_117827\" style=\"width: 609px\" class=\"wp-caption aligncenter\"><a href=\"https:\/\/senoticias.com.br\/se\/wp-content\/uploads\/2019\/04\/destaque-478355-vest-e1554305386500.jpg\"><img loading=\"lazy\" decoding=\"async\" aria-describedby=\"caption-attachment-117827\" class=\"size-full wp-image-117827\" src=\"https:\/\/senoticias.com.br\/se\/wp-content\/uploads\/2019\/04\/destaque-478355-vest-e1554305386500.jpg\" alt=\"\" width=\"599\" height=\"337\" \/><\/a><p id=\"caption-attachment-117827\" class=\"wp-caption-text\">Foto: Reprodu\u00e7\u00e3o\/ Imagem internet<\/p><\/div>\n<p style=\"text-align: justify;\">O objetivo do curso \u00e9 capacitar os jovens do Alto Sert\u00e3o para o mercado de trabalho com aulas te\u00f3ricas e atividades pr\u00e1ticas sobre a cadeia do leite. O assistente agropecu\u00e1rio poder\u00e1 atuar como empreendedor na sua propriedade e na gest\u00e3o das fazendas.<\/p>\n<p style=\"text-align: justify;\">Podem participar do curso, jovens que conclu\u00edram o ensino m\u00e9dio ou estejam cursando o 3\u00ba ano. O curso tem uma carga hor\u00e1ria de 406 horas com dura\u00e7\u00e3o de 9 meses.<\/p>\n<p style=\"text-align: justify;\">Inscri\u00e7\u00e3o<br \/>\nAs inscri\u00e7\u00f5es podem ser feitas no Col\u00e9gio Estadual C\u00edcero Bezerra e no Centro de Excel\u00eancia Manoel Messias Feitosa, em Nossa Senhora da Gl\u00f3ria, at\u00e9 o dia 9 de abril. O candidato deve apresentar a c\u00f3pia dos documentos solicitados no edital, que est\u00e1 dispon\u00edvel no site www.senarsergipe.org.br. O edital tamb\u00e9m ser\u00e1 disponibilizado nos locais de inscri\u00e7\u00e3o.<\/p>\n<p>&nbsp;<\/p>\n<p><a href=\"https:\/\/senoticias.com.br\/se\/wp-content\/uploads\/2019\/04\/Logomarca-fone-SE-4-2-1-1-1-1-1-1-1-2-3.jpg\"><img loading=\"lazy\" decoding=\"async\" class=\"aligncenter size-full wp-image-117793\" src=\"https:\/\/senoticias.com.br\/se\/wp-content\/uploads\/2019\/04\/Logomarca-fone-SE-4-2-1-1-1-1-1-1-1-2-3.jpg\" alt=\"\" width=\"599\" height=\"78\" srcset=\"https:\/\/senoticias.com.br\/se\/wp-content\/uploads\/2019\/04\/Logomarca-fone-SE-4-2-1-1-1-1-1-1-1-2-3.jpg 599w, https:\/\/senoticias.com.br\/se\/wp-content\/uploads\/2019\/04\/Logomarca-fone-SE-4-2-1-1-1-1-1-1-1-2-3-300x39.jpg 300w\" sizes=\"(max-width: 599px) 100vw, 599px\" \/><\/a><\/p>\n<p>&nbsp;<\/p>\n<p><a href=\"https:\/\/senoticias.com.br\/se\/wp-content\/uploads\/2019\/04\/Logomarca-fone-SE-4-2-1-1-1-1-1-1-1-2-3.jpg\"><em><strong>Acompanhe o SE Not\u00edcias no\u00a0<\/strong><a href=\"https:\/\/twitter.com\/Senoticias\" target=\"_blank\" rel=\"noopener\"><b>Twitter<\/b><\/a><strong>,\u00a0<\/strong><a href=\"https:\/\/www.facebook.com\/senoticias1\" target=\"_blank\" rel=\"noopener\"><b>Facebook\u00a0<\/b><\/a><strong>e no\u00a0<\/strong><a href=\"https:\/\/www.instagram.com\/senoticias\/\" target=\"_blank\" rel=\"noopener\"><b>Instagram<\/b><\/a><\/em><\/a><\/p>\n<p>&nbsp;<\/p>\n<p>Por G1 Sergipe<\/p>\n","protected":false},"excerpt":{"rendered":"<p>O Servi\u00e7o Nacional de Aprendizagem Rural em Sergipe (Senar\/SE) est\u00e1 com inscri\u00e7\u00f5es abertas para 30 vagas no curso Senar Jovem\/ Assistente Agropecu\u00e1rio. As inscri\u00e7\u00f5es s\u00e3o gratuitas e devem ser realizadas de 2 a 9 de abril. O objetivo do curso \u00e9 capacitar os jovens do Alto Sert\u00e3o para o mercado de trabalho com aulas te\u00f3ricas [&hellip;]<\/p>\n","protected":false},"author":6557,"featured_media":0,"comment_status":"closed","ping_status":"closed","sticky":false,"template":"","format":"standard","meta":{"footnotes":""},"categories":[15,44],"tags":[11950],"class_list":{"0":"post-117826","1":"post","2":"type-post","3":"status-publish","4":"format-standard","6":"category-destaques","7":"category-educacao","8":"tag-curso-assistente-agropecuario"},"_links":{"self":[{"href":"https:\/\/senoticias.com.br\/se\/wp-json\/wp\/v2\/posts\/117826"}],"collection":[{"href":"https:\/\/senoticias.com.br\/se\/wp-json\/wp\/v2\/posts"}],"about":[{"href":"https:\/\/senoticias.com.br\/se\/wp-json\/wp\/v2\/types\/post"}],"author":[{"embeddable":true,"href":"https:\/\/senoticias.com.br\/se\/wp-json\/wp\/v2\/users\/6557"}],"replies":[{"embeddable":true,"href":"https:\/\/senoticias.com.br\/se\/wp-json\/wp\/v2\/comments?post=117826"}],"version-history":[{"count":0,"href":"https:\/\/senoticias.com.br\/se\/wp-json\/wp\/v2\/posts\/117826\/revisions"}],"wp:attachment":[{"href":"https:\/\/senoticias.com.br\/se\/wp-json\/wp\/v2\/media?parent=117826"}],"wp:term":[{"taxonomy":"category","embeddable":true,"href":"https:\/\/senoticias.com.br\/se\/wp-json\/wp\/v2\/categories?post=117826"},{"taxonomy":"post_tag","embeddable":true,"href":"https:\/\/senoticias.com.br\/se\/wp-json\/wp\/v2\/tags?post=117826"}],"curies":[{"name":"wp","href":"https:\/\/api.w.org\/{rel}","templated":true}]}}