{"id":117822,"date":"2019-04-03T12:14:23","date_gmt":"2019-04-03T15:14:23","guid":{"rendered":"https:\/\/senoticias.com.br\/se\/?p=117822"},"modified":"2019-04-03T12:15:00","modified_gmt":"2019-04-03T15:15:00","slug":"stj-mantem-preso-empresario-acusado-como-laranja-de-valmir-monteiro","status":"publish","type":"post","link":"https:\/\/senoticias.com.br\/se\/stj-mantem-preso-empresario-acusado-como-laranja-de-valmir-monteiro\/","title":{"rendered":"STJ mant\u00e9m preso empres\u00e1rio acusado como \u2018laranja\u2019 de Valmir Monteiro"},"content":{"rendered":"<p style=\"text-align: justify;\">O ministro Rog\u00e9rio Schietti Cruz, do Superior Tribunal de Justi\u00e7a (STJ), negou pedido liminar da defesa e manteve a pris\u00e3o do empres\u00e1rio Joel do Nascimento Cruz, acusado pelo Minist\u00e9rio P\u00fablico Estadual (MPE) de atuar como \u2018laranja\u2019 do prefeito Valmir Monteiro, que tamb\u00e9m se encontra preso apontado como integrante de uma associa\u00e7\u00e3o criminosa acusada de desviar recursos p\u00fablicos oriundo do matadouro do munic\u00edpio.<\/p>\n<div id=\"attachment_117825\" style=\"width: 609px\" class=\"wp-caption aligncenter\"><a href=\"https:\/\/senoticias.com.br\/se\/wp-content\/uploads\/2019\/04\/empresarios_caso_valmir_monteiro_lagarto_exame_iml_25022019-750x430-e1554304364312.jpg\"><img loading=\"lazy\" decoding=\"async\" aria-describedby=\"caption-attachment-117825\" class=\"size-full wp-image-117825\" src=\"https:\/\/senoticias.com.br\/se\/wp-content\/uploads\/2019\/04\/empresarios_caso_valmir_monteiro_lagarto_exame_iml_25022019-750x430-e1554304364312.jpg\" alt=\"\" width=\"599\" height=\"343\" \/><\/a><p id=\"caption-attachment-117825\" class=\"wp-caption-text\">Momento em que Joel e Gildo chegando ao IML para exames antes de seguirem para a Delegacia da Pol\u00edcia Civil (Fotos: Portal Infonet)<\/p><\/div>\n<p style=\"text-align: justify;\">O pedido de liberdade foi apresentado por advogados que atuam na defesa do empres\u00e1rio e foi negado em decis\u00e3o liminar, estando ainda em tramita\u00e7\u00e3o no STJ o m\u00e9rito do habeas corpus, que dever\u00e1 ser julgado pela 6a Turma daquela Corte Superior. Apesar da posi\u00e7\u00e3o do ministro Rog\u00e9rio Schietti, relator do processo, se manifestar pelo indeferimento da medida liminar, o advogado Glover R\u00fabio Castro, um dos profissionais que assina o habeas corpus, est\u00e1 confiante e acredita que a 6a Turma do STJ reconhecer\u00e1 a falta de necessidade de manter o empres\u00e1rio preso.Para o advogado, o cliente n\u00e3o apresenta qualquer risco para o andamento da a\u00e7\u00e3o penal que continua em tramita\u00e7\u00e3o no Poder Judici\u00e1rio do Estado de Sergipe em segredo de justi\u00e7a. E n\u00e3o teve d\u00favida da inoc\u00eancia do cliente, em se tratando do m\u00e9rito da acusa\u00e7\u00e3o feita pelo Minist\u00e9rio P\u00fablico, que envolve supostos crimes de lavagem de dinheiro, desvio de recursos p\u00fablicos e associa\u00e7\u00e3o criminosa.<\/p>\n<p style=\"text-align: justify;\">Al\u00e9m de Joel Nascimento, tamb\u00e9m foram denunciados por estes supostos crimes o prefeito Valmir Monteiro [que tamb\u00e9m permanece preso], Gildo Pinto dos Santos e o genro do prefeito de Lagarto, Igor Ribeiro Costa, apontados como \u2018laranjas\u2019 na suposta associa\u00e7\u00e3o para desviar recursos p\u00fablicos. Igor Ribeiro ganhou o direito de responder ao processo em liberdade em decis\u00e3o do STJ. Mas o prefeito, Valmir Monteiro, apesar das tentativas, n\u00e3o obteve \u00eaxito em nenhuma inst\u00e2ncia do Judici\u00e1rio.<\/p>\n<p>&nbsp;<\/p>\n<p><a href=\"https:\/\/senoticias.com.br\/se\/wp-content\/uploads\/2019\/04\/Logomarca-fone-SE-4-2-1-1-1-1-1-1-1-2-3.jpg\"><img loading=\"lazy\" decoding=\"async\" class=\"aligncenter size-full wp-image-117793\" src=\"https:\/\/senoticias.com.br\/se\/wp-content\/uploads\/2019\/04\/Logomarca-fone-SE-4-2-1-1-1-1-1-1-1-2-3.jpg\" alt=\"\" width=\"599\" height=\"78\" srcset=\"https:\/\/senoticias.com.br\/se\/wp-content\/uploads\/2019\/04\/Logomarca-fone-SE-4-2-1-1-1-1-1-1-1-2-3.jpg 599w, https:\/\/senoticias.com.br\/se\/wp-content\/uploads\/2019\/04\/Logomarca-fone-SE-4-2-1-1-1-1-1-1-1-2-3-300x39.jpg 300w\" sizes=\"(max-width: 599px) 100vw, 599px\" \/><\/a><\/p>\n<p>&nbsp;<\/p>\n<p><em><strong>Acompanhe o SE Not\u00edcias no\u00a0<\/strong><a href=\"https:\/\/twitter.com\/Senoticias\" target=\"_blank\" rel=\"noopener\"><b>Twitter<\/b><\/a><strong>,\u00a0<\/strong><a href=\"https:\/\/www.facebook.com\/senoticias1\" target=\"_blank\" rel=\"noopener\"><b>Facebook\u00a0<\/b><\/a><strong>e no\u00a0<\/strong><a href=\"https:\/\/www.instagram.com\/senoticias\/\" target=\"_blank\" rel=\"noopener\"><b>Instagram<\/b><\/a><\/em><\/p>\n<p>&nbsp;<\/p>\n<p>Por Cassia Santana<\/p>\n","protected":false},"excerpt":{"rendered":"<p>O ministro Rog\u00e9rio Schietti Cruz, do Superior Tribunal de Justi\u00e7a (STJ), negou pedido liminar da defesa e manteve a pris\u00e3o do empres\u00e1rio Joel do Nascimento Cruz, acusado pelo Minist\u00e9rio P\u00fablico Estadual (MPE) de atuar como \u2018laranja\u2019 do prefeito Valmir Monteiro, que tamb\u00e9m se encontra preso apontado como integrante de uma associa\u00e7\u00e3o criminosa acusada de desviar [&hellip;]<\/p>\n","protected":false},"author":6557,"featured_media":0,"comment_status":"closed","ping_status":"closed","sticky":false,"template":"","format":"standard","meta":{"footnotes":""},"categories":[15],"tags":[61,11949],"class_list":{"0":"post-117822","1":"post","2":"type-post","3":"status-publish","4":"format-standard","6":"category-destaques","7":"tag-acidente","8":"tag-valmir-monteiro-lagarto-laranja-stf"},"_links":{"self":[{"href":"https:\/\/senoticias.com.br\/se\/wp-json\/wp\/v2\/posts\/117822"}],"collection":[{"href":"https:\/\/senoticias.com.br\/se\/wp-json\/wp\/v2\/posts"}],"about":[{"href":"https:\/\/senoticias.com.br\/se\/wp-json\/wp\/v2\/types\/post"}],"author":[{"embeddable":true,"href":"https:\/\/senoticias.com.br\/se\/wp-json\/wp\/v2\/users\/6557"}],"replies":[{"embeddable":true,"href":"https:\/\/senoticias.com.br\/se\/wp-json\/wp\/v2\/comments?post=117822"}],"version-history":[{"count":0,"href":"https:\/\/senoticias.com.br\/se\/wp-json\/wp\/v2\/posts\/117822\/revisions"}],"wp:attachment":[{"href":"https:\/\/senoticias.com.br\/se\/wp-json\/wp\/v2\/media?parent=117822"}],"wp:term":[{"taxonomy":"category","embeddable":true,"href":"https:\/\/senoticias.com.br\/se\/wp-json\/wp\/v2\/categories?post=117822"},{"taxonomy":"post_tag","embeddable":true,"href":"https:\/\/senoticias.com.br\/se\/wp-json\/wp\/v2\/tags?post=117822"}],"curies":[{"name":"wp","href":"https:\/\/api.w.org\/{rel}","templated":true}]}}