{"id":117820,"date":"2019-04-03T11:31:58","date_gmt":"2019-04-03T14:31:58","guid":{"rendered":"https:\/\/senoticias.com.br\/se\/?p=117820"},"modified":"2019-04-03T11:31:58","modified_gmt":"2019-04-03T14:31:58","slug":"caminhao-desgovernado-atropela-e-mata-motorista-em-aracaju","status":"publish","type":"post","link":"https:\/\/senoticias.com.br\/se\/caminhao-desgovernado-atropela-e-mata-motorista-em-aracaju\/","title":{"rendered":"Caminh\u00e3o desgovernado atropela e mata motorista em Aracaju"},"content":{"rendered":"<p><em><span lang=\"pt-BR\">por Cassia Santa<\/span><span lang=\"pt-BR\">na*<\/span><\/em><\/p>\n<p style=\"text-align: justify;\"><span lang=\"pt-BR\">Um acidente de tr\u00e2nsito deixou um homem morto na manh\u00e3 desta quarta-feira, 3, na capital sergipana. O acidente foi registrado pela Superintend\u00eancia Municipal de Transporte e Tr\u00e2nsito (SMTT) pouco depois das 9h\u00a0<\/span><span lang=\"pt-BR\">na avenida Euclides Figueiredo, pr\u00f3ximo \u00e0 rotat\u00f3ria que d\u00e1 acesso ao bairro Lamar\u00e3o. A equipe do Servi\u00e7o de Atendimento M\u00f3vel de Urg\u00eancia (Samu) constatou o \u00f3bito no local do acidente.<\/span><\/p>\n<div id=\"attachment_117821\" style=\"width: 609px\" class=\"wp-caption aligncenter\"><a href=\"https:\/\/senoticias.com.br\/se\/wp-content\/uploads\/2019\/04\/acidente_avenida_euclides_figueredo_foto_grupo_whatsapp_jpana_03043019-619x430-e1554301342169.jpg\"><img loading=\"lazy\" decoding=\"async\" aria-describedby=\"caption-attachment-117821\" class=\"size-full wp-image-117821\" src=\"https:\/\/senoticias.com.br\/se\/wp-content\/uploads\/2019\/04\/acidente_avenida_euclides_figueredo_foto_grupo_whatsapp_jpana_03043019-619x430-e1554301342169.jpg\" alt=\"\" width=\"599\" height=\"416\" \/><\/a><p id=\"caption-attachment-117821\" class=\"wp-caption-text\">Corpo de homem ficou preso entre um im\u00f3vel e a via, segundo a SMTT (Foto: redes sociais)<\/p><\/div>\n<p style=\"text-align: justify;\" align=\"justify\"><span lang=\"pt-BR\">C<\/span><span lang=\"pt-BR\">onf<\/span><span lang=\"pt-BR\">o<\/span><span lang=\"pt-BR\">rme os primeiros levantamentos realizados pela SMTT, o condutor do caminh\u00e3o passava no local e percebeu que o ve\u00edculo apresentou um problema.\u00a0<\/span><span lang=\"pt-BR\">O motorista, ainda n\u00e3o identificado, desceu e foi observar o carro, mas o caminh\u00e3o ficou desgovernado, desceu e acabou atropelando o condutor, cujo corpo foi arrastado na pista e teria ficado imprensado entre um im\u00f3vel e a via, segundo informa\u00e7\u00f5es da assessoria de imprensa da SMTT.<\/span><\/p>\n<p style=\"text-align: justify;\" align=\"justify\"><span lang=\"pt-BR\">A SMTT controlou o tr\u00e1fego na regi\u00e3o e, como houve registro de \u00f3bito, a ocorr\u00eancia est\u00e1 sendo conduzida pela equipe da Companhia de Pol\u00edcia de Tr\u00e2nsito (CPTran) da Pol\u00edcia Militar de Sergipe.<\/span><\/p>\n<p align=\"justify\">\n<p align=\"justify\">\n<p align=\"justify\"><a href=\"https:\/\/senoticias.com.br\/se\/wp-content\/uploads\/2019\/04\/Logomarca-fone-SE-4-2-1-1-1-1-1-1-1-2-3.jpg\"><img loading=\"lazy\" decoding=\"async\" class=\"aligncenter size-full wp-image-117793\" src=\"https:\/\/senoticias.com.br\/se\/wp-content\/uploads\/2019\/04\/Logomarca-fone-SE-4-2-1-1-1-1-1-1-1-2-3.jpg\" alt=\"\" width=\"599\" height=\"78\" srcset=\"https:\/\/senoticias.com.br\/se\/wp-content\/uploads\/2019\/04\/Logomarca-fone-SE-4-2-1-1-1-1-1-1-1-2-3.jpg 599w, https:\/\/senoticias.com.br\/se\/wp-content\/uploads\/2019\/04\/Logomarca-fone-SE-4-2-1-1-1-1-1-1-1-2-3-300x39.jpg 300w\" sizes=\"(max-width: 599px) 100vw, 599px\" \/><\/a><\/p>\n<p align=\"justify\">\n<p align=\"justify\"><em><strong>Acompanhe o SE Not\u00edcias no\u00a0<\/strong><a href=\"https:\/\/twitter.com\/Senoticias\" target=\"_blank\" rel=\"noopener\"><b>Twitter<\/b><\/a><strong>,\u00a0<\/strong><a href=\"https:\/\/www.facebook.com\/senoticias1\" target=\"_blank\" rel=\"noopener\"><b>Facebook\u00a0<\/b><\/a><strong>e no\u00a0<\/strong><a href=\"https:\/\/www.instagram.com\/senoticias\/\" target=\"_blank\" rel=\"noopener\"><b>Instagram<\/b><\/a><\/em><\/p>\n<p align=\"justify\"><em><span lang=\"pt-BR\">por Cassia Santa<\/span><span lang=\"pt-BR\">na, do portal Infonet<\/span><\/em><\/p>\n","protected":false},"excerpt":{"rendered":"<p>por Cassia Santana* Um acidente de tr\u00e2nsito deixou um homem morto na manh\u00e3 desta quarta-feira, 3, na capital sergipana. O acidente foi registrado pela Superintend\u00eancia Municipal de Transporte e Tr\u00e2nsito (SMTT) pouco depois das 9h\u00a0na avenida Euclides Figueiredo, pr\u00f3ximo \u00e0 rotat\u00f3ria que d\u00e1 acesso ao bairro Lamar\u00e3o. A equipe do Servi\u00e7o de Atendimento M\u00f3vel de [&hellip;]<\/p>\n","protected":false},"author":6557,"featured_media":117821,"comment_status":"closed","ping_status":"closed","sticky":false,"template":"","format":"standard","meta":{"footnotes":""},"categories":[15,7],"tags":[4203,631,2979,10633],"class_list":{"0":"post-117820","1":"post","2":"type-post","3":"status-publish","4":"format-standard","5":"has-post-thumbnail","7":"category-destaques","8":"category-policia","9":"tag-acidente-de-transito","10":"tag-cptran","11":"tag-smtt","12":"tag-superintendencia-municipal-de-transporte-e-transito"},"_links":{"self":[{"href":"https:\/\/senoticias.com.br\/se\/wp-json\/wp\/v2\/posts\/117820"}],"collection":[{"href":"https:\/\/senoticias.com.br\/se\/wp-json\/wp\/v2\/posts"}],"about":[{"href":"https:\/\/senoticias.com.br\/se\/wp-json\/wp\/v2\/types\/post"}],"author":[{"embeddable":true,"href":"https:\/\/senoticias.com.br\/se\/wp-json\/wp\/v2\/users\/6557"}],"replies":[{"embeddable":true,"href":"https:\/\/senoticias.com.br\/se\/wp-json\/wp\/v2\/comments?post=117820"}],"version-history":[{"count":0,"href":"https:\/\/senoticias.com.br\/se\/wp-json\/wp\/v2\/posts\/117820\/revisions"}],"wp:featuredmedia":[{"embeddable":true,"href":"https:\/\/senoticias.com.br\/se\/wp-json\/wp\/v2\/media\/117821"}],"wp:attachment":[{"href":"https:\/\/senoticias.com.br\/se\/wp-json\/wp\/v2\/media?parent=117820"}],"wp:term":[{"taxonomy":"category","embeddable":true,"href":"https:\/\/senoticias.com.br\/se\/wp-json\/wp\/v2\/categories?post=117820"},{"taxonomy":"post_tag","embeddable":true,"href":"https:\/\/senoticias.com.br\/se\/wp-json\/wp\/v2\/tags?post=117820"}],"curies":[{"name":"wp","href":"https:\/\/api.w.org\/{rel}","templated":true}]}}