{"id":117812,"date":"2019-04-02T11:46:28","date_gmt":"2019-04-02T14:46:28","guid":{"rendered":"https:\/\/senoticias.com.br\/se\/?p=117812"},"modified":"2019-04-02T11:46:28","modified_gmt":"2019-04-02T14:46:28","slug":"tancredo-neves-e-a-via-com-maior-numeros-de-acidentes-da-capital","status":"publish","type":"post","link":"https:\/\/senoticias.com.br\/se\/tancredo-neves-e-a-via-com-maior-numeros-de-acidentes-da-capital\/","title":{"rendered":"Tancredo Neves \u00e9 a via com maior n\u00fameros de acidentes da capital"},"content":{"rendered":"<p style=\"text-align: justify;\">O alto \u00edndice de acidentes de tr\u00e2nsito na avenida Tancredo Neves motivou a Superintend\u00eancia Municipal de Transporte e Tr\u00e2nsito (SMTT) a desenvolver o projeto \u201cP\u00e9 na Faixa. P\u00e9 no Freio\u201d, a\u00e7\u00e3o de conscientiza\u00e7\u00e3o que ser\u00e1 desenvolvida durante todo o ano na capital. De acordo com o \u00f3rg\u00e3o, foram registrados na via 407 acidentes em 2018 e 106 nos primeiros tr\u00eas meses desse ano.<\/p>\n<div id=\"attachment_117813\" style=\"width: 560px\" class=\"wp-caption aligncenter\"><a href=\"https:\/\/senoticias.com.br\/se\/wp-content\/uploads\/2019\/04\/a\u00e7\u00e3oSmtt-avenidaTancredoNeves-projetoP\u00e9nafaixa-foto2Andson-Azevedo-020419.jpg\"><img loading=\"lazy\" decoding=\"async\" aria-describedby=\"caption-attachment-117813\" class=\"size-full wp-image-117813\" src=\"https:\/\/senoticias.com.br\/se\/wp-content\/uploads\/2019\/04\/a\u00e7\u00e3oSmtt-avenidaTancredoNeves-projetoP\u00e9nafaixa-foto2Andson-Azevedo-020419.jpg\" alt=\"\" width=\"550\" height=\"330\" srcset=\"https:\/\/senoticias.com.br\/se\/wp-content\/uploads\/2019\/04\/a\u00e7\u00e3oSmtt-avenidaTancredoNeves-projetoP\u00e9nafaixa-foto2Andson-Azevedo-020419.jpg 550w, https:\/\/senoticias.com.br\/se\/wp-content\/uploads\/2019\/04\/a\u00e7\u00e3oSmtt-avenidaTancredoNeves-projetoP\u00e9nafaixa-foto2Andson-Azevedo-020419-300x180.jpg 300w\" sizes=\"(max-width: 550px) 100vw, 550px\" \/><\/a><p id=\"caption-attachment-117813\" class=\"wp-caption-text\">O foco da a\u00e7\u00e3o \u00e9 a conscientiza\u00e7\u00e3o dos pedestres (Foto : Andson Azevedo \/ SMTT)<\/p><\/div>\n<p style=\"text-align: justify;\">No in\u00edcio da manh\u00e3 desta ter\u00e7a-feira, 2, agentes de tr\u00e2nsito estiveram na Avenida Tancredo Neves para orientar os pedestres e motoristas a utilizar e respeitar a faixa de pedestre.\u201cA Tancredo Neves \u00e9 a campe\u00e3 em acidentes, infelizmente. Diante dessa realidade, a SMTT durante este ano, estar\u00e1 toda semana nessa avenida fazendo principalmente a conscientiza\u00e7\u00e3o dos pedestres, porque eles t\u00eam pregui\u00e7a de andar um pouquinho a mais e usar a faixa\u201d, explica Helo\u00edsa de Rezende, supervisora de tr\u00e2nsito.<\/p>\n<p>&nbsp;<\/p>\n<p style=\"text-align: justify;\">O local escolhido para a\u00e7\u00e3o de hoje foi o trecho entre o SESC e a Maternidade Nossa Senhora de Lourdes (MNSL). Helo\u00edsa conta que a falta educa\u00e7\u00e3o no tr\u00e2nsito \u00e9 um problema em Aracaju. \u201cChegamos bem cedo para aproveitar a chegada dos estudantes e conversar com eles. Trouxemos o Grupo de Teatro Cones da SMTT e fizemos a abordagem com os estudantes. O pedestre precisa entender que \u00e9 essencial usar a faixa, e o condutor a dar prefer\u00eancia ao pedestre. Falta educa\u00e7\u00e3o e gentileza no tr\u00e2nsito, o que resulta em tantos acidentes\u201d, ressalta.<\/p>\n<p>&nbsp;<\/p>\n<p><a href=\"https:\/\/senoticias.com.br\/se\/wp-content\/uploads\/2019\/04\/Logomarca-fone-SE-4-2-1-1-1-1-1-1-1-2-3.jpg\"><img loading=\"lazy\" decoding=\"async\" class=\"aligncenter size-full wp-image-117793\" src=\"https:\/\/senoticias.com.br\/se\/wp-content\/uploads\/2019\/04\/Logomarca-fone-SE-4-2-1-1-1-1-1-1-1-2-3.jpg\" alt=\"\" width=\"599\" height=\"78\" srcset=\"https:\/\/senoticias.com.br\/se\/wp-content\/uploads\/2019\/04\/Logomarca-fone-SE-4-2-1-1-1-1-1-1-1-2-3.jpg 599w, https:\/\/senoticias.com.br\/se\/wp-content\/uploads\/2019\/04\/Logomarca-fone-SE-4-2-1-1-1-1-1-1-1-2-3-300x39.jpg 300w\" sizes=\"(max-width: 599px) 100vw, 599px\" \/><\/a><\/p>\n<p>&nbsp;<\/p>\n<p><em><strong>Acompanhe o SE Not\u00edcias no\u00a0<\/strong><a href=\"https:\/\/twitter.com\/Senoticias\" target=\"_blank\" rel=\"noopener\"><b>Twitter<\/b><\/a><strong>,\u00a0<\/strong><a href=\"https:\/\/www.facebook.com\/senoticias1\" target=\"_blank\" rel=\"noopener\"><b>Facebook\u00a0<\/b><\/a><strong>e no\u00a0<\/strong><a href=\"https:\/\/www.instagram.com\/senoticias\/\" target=\"_blank\" rel=\"noopener\"><b>Instagram<\/b><\/a><\/em><\/p>\n<p>Por Karla Pinheiro<\/p>\n","protected":false},"excerpt":{"rendered":"<p>O alto \u00edndice de acidentes de tr\u00e2nsito na avenida Tancredo Neves motivou a Superintend\u00eancia Municipal de Transporte e Tr\u00e2nsito (SMTT) a desenvolver o projeto \u201cP\u00e9 na Faixa. P\u00e9 no Freio\u201d, a\u00e7\u00e3o de conscientiza\u00e7\u00e3o que ser\u00e1 desenvolvida durante todo o ano na capital. De acordo com o \u00f3rg\u00e3o, foram registrados na via 407 acidentes em 2018 [&hellip;]<\/p>\n","protected":false},"author":6557,"featured_media":0,"comment_status":"closed","ping_status":"closed","sticky":false,"template":"","format":"standard","meta":{"footnotes":""},"categories":[15],"tags":[11946],"class_list":{"0":"post-117812","1":"post","2":"type-post","3":"status-publish","4":"format-standard","6":"category-destaques","7":"tag-acidente-avenida-tancredo-neves-aracaju-smtt"},"_links":{"self":[{"href":"https:\/\/senoticias.com.br\/se\/wp-json\/wp\/v2\/posts\/117812"}],"collection":[{"href":"https:\/\/senoticias.com.br\/se\/wp-json\/wp\/v2\/posts"}],"about":[{"href":"https:\/\/senoticias.com.br\/se\/wp-json\/wp\/v2\/types\/post"}],"author":[{"embeddable":true,"href":"https:\/\/senoticias.com.br\/se\/wp-json\/wp\/v2\/users\/6557"}],"replies":[{"embeddable":true,"href":"https:\/\/senoticias.com.br\/se\/wp-json\/wp\/v2\/comments?post=117812"}],"version-history":[{"count":0,"href":"https:\/\/senoticias.com.br\/se\/wp-json\/wp\/v2\/posts\/117812\/revisions"}],"wp:attachment":[{"href":"https:\/\/senoticias.com.br\/se\/wp-json\/wp\/v2\/media?parent=117812"}],"wp:term":[{"taxonomy":"category","embeddable":true,"href":"https:\/\/senoticias.com.br\/se\/wp-json\/wp\/v2\/categories?post=117812"},{"taxonomy":"post_tag","embeddable":true,"href":"https:\/\/senoticias.com.br\/se\/wp-json\/wp\/v2\/tags?post=117812"}],"curies":[{"name":"wp","href":"https:\/\/api.w.org\/{rel}","templated":true}]}}