{"id":117810,"date":"2019-04-02T11:36:22","date_gmt":"2019-04-02T14:36:22","guid":{"rendered":"https:\/\/senoticias.com.br\/se\/?p=117810"},"modified":"2019-04-02T11:36:22","modified_gmt":"2019-04-02T14:36:22","slug":"apos-falha-no-fies-mec-prorroga-ate-sexta-o-prazo-de-conclusao-da-inscricao","status":"publish","type":"post","link":"https:\/\/senoticias.com.br\/se\/apos-falha-no-fies-mec-prorroga-ate-sexta-o-prazo-de-conclusao-da-inscricao\/","title":{"rendered":"Ap\u00f3s falha no Fies, MEC prorroga at\u00e9 sexta o prazo de conclus\u00e3o da inscri\u00e7\u00e3o"},"content":{"rendered":"<p style=\"text-align: justify;\">As falhas do Fundo de Financiamento Estudantil (Fies) fizeram o Minist\u00e9rio da Educa\u00e7\u00e3o (MEC) prorrogar at\u00e9 esta sexta-feira (5) o prazo para os estudantes selecionados na modalidade Fies conseguirem concluir sua inscri\u00e7\u00e3o no sistema. Milhares de universit\u00e1rios aprovados pelo programa est\u00e3o sem poder ir \u00e0 aula em universidades particulares por causa do problema, que tem impedido a conclus\u00e3o do processo e a garantia da matr\u00edcula.<\/p>\n<div id=\"attachment_117811\" style=\"width: 1150px\" class=\"wp-caption aligncenter\"><a href=\"https:\/\/senoticias.com.br\/se\/wp-content\/uploads\/2019\/04\/ensino_medio1.jpg\"><img loading=\"lazy\" decoding=\"async\" aria-describedby=\"caption-attachment-117811\" class=\"size-full wp-image-117811\" src=\"https:\/\/senoticias.com.br\/se\/wp-content\/uploads\/2019\/04\/ensino_medio1.jpg\" alt=\"\" width=\"1140\" height=\"760\" srcset=\"https:\/\/senoticias.com.br\/se\/wp-content\/uploads\/2019\/04\/ensino_medio1.jpg 1140w, https:\/\/senoticias.com.br\/se\/wp-content\/uploads\/2019\/04\/ensino_medio1-300x200.jpg 300w, https:\/\/senoticias.com.br\/se\/wp-content\/uploads\/2019\/04\/ensino_medio1-768x512.jpg 768w, https:\/\/senoticias.com.br\/se\/wp-content\/uploads\/2019\/04\/ensino_medio1-1024x683.jpg 1024w, https:\/\/senoticias.com.br\/se\/wp-content\/uploads\/2019\/04\/ensino_medio1-90x60.jpg 90w, https:\/\/senoticias.com.br\/se\/wp-content\/uploads\/2019\/04\/ensino_medio1-180x120.jpg 180w, https:\/\/senoticias.com.br\/se\/wp-content\/uploads\/2019\/04\/ensino_medio1-95x64.jpg 95w\" sizes=\"(max-width: 1140px) 100vw, 1140px\" \/><\/a><p id=\"caption-attachment-117811\" class=\"wp-caption-text\">Imagem de Arquivo\/Ag\u00eancia Brasil<\/p><\/div>\n<p style=\"text-align: justify;\">&#8220;Diante das dificuldades verificadas, o MEC esclarece que n\u00e3o haver\u00e1 preju\u00edzo ao estudante para a contrata\u00e7\u00e3o do Fies. O prazo para valida\u00e7\u00e3o da inscri\u00e7\u00e3o pela institui\u00e7\u00e3o de ensino foi ampliado para o dia 5 de abril&#8221;, afirmou o minist\u00e9rio, em nota.<br \/>\nKaren Castro foi selecionada no dia 25 de fevereiro para cursar a faculdade. As aulas j\u00e1 haviam come\u00e7ado, mas ela levou ainda outros 20 dias para conseguir se matricular por causa da burocracia. No fim, perdeu um m\u00eas de aula e at\u00e9 hoje n\u00e3o assinou o contrato de financiamento com a Caixa.<\/p>\n<p style=\"text-align: justify;\">&#8220;Eu ainda n\u00e3o sei se vou perder ou n\u00e3o o semestre, se vai dar certo, e espero que d\u00ea. Eu t\u00f4 perdendo dinheiro indo pra faculdade, comprando almo\u00e7o, acordando cedo, tenho que pegar o \u00f4nibus 6h20. E sem a certeza se eu vou conseguir estudar ou n\u00e3o&#8221;, afirmou Karen, que aparece como &#8220;desistente&#8221; nos registros da faculdade (assista no v\u00eddeo acima).<\/p>\n<p style=\"text-align: justify;\">Entenda o problema<br \/>\nO resultado da chamada \u00fanica do Fies do primeiro semestre de 2019 foi divulgado em 25 de fevereiro. Inicialmente, o edital previa o per\u00edodo entre 26 de fevereiro a 7 de mar\u00e7o, para a fase de complementa\u00e7\u00e3o da inscri\u00e7\u00e3o, que \u00e9 quando os estudantes apresentam documentos mostrando que preenchem os requisitos para participar do programa.<\/p>\n<p style=\"text-align: justify;\">Por\u00e9m, quando os estudantes chegavam \u00e0 fase de efetivamente fechar o contrato do Fies com a Caixa Econ\u00f4mica Federal, eles s\u00e3o informados de que faltam informa\u00e7\u00f5es no cadastro para finalizar o processo.<\/p>\n<p style=\"text-align: justify;\">No m\u00eas passado, esse prazo j\u00e1 havia sido prorrogado at\u00e9 11 de mar\u00e7o. Agora, o MEC afirmou, em nota que adiaria novamente o prazo at\u00e9 a pr\u00f3xima sexta.<\/p>\n<p style=\"text-align: justify;\">O Fundo Nacional de Desenvolvimento da Educa\u00e7\u00e3o (FNDE) informou ao Jornal Nacional que foi identificado um problema sist\u00eamico, e que essa falha tem impedido a troca de informa\u00e7\u00f5es com o agente financeiro em rela\u00e7\u00e3o aos candidatos pr\u00e9-selecionados do Fies.<\/p>\n<p style=\"text-align: justify;\">O Fundo disse ainda, em nota divulgada nesta segunda-feira (1\u00ba), que casos de erros ou problemas no sistema podem levar o MEC ou os bancos operadores do programa a prorrogarem o prazo de conclus\u00e3o da inscri\u00e7\u00e3o at\u00e9 30 de junho (leia a \u00edntegra da nota no fim da reportagem).<\/p>\n<p style=\"text-align: justify;\">Estudantes sem matr\u00edcula<br \/>\nO programa oferece 100 mil contratos de financiamento em cursos de gradua\u00e7\u00e3o em universidades privadas e \u00e9 atrativo por n\u00e3o terem taxa de juros, al\u00e9m das condi\u00e7\u00f5es de pagamento do financiamento ap\u00f3s a conclus\u00e3o da gradua\u00e7\u00e3o.<\/p>\n<p style=\"text-align: justify;\">Mas, enquanto n\u00e3o conseguem resolver o problema, estudantes selecionadas a um contrato de financiamento do Fies neste semestre agora contam que correm o risco de sofrer preju\u00edzos acad\u00eamicos.<\/p>\n<p style=\"text-align: justify;\">&#8220;Eu t\u00f4 desde o dia 1\u00ba de mar\u00e7o tentando finalizar o meu contrato com a Caixa e eu n\u00e3o consigo&#8221;, reclamou a estudante Elen Alves. Luisa Bastos Lira tamb\u00e9m tem o mesmo problema. &#8220;Quanto tempo mais de aula a gente vai precisa perder at\u00e9 que eles resolvam esse erro? Qual vai ser o preju\u00edzo acad\u00eamico pra gente?&#8221;<\/p>\n<p style=\"text-align: justify;\">S\u00f3lon Caldas, diretor-executivo da Associa\u00e7\u00e3o Brasileira de Mantenedoras de Ensino Superior (Abmes), disse que a orienta\u00e7\u00e3o \u00e9 que as faculdades aceitem a matr\u00edcula dos alunos enquanto o problema n\u00e3o for resolvido. Mas ele admite muitos podem perder o semestre.<\/p>\n<p style=\"text-align: justify;\">&#8220;Os alunos que n\u00e3o est\u00e3o frequentando as aulas por um motivo qualquer, eles t\u00eam duas op\u00e7\u00f5es: ou ele vai reprovar o primeiro semestre por conta das faltas, ou ele pode ingressar a partir do segundo semestre. Essa \u00e9 a melhor op\u00e7\u00e3o.&#8221; &#8211; S\u00f3lon Caldas, diretor-executivo da Abmes<\/p>\n<p style=\"text-align: justify;\">Leia a \u00edntegra da nota do FNDE<br \/>\n&#8220;Foi identificado um problema sist\u00eamico que tem impedido a troca de informa\u00e7\u00f5es com o agente financeiro em rela\u00e7\u00e3o aos candidatos pr\u00e9-selecionados do Fies referente a este primeiro semestre de 2019. Nesse contexto, de acordo com o Edital SESU\/MEC n\u00ba 1, de 2.1.2019, item 6.2 das disposi\u00e7\u00f5es finais, os estudantes n\u00e3o ser\u00e3o prejudicados em rela\u00e7\u00e3o ao prazo para contrata\u00e7\u00e3o do financiamento tendo em vista que haver\u00e1 prorroga\u00e7\u00e3o e, assim, poder\u00e3o contratar normalmente o financiamento estudantil, desde que atendidos os demais requisitos para concess\u00e3o do financiamento, nos termos da Portaria MEC n\u00ba 209, de 2018, e dos normativos vigentes da modalidade Fies. Veja abaixo trecho de edital que aponta essa possibilidade:<\/p>\n<p style=\"text-align: justify;\">6.2. Exclusivamente para a modalidade Fies, em caso de erros ou da exist\u00eancia de \u00f3bices operacionais por parte da IES, da CPSA, do agente financeiro ou dos gestores do Fies, que resultem na perda de prazo para valida\u00e7\u00e3o da inscri\u00e7\u00e3o e contrata\u00e7\u00e3o do financiamento pelo CANDIDATO pr\u00e9-selecionado, a SESU\/MEC ou o agente operador do Fies, a depender do momento em que o erro ou \u00f3bice operacional for identificado, poder\u00e3o, at\u00e9 o dia 30 de junho de 2019, adotar as provid\u00eancias necess\u00e1rias \u00e0 prorroga\u00e7\u00e3o dos respectivos prazos, nos termos do art. 107 da Portaria MEC n\u00ba 209, de 2018, ap\u00f3s o recebimento e avalia\u00e7\u00e3o das justificativas apresentadas pela parte interessada e, se for o caso, autoriza\u00e7\u00e3o da SESu\/MEC sobre a exist\u00eancia de vagas.&#8221;<\/p>\n<p>&nbsp;<\/p>\n<p><a href=\"https:\/\/senoticias.com.br\/se\/wp-content\/uploads\/2019\/04\/Logomarca-fone-SE-4-2-1-1-1-1-1-1-1-2-3.jpg\"><img loading=\"lazy\" decoding=\"async\" class=\"aligncenter size-full wp-image-117793\" src=\"https:\/\/senoticias.com.br\/se\/wp-content\/uploads\/2019\/04\/Logomarca-fone-SE-4-2-1-1-1-1-1-1-1-2-3.jpg\" alt=\"\" width=\"599\" height=\"78\" srcset=\"https:\/\/senoticias.com.br\/se\/wp-content\/uploads\/2019\/04\/Logomarca-fone-SE-4-2-1-1-1-1-1-1-1-2-3.jpg 599w, https:\/\/senoticias.com.br\/se\/wp-content\/uploads\/2019\/04\/Logomarca-fone-SE-4-2-1-1-1-1-1-1-1-2-3-300x39.jpg 300w\" sizes=\"(max-width: 599px) 100vw, 599px\" \/><\/a><\/p>\n<p>&nbsp;<\/p>\n<p><em><strong>Acompanhe o SE Not\u00edcias no\u00a0<\/strong><a href=\"https:\/\/twitter.com\/Senoticias\" target=\"_blank\" rel=\"noopener\"><b>Twitter<\/b><\/a><strong>,\u00a0<\/strong><a href=\"https:\/\/www.facebook.com\/senoticias1\" target=\"_blank\" rel=\"noopener\"><b>Facebook\u00a0<\/b><\/a><strong>e no\u00a0<\/strong><a href=\"https:\/\/www.instagram.com\/senoticias\/\" target=\"_blank\" rel=\"noopener\"><b>Instagram<\/b><\/a><\/em><\/p>\n<p>&nbsp;<\/p>\n<p>Por G1 Sergipe<\/p>\n","protected":false},"excerpt":{"rendered":"<p>As falhas do Fundo de Financiamento Estudantil (Fies) fizeram o Minist\u00e9rio da Educa\u00e7\u00e3o (MEC) prorrogar at\u00e9 esta sexta-feira (5) o prazo para os estudantes selecionados na modalidade Fies conseguirem concluir sua inscri\u00e7\u00e3o no sistema. Milhares de universit\u00e1rios aprovados pelo programa est\u00e3o sem poder ir \u00e0 aula em universidades particulares por causa do problema, que tem [&hellip;]<\/p>\n","protected":false},"author":6557,"featured_media":0,"comment_status":"closed","ping_status":"closed","sticky":false,"template":"","format":"standard","meta":{"footnotes":""},"categories":[15,44],"tags":[11945],"class_list":{"0":"post-117810","1":"post","2":"type-post","3":"status-publish","4":"format-standard","6":"category-destaques","7":"category-educacao","8":"tag-fies-mec-inscricoes"},"_links":{"self":[{"href":"https:\/\/senoticias.com.br\/se\/wp-json\/wp\/v2\/posts\/117810"}],"collection":[{"href":"https:\/\/senoticias.com.br\/se\/wp-json\/wp\/v2\/posts"}],"about":[{"href":"https:\/\/senoticias.com.br\/se\/wp-json\/wp\/v2\/types\/post"}],"author":[{"embeddable":true,"href":"https:\/\/senoticias.com.br\/se\/wp-json\/wp\/v2\/users\/6557"}],"replies":[{"embeddable":true,"href":"https:\/\/senoticias.com.br\/se\/wp-json\/wp\/v2\/comments?post=117810"}],"version-history":[{"count":0,"href":"https:\/\/senoticias.com.br\/se\/wp-json\/wp\/v2\/posts\/117810\/revisions"}],"wp:attachment":[{"href":"https:\/\/senoticias.com.br\/se\/wp-json\/wp\/v2\/media?parent=117810"}],"wp:term":[{"taxonomy":"category","embeddable":true,"href":"https:\/\/senoticias.com.br\/se\/wp-json\/wp\/v2\/categories?post=117810"},{"taxonomy":"post_tag","embeddable":true,"href":"https:\/\/senoticias.com.br\/se\/wp-json\/wp\/v2\/tags?post=117810"}],"curies":[{"name":"wp","href":"https:\/\/api.w.org\/{rel}","templated":true}]}}