{"id":117808,"date":"2019-04-02T11:25:44","date_gmt":"2019-04-02T14:25:44","guid":{"rendered":"https:\/\/senoticias.com.br\/se\/?p=117808"},"modified":"2019-04-02T11:25:44","modified_gmt":"2019-04-02T14:25:44","slug":"sergipe-registra-uma-morte-por-acidente-de-trabalho-a-cada-21-dias","status":"publish","type":"post","link":"https:\/\/senoticias.com.br\/se\/sergipe-registra-uma-morte-por-acidente-de-trabalho-a-cada-21-dias\/","title":{"rendered":"Sergipe registra uma morte por acidente de trabalho a cada 21 dias"},"content":{"rendered":"<p style=\"text-align: justify;\">Dados do Observat\u00f3rio Digital de Sa\u00fade e Seguran\u00e7a do Trabalho apontam que Sergipe registrou 16.284 acidentes de trabalho, destes 8.433 aconteceram em Aracaju, entre os anos de 2012 e 2018. Os registros apontam que at\u00e9 o final do m\u00eas de mar\u00e7o, o estado contabilizou 221 mortes provocadas por acidentes de trabalho, o que representa uma morte a cada 21 dias.<\/p>\n<div id=\"attachment_117809\" style=\"width: 560px\" class=\"wp-caption aligncenter\"><a href=\"https:\/\/senoticias.com.br\/se\/wp-content\/uploads\/2019\/04\/acidente-de-trabalho-fotoportalinfonet-020419.jpg\"><img loading=\"lazy\" decoding=\"async\" aria-describedby=\"caption-attachment-117809\" class=\"size-full wp-image-117809\" src=\"https:\/\/senoticias.com.br\/se\/wp-content\/uploads\/2019\/04\/acidente-de-trabalho-fotoportalinfonet-020419.jpg\" alt=\"\" width=\"550\" height=\"330\" srcset=\"https:\/\/senoticias.com.br\/se\/wp-content\/uploads\/2019\/04\/acidente-de-trabalho-fotoportalinfonet-020419.jpg 550w, https:\/\/senoticias.com.br\/se\/wp-content\/uploads\/2019\/04\/acidente-de-trabalho-fotoportalinfonet-020419-300x180.jpg 300w\" sizes=\"(max-width: 550px) 100vw, 550px\" \/><\/a><p id=\"caption-attachment-117809\" class=\"wp-caption-text\">8.433 aconteceram em Aracaju, entre os anos de 2012 e 2018 (Foto: Arquivo Portal Infonet)<\/p><\/div>\n<p style=\"text-align: justify;\">Corte, lacera\u00e7\u00e3o, fratura, escoria\u00e7\u00e3o, contus\u00e3o e esmagamento s\u00e3o algumas das ocorr\u00eancias. No pa\u00eds foram 4,6 milh\u00f5es de acidentes registrados de 2012 at\u00e9 hoje, sendo quase 800 mil somente no ano passado. As atividades econ\u00f4micas mais frequentemente envolvidas s\u00e3o: atendimento hospitalar, constru\u00e7\u00e3o de edif\u00edcios e coleta de res\u00edduos n\u00e3o-perigosos.<\/p>\n<p style=\"text-align: justify;\">Para chamar a aten\u00e7\u00e3o da sociedade com o objetivo de mudar essa realidade, o Minist\u00e9rio P\u00fablico do Trabalho (MPT\/SE) e v\u00e1rios \u00f3rg\u00e3os parceiros realizam mais uma edi\u00e7\u00e3o do movimento Abril Verde. Pr\u00e9dios e monumentos ser\u00e3o iluminados de verde, em mem\u00f3ria das v\u00edtimas de acidentes e doen\u00e7as do trabalho.De acordo com o procurador do Trabalho, Alb\u00e9rico Neves, o impacto financeiro causado pelos acidentes de trabalho \u00e9 alt\u00edssimo. Entretanto, o que mais chama a aten\u00e7\u00e3o \u00e9 o impacto causado diretamente na vida das v\u00edtimas de acidentes de trabalho e adoecimentos laborais.<\/p>\n<p style=\"text-align: justify;\">O MPT\/SE tem atuado de forma preventiva e coercitiva. Foram realizadas a\u00e7\u00f5es que buscam sensibilizar e promover a preven\u00e7\u00e3o de acidentes. De janeiro de 2012 a mar\u00e7o de 2019, o MPT\/SE autuou 321 procedimentos investigativos para apurar causas de acidentes de trabalho. Nesse per\u00edodo 31 a\u00e7\u00f5es foram ajuizadas pelo MPT\/SE. O trabalhador que se sentir lesado pode procurar a institui\u00e7\u00e3o e formular uma den\u00fancia, n\u00e3o \u00e9 necess\u00e1rio que ele se identifique.<\/p>\n<p style=\"text-align: justify;\">Constru\u00e7\u00e3o Civil<\/p>\n<p style=\"text-align: justify;\">No Brasil a constru\u00e7\u00e3o civil \u00e9 o setor que mais tem acidentes fatais, amputa\u00e7\u00f5es, esmagamento, mas outras atividades econ\u00f4micas como o telemarketing e o com\u00e9rcio t\u00eam chamado a aten\u00e7\u00e3o de especialistas para um dado que tem crescido consideravelmente, os afastamentos por doen\u00e7as no trabalho. Nos \u00faltimos seis anos, Sergipe registrou 2.787 afastamentos por doen\u00e7as laborais.<\/p>\n<p>&nbsp;<\/p>\n<p><a href=\"https:\/\/senoticias.com.br\/se\/wp-content\/uploads\/2019\/04\/Logomarca-fone-SE-4-2-1-1-1-1-1-1-1-2-3.jpg\"><img loading=\"lazy\" decoding=\"async\" class=\"aligncenter size-full wp-image-117793\" src=\"https:\/\/senoticias.com.br\/se\/wp-content\/uploads\/2019\/04\/Logomarca-fone-SE-4-2-1-1-1-1-1-1-1-2-3.jpg\" alt=\"\" width=\"599\" height=\"78\" srcset=\"https:\/\/senoticias.com.br\/se\/wp-content\/uploads\/2019\/04\/Logomarca-fone-SE-4-2-1-1-1-1-1-1-1-2-3.jpg 599w, https:\/\/senoticias.com.br\/se\/wp-content\/uploads\/2019\/04\/Logomarca-fone-SE-4-2-1-1-1-1-1-1-1-2-3-300x39.jpg 300w\" sizes=\"(max-width: 599px) 100vw, 599px\" \/><\/a><\/p>\n<p>&nbsp;<\/p>\n<p><em><strong>Acompanhe o SE Not\u00edcias no\u00a0<\/strong><a href=\"https:\/\/twitter.com\/Senoticias\" target=\"_blank\" rel=\"noopener\"><b>Twitter<\/b><\/a><strong>,\u00a0<\/strong><a href=\"https:\/\/www.facebook.com\/senoticias1\" target=\"_blank\" rel=\"noopener\"><b>Facebook\u00a0<\/b><\/a><strong>e no\u00a0<\/strong><a href=\"https:\/\/www.instagram.com\/senoticias\/\" target=\"_blank\" rel=\"noopener\"><b>Instagram<\/b><\/a><\/em><\/p>\n<p>&nbsp;<\/p>\n<p>Por\u00a0MPT\/SE<\/p>\n","protected":false},"excerpt":{"rendered":"<p>Dados do Observat\u00f3rio Digital de Sa\u00fade e Seguran\u00e7a do Trabalho apontam que Sergipe registrou 16.284 acidentes de trabalho, destes 8.433 aconteceram em Aracaju, entre os anos de 2012 e 2018. Os registros apontam que at\u00e9 o final do m\u00eas de mar\u00e7o, o estado contabilizou 221 mortes provocadas por acidentes de trabalho, o que representa uma [&hellip;]<\/p>\n","protected":false},"author":6557,"featured_media":0,"comment_status":"closed","ping_status":"closed","sticky":false,"template":"","format":"standard","meta":{"footnotes":""},"categories":[15],"tags":[11944],"class_list":{"0":"post-117808","1":"post","2":"type-post","3":"status-publish","4":"format-standard","6":"category-destaques","7":"tag-acidente-de-trabalho-sergipe"},"_links":{"self":[{"href":"https:\/\/senoticias.com.br\/se\/wp-json\/wp\/v2\/posts\/117808"}],"collection":[{"href":"https:\/\/senoticias.com.br\/se\/wp-json\/wp\/v2\/posts"}],"about":[{"href":"https:\/\/senoticias.com.br\/se\/wp-json\/wp\/v2\/types\/post"}],"author":[{"embeddable":true,"href":"https:\/\/senoticias.com.br\/se\/wp-json\/wp\/v2\/users\/6557"}],"replies":[{"embeddable":true,"href":"https:\/\/senoticias.com.br\/se\/wp-json\/wp\/v2\/comments?post=117808"}],"version-history":[{"count":0,"href":"https:\/\/senoticias.com.br\/se\/wp-json\/wp\/v2\/posts\/117808\/revisions"}],"wp:attachment":[{"href":"https:\/\/senoticias.com.br\/se\/wp-json\/wp\/v2\/media?parent=117808"}],"wp:term":[{"taxonomy":"category","embeddable":true,"href":"https:\/\/senoticias.com.br\/se\/wp-json\/wp\/v2\/categories?post=117808"},{"taxonomy":"post_tag","embeddable":true,"href":"https:\/\/senoticias.com.br\/se\/wp-json\/wp\/v2\/tags?post=117808"}],"curies":[{"name":"wp","href":"https:\/\/api.w.org\/{rel}","templated":true}]}}