{"id":117806,"date":"2019-04-02T08:09:08","date_gmt":"2019-04-02T11:09:08","guid":{"rendered":"https:\/\/senoticias.com.br\/se\/?p=117806"},"modified":"2019-04-02T08:09:08","modified_gmt":"2019-04-02T11:09:08","slug":"peritos-sergipanos-participam-de-curso-sobre-analises-toxicologicas-em-sao-paulo","status":"publish","type":"post","link":"https:\/\/senoticias.com.br\/se\/peritos-sergipanos-participam-de-curso-sobre-analises-toxicologicas-em-sao-paulo\/","title":{"rendered":"Peritos sergipanos participam de curso sobre an\u00e1lises toxicol\u00f3gicas em S\u00e3o Paulo"},"content":{"rendered":"<p style=\"text-align: justify;\">Entre os dias 25 e 29 de mar\u00e7o, peritos de 11 estados brasileiros estiveram presentes na II Semana de Toxicologia Cl\u00ednica e Forense da Universidade Estadual de Campinas (Unicamp). O perito Ricardo Leal, do Instituto de An\u00e1lises e Pesquisas Forenses (IAPF), representou Sergipe, com o objetivo de aperfei\u00e7oar cada vez mais as atividades desempenhadas pelo instituto, no tocante \u00e0s an\u00e1lises e laudos de toxicologia.<\/p>\n<div id=\"attachment_117807\" style=\"width: 609px\" class=\"wp-caption aligncenter\"><a href=\"https:\/\/senoticias.com.br\/se\/wp-content\/uploads\/2019\/04\/peritos_br-e1554203166534.jpeg\"><img loading=\"lazy\" decoding=\"async\" aria-describedby=\"caption-attachment-117807\" class=\"size-full wp-image-117807\" src=\"https:\/\/senoticias.com.br\/se\/wp-content\/uploads\/2019\/04\/peritos_br-e1554203166534.jpeg\" alt=\"\" width=\"599\" height=\"449\" \/><\/a><p id=\"caption-attachment-117807\" class=\"wp-caption-text\">O treinamento foi ministrado pelo professor e doutor Hans Maurer, um dos principais nomes da toxicologia anal\u00edtica no mundo. (Foto: SSP\/SE)<\/p><\/div>\n<p style=\"text-align: justify;\">O curso foi realizado na Faculdade de Ci\u00eancias Farmac\u00eauticas (FCF) da Unicamp, em Campinas (SP), e teve como convidado o professor doutor Hans Maurer, da Universidade de Saarland, de Hamburgo, na Alemanha. O ministrante das instru\u00e7\u00f5es \u00e9 considerado um dos principais nomes da toxicologia anal\u00edtica do mundo, tendo mais de 400 artigos acad\u00eamicos publicados.<\/p>\n<p>&nbsp;<\/p>\n<p style=\"text-align: justify;\">O perito Ricardo Leal destacou a import\u00e2ncia do encontro entre peritos e o especialista, assim como do curso sobre an\u00e1lise toxicol\u00f3gica e forense; al\u00e9m da relev\u00e2ncia dos temas abordados para o trabalho di\u00e1rio no laborat\u00f3rio de toxicologia.<\/p>\n<p style=\"text-align: justify;\">\n<p style=\"text-align: justify;\">\u201cFoi uma oportunidade \u00fanica. Hans Maurer falou principalmente sobre t\u00e9cnicas que usamos no nosso trabalho de rotina e aprofundou os conhecimentos para que pud\u00e9ssemos analisar amostras de material biol\u00f3gico e investigar, como fazemos, se o indiv\u00edduo foi envenenado, se ingeriu \u00e1lcool, drogas ou medicamentos, e se de alguma forma isso pode ter provocado uma morte. O laborat\u00f3rio ganha agilidade e seguran\u00e7a nas an\u00e1lises de toxicologia forense\u201d, explicou.<\/p>\n<p style=\"text-align: justify;\">\n<p style=\"text-align: justify;\">O curso tamb\u00e9m contou com a participa\u00e7\u00e3o de peritos dos estados do Cear\u00e1, Bahia, Minas Gerais, Distrito Federal, Rio Grande do Norte, Par\u00e1, Santa Catarina, Rond\u00f4nia, Goi\u00e1s e S\u00e3o Paulo. Al\u00e9m de alunos de gradua\u00e7\u00e3o e p\u00f3s-gradua\u00e7\u00e3o da Faculdade de Ci\u00eancias M\u00e9dicas (FCM), da Unicamp.<\/p>\n<p>&nbsp;<\/p>\n<p>&nbsp;<\/p>\n<p><a href=\"https:\/\/senoticias.com.br\/se\/wp-content\/uploads\/2019\/04\/Logomarca-fone-SE-4-2-1-1-1-1-1-1-1-2-3.jpg\"><img loading=\"lazy\" decoding=\"async\" class=\"aligncenter size-full wp-image-117793\" src=\"https:\/\/senoticias.com.br\/se\/wp-content\/uploads\/2019\/04\/Logomarca-fone-SE-4-2-1-1-1-1-1-1-1-2-3.jpg\" alt=\"\" width=\"599\" height=\"78\" srcset=\"https:\/\/senoticias.com.br\/se\/wp-content\/uploads\/2019\/04\/Logomarca-fone-SE-4-2-1-1-1-1-1-1-1-2-3.jpg 599w, https:\/\/senoticias.com.br\/se\/wp-content\/uploads\/2019\/04\/Logomarca-fone-SE-4-2-1-1-1-1-1-1-1-2-3-300x39.jpg 300w\" sizes=\"(max-width: 599px) 100vw, 599px\" \/><\/a><\/p>\n<p>&nbsp;<\/p>\n<p>&nbsp;<\/p>\n<p><em><strong>Acompanhe o SE Not\u00edcias no\u00a0<\/strong><a href=\"https:\/\/twitter.com\/Senoticias\" target=\"_blank\" rel=\"noopener\"><b>Twitter<\/b><\/a><strong>,\u00a0<\/strong><a href=\"https:\/\/www.facebook.com\/senoticias1\" target=\"_blank\" rel=\"noopener\"><b>Facebook\u00a0<\/b><\/a><strong>e no\u00a0<\/strong><a href=\"https:\/\/www.instagram.com\/senoticias\/\" target=\"_blank\" rel=\"noopener\"><b>Instagram<\/b><\/a><\/em><\/p>\n<p><em>Informa\u00e7\u00f5es da Ascom\/SSP\/SE<\/em><\/p>\n","protected":false},"excerpt":{"rendered":"<p>Entre os dias 25 e 29 de mar\u00e7o, peritos de 11 estados brasileiros estiveram presentes na II Semana de Toxicologia Cl\u00ednica e Forense da Universidade Estadual de Campinas (Unicamp). O perito Ricardo Leal, do Instituto de An\u00e1lises e Pesquisas Forenses (IAPF), representou Sergipe, com o objetivo de aperfei\u00e7oar cada vez mais as atividades desempenhadas pelo [&hellip;]<\/p>\n","protected":false},"author":6552,"featured_media":117807,"comment_status":"closed","ping_status":"closed","sticky":false,"template":"","format":"standard","meta":{"footnotes":""},"categories":[15,7],"tags":[11943,5722,8359],"class_list":{"0":"post-117806","1":"post","2":"type-post","3":"status-publish","4":"format-standard","5":"has-post-thumbnail","7":"category-destaques","8":"category-policia","9":"tag-peritos-sergipanos","10":"tag-policia-civil-sergipe","11":"tag-sspse"},"_links":{"self":[{"href":"https:\/\/senoticias.com.br\/se\/wp-json\/wp\/v2\/posts\/117806"}],"collection":[{"href":"https:\/\/senoticias.com.br\/se\/wp-json\/wp\/v2\/posts"}],"about":[{"href":"https:\/\/senoticias.com.br\/se\/wp-json\/wp\/v2\/types\/post"}],"author":[{"embeddable":true,"href":"https:\/\/senoticias.com.br\/se\/wp-json\/wp\/v2\/users\/6552"}],"replies":[{"embeddable":true,"href":"https:\/\/senoticias.com.br\/se\/wp-json\/wp\/v2\/comments?post=117806"}],"version-history":[{"count":0,"href":"https:\/\/senoticias.com.br\/se\/wp-json\/wp\/v2\/posts\/117806\/revisions"}],"wp:featuredmedia":[{"embeddable":true,"href":"https:\/\/senoticias.com.br\/se\/wp-json\/wp\/v2\/media\/117807"}],"wp:attachment":[{"href":"https:\/\/senoticias.com.br\/se\/wp-json\/wp\/v2\/media?parent=117806"}],"wp:term":[{"taxonomy":"category","embeddable":true,"href":"https:\/\/senoticias.com.br\/se\/wp-json\/wp\/v2\/categories?post=117806"},{"taxonomy":"post_tag","embeddable":true,"href":"https:\/\/senoticias.com.br\/se\/wp-json\/wp\/v2\/tags?post=117806"}],"curies":[{"name":"wp","href":"https:\/\/api.w.org\/{rel}","templated":true}]}}