{"id":117802,"date":"2019-04-01T20:21:55","date_gmt":"2019-04-01T23:21:55","guid":{"rendered":"https:\/\/senoticias.com.br\/se\/?p=117802"},"modified":"2019-04-01T20:50:04","modified_gmt":"2019-04-01T23:50:04","slug":"em-sao-cristovao-prefeito-entrega-escola-com-salas-climatizadas-e-reforca-compromisso-com-a-educacao","status":"publish","type":"post","link":"https:\/\/senoticias.com.br\/se\/em-sao-cristovao-prefeito-entrega-escola-com-salas-climatizadas-e-reforca-compromisso-com-a-educacao\/","title":{"rendered":"Em S\u00e3o Crist\u00f3v\u00e3o, prefeito visita escolas com salas climatizadas e refor\u00e7a compromisso com a educa\u00e7\u00e3o"},"content":{"rendered":"<p style=\"text-align: justify;\">O prefeito Marcos Santana e a secret\u00e1ria de Educa\u00e7\u00e3o, Quit\u00e9ria Barros,\u00a0 visitaram na manh\u00e3 desta segunda-feira, 1\u00ba, a Escola Municipal de Ensino Fundamental Manoel Assun\u00e7\u00e3o, no povoado Parque Santa Rita, e a\u00a0Ensino Fundamental S\u00e3o Crist\u00f3v\u00e3o, Centro Hist\u00f3rico, e na ocasi\u00e3o entregaram os fardamentos aos estudantes.<\/p>\n<p style=\"text-align: justify;\">O prefeito Marcos Santana preocupado em garantir a qualidade da aprendizagem e um ambiente agrad\u00e1vel para os alunos est\u00e1 climatizando as salas de aula da rede municipal de ensino. A medida faz parte do projeto de melhoria da infraestrutura das unidades da rede.<\/p>\n<div id=\"attachment_117804\" style=\"width: 609px\" class=\"wp-caption aligncenter\"><a href=\"https:\/\/senoticias.com.br\/se\/wp-content\/uploads\/2019\/04\/p_i3e4b93a77755329028b9811e17fe49435ca23d6ad83509_21354237-e1554162097271.jpg\"><img loading=\"lazy\" decoding=\"async\" aria-describedby=\"caption-attachment-117804\" class=\"size-full wp-image-117804\" src=\"https:\/\/senoticias.com.br\/se\/wp-content\/uploads\/2019\/04\/p_i3e4b93a77755329028b9811e17fe49435ca23d6ad83509_21354237-e1554162097271.jpg\" alt=\"\" width=\"599\" height=\"338\" \/><\/a><p id=\"caption-attachment-117804\" class=\"wp-caption-text\">A escola do Parque Santa Rita agora conta com 5 salas de aula climatizadas (Foto: Heyltor Xavier\/PMSC)<\/p><\/div>\n<p style=\"text-align: justify;\">\u201cEstamos trazendo respeito para quem estuda e para os profissionais que trabalham em nossas escolas. N\u00f3s queremos e entendemos que a educa\u00e7\u00e3o \u00e9 fator fundamental para a transforma\u00e7\u00e3o da sociedade. Temos que fazer a nossa parte, garantindo as condi\u00e7\u00f5es necess\u00e1rias para que as crian\u00e7as e jovens adquiram conhecimento e sejam agentes de transforma\u00e7\u00e3o do pa\u00eds\u201d, enfatizou o prefeito Marcos Santana.<\/p>\n<div id=\"attachment_117805\" style=\"width: 609px\" class=\"wp-caption aligncenter\"><a href=\"https:\/\/senoticias.com.br\/se\/wp-content\/uploads\/2019\/04\/p_ic0585a35b145df89e67cbe804b3eb6ce5ca23d742c4e68_27344034.jpg\"><img loading=\"lazy\" decoding=\"async\" aria-describedby=\"caption-attachment-117805\" class=\"size-full wp-image-117805\" src=\"https:\/\/senoticias.com.br\/se\/wp-content\/uploads\/2019\/04\/p_ic0585a35b145df89e67cbe804b3eb6ce5ca23d742c4e68_27344034-e1554162240733.jpg\" alt=\"\" width=\"599\" height=\"337\" \/><\/a><p id=\"caption-attachment-117805\" class=\"wp-caption-text\">Prefeito de S\u00e3o Crist\u00f3v\u00e3o realiza realiza visita em escolas da rede municipal que foram climatizadas (Foto: Heytor Xavier\/PMSC)<\/p><\/div>\n<p style=\"text-align: justify;\">A EMEF Manoel Assun\u00e7\u00e3o no Parque Santa Rita, al\u00e9m de ser a primeira escola rural\u00a0climatizada de S\u00e3o Crist\u00f3v\u00e3o, acabou de passar pelo processo de nuclea\u00e7\u00e3o, que objetiva acabar com o ensino multisseriado, como explicou a secret\u00e1ria Quit\u00e9ria Barros.\u00a0\u201cNosso Ensino Fundamental o objetivo \u00e9 garantir aos alunos dos povoados, Parque Santa Rita, Timb\u00f3, Aldeia, Aningas, uma qualidade tanto no aprendizado quanto no ambiente. Foram investidos aproximadamente 220 mil reais na readequa\u00e7\u00e3o e na climatiza\u00e7\u00e3o das salas. Algumas coisas ainda ser\u00e3o finalizadas, mas j\u00e1 podemos perceber a satisfa\u00e7\u00e3o dos alunos e dos professores.\u201d<\/p>\n<p style=\"text-align: justify;\">Para o diretor da EMEF S\u00e3o Crist\u00f3v\u00e3o, Aril\u00facio Espinheiro Santos, as a\u00e7\u00f5es realizadas na educa\u00e7\u00e3o do munic\u00edpio ocorrem de maneira in\u00e9dita.\u00a0\u201cEstou na rede municipal h\u00e1 15 anos e posso afirmar que a climatiza\u00e7\u00e3o de salas de aula nunca aconteceu na cidade. Esse \u00e9 um fator que melhora muito no aprendizado do aluno. Percebo as salas mais silenciosas e uma maior concentra\u00e7\u00e3o dos alunos. Os professores tamb\u00e9m t\u00eam respondido positivamente e ficaram surpresos com a novidade\u201d. O diretor ainda falou sobre a distribui\u00e7\u00e3o dos fardamentos. \u201cN\u00e3o me recordo quando foi \u00e0 \u00faltima vez que foi distribu\u00eddo fardamento. A farda al\u00e9m de identificar, garante a seguran\u00e7a do aluno. N\u00f3s nos reunimos com os pais e recomendamos que seja priorizado o uso\u201d.<\/p>\n<p>&nbsp;<\/p>\n<p><a href=\"https:\/\/senoticias.com.br\/se\/wp-content\/uploads\/2019\/04\/Logomarca-fone-SE-4-2-1-1-1-1-1-1-1-2-3.jpg\"><img loading=\"lazy\" decoding=\"async\" class=\"aligncenter size-full wp-image-117793\" src=\"https:\/\/senoticias.com.br\/se\/wp-content\/uploads\/2019\/04\/Logomarca-fone-SE-4-2-1-1-1-1-1-1-1-2-3.jpg\" alt=\"\" width=\"599\" height=\"78\" srcset=\"https:\/\/senoticias.com.br\/se\/wp-content\/uploads\/2019\/04\/Logomarca-fone-SE-4-2-1-1-1-1-1-1-1-2-3.jpg 599w, https:\/\/senoticias.com.br\/se\/wp-content\/uploads\/2019\/04\/Logomarca-fone-SE-4-2-1-1-1-1-1-1-1-2-3-300x39.jpg 300w\" sizes=\"(max-width: 599px) 100vw, 599px\" \/><\/a><\/p>\n<p>&nbsp;<\/p>\n<p><em><strong>Acompanhe o SE Not\u00edcias no\u00a0<\/strong><a href=\"https:\/\/twitter.com\/Senoticias\" target=\"_blank\" rel=\"noopener\"><b>Twitter<\/b><\/a><strong>,\u00a0<\/strong><a href=\"https:\/\/www.facebook.com\/senoticias1\" target=\"_blank\" rel=\"noopener\"><b>Facebook\u00a0<\/b><\/a><strong>e no\u00a0<\/strong><a href=\"https:\/\/www.instagram.com\/senoticias\/\" target=\"_blank\" rel=\"noopener\"><b>Instagram<\/b><\/a><\/em><\/p>\n<p>&nbsp;<\/p>\n<p><em>Com informa\u00e7\u00f5es da ascom\/PMSC<\/em><\/p>\n","protected":false},"excerpt":{"rendered":"<p>O prefeito Marcos Santana e a secret\u00e1ria de Educa\u00e7\u00e3o, Quit\u00e9ria Barros,\u00a0 visitaram na manh\u00e3 desta segunda-feira, 1\u00ba, a Escola Municipal de Ensino Fundamental Manoel Assun\u00e7\u00e3o, no povoado Parque Santa Rita, e a\u00a0Ensino Fundamental S\u00e3o Crist\u00f3v\u00e3o, Centro Hist\u00f3rico, e na ocasi\u00e3o entregaram os fardamentos aos estudantes. O prefeito Marcos Santana preocupado em garantir a qualidade da [&hellip;]<\/p>\n","protected":false},"author":6552,"featured_media":117804,"comment_status":"closed","ping_status":"closed","sticky":false,"template":"","format":"standard","meta":{"footnotes":""},"categories":[15,38,1],"tags":[11942,4589,81],"class_list":{"0":"post-117802","1":"post","2":"type-post","3":"status-publish","4":"format-standard","5":"has-post-thumbnail","7":"category-destaques","8":"category-municipios","9":"category-sem-categoria","10":"tag-escolas-climatizadas","11":"tag-prefeito-marcos-santana","12":"tag-prefeitura-de-sao-cristovao"},"_links":{"self":[{"href":"https:\/\/senoticias.com.br\/se\/wp-json\/wp\/v2\/posts\/117802"}],"collection":[{"href":"https:\/\/senoticias.com.br\/se\/wp-json\/wp\/v2\/posts"}],"about":[{"href":"https:\/\/senoticias.com.br\/se\/wp-json\/wp\/v2\/types\/post"}],"author":[{"embeddable":true,"href":"https:\/\/senoticias.com.br\/se\/wp-json\/wp\/v2\/users\/6552"}],"replies":[{"embeddable":true,"href":"https:\/\/senoticias.com.br\/se\/wp-json\/wp\/v2\/comments?post=117802"}],"version-history":[{"count":0,"href":"https:\/\/senoticias.com.br\/se\/wp-json\/wp\/v2\/posts\/117802\/revisions"}],"wp:featuredmedia":[{"embeddable":true,"href":"https:\/\/senoticias.com.br\/se\/wp-json\/wp\/v2\/media\/117804"}],"wp:attachment":[{"href":"https:\/\/senoticias.com.br\/se\/wp-json\/wp\/v2\/media?parent=117802"}],"wp:term":[{"taxonomy":"category","embeddable":true,"href":"https:\/\/senoticias.com.br\/se\/wp-json\/wp\/v2\/categories?post=117802"},{"taxonomy":"post_tag","embeddable":true,"href":"https:\/\/senoticias.com.br\/se\/wp-json\/wp\/v2\/tags?post=117802"}],"curies":[{"name":"wp","href":"https:\/\/api.w.org\/{rel}","templated":true}]}}