{"id":117747,"date":"2019-03-29T07:43:49","date_gmt":"2019-03-29T10:43:49","guid":{"rendered":"https:\/\/senoticias.com.br\/se\/?p=117747"},"modified":"2019-03-29T07:43:49","modified_gmt":"2019-03-29T10:43:49","slug":"abril-tera-chuvas-constantes-e-temperaturas-caracteristicas-do-outono","status":"publish","type":"post","link":"https:\/\/senoticias.com.br\/se\/abril-tera-chuvas-constantes-e-temperaturas-caracteristicas-do-outono\/","title":{"rendered":"Abril ter\u00e1 chuvas constantes e temperaturas caracter\u00edsticas do Outono"},"content":{"rendered":"<p style=\"text-align: justify;\">O outono come\u00e7ou h\u00e1 uma semana, mas ainda guarda algumas semelhan\u00e7as com o Ver\u00e3o. Segundo o meteorologista Overland Amaral, \u00e9 comum que as primeiras semanas do outono apresentem caracter\u00edsticas ligadas \u00e0 esta\u00e7\u00e3o mais quente do ano, como altas temperaturas, poucas chuvas e tempo abafado. Overland destaca que somente em meados de abril as caracter\u00edsticas do outono estar\u00e3o mais acentuadas.<\/p>\n<div id=\"attachment_117748\" style=\"width: 609px\" class=\"wp-caption aligncenter\"><a href=\"https:\/\/senoticias.com.br\/se\/wp-content\/uploads\/2019\/03\/outono-chuvas-constantes-foto-arquivo-infonet-28032019-e1553856083138.jpg\"><img loading=\"lazy\" decoding=\"async\" aria-describedby=\"caption-attachment-117748\" class=\"size-full wp-image-117748\" src=\"https:\/\/senoticias.com.br\/se\/wp-content\/uploads\/2019\/03\/outono-chuvas-constantes-foto-arquivo-infonet-28032019-e1553856083138.jpg\" alt=\"\" width=\"599\" height=\"398\" \/><\/a><p id=\"caption-attachment-117748\" class=\"wp-caption-text\">O meteorologista diz a partir do m\u00eas de abril o outono ter\u00e1 \u201ccaracter\u00edsticas pr\u00f3prias\u201d (Foto: arquivo\/Portal Infonet)<\/p><\/div>\n<p style=\"text-align: justify;\">\u201c\u00c9 comum que nessa fase de transi\u00e7\u00e3o uma esta\u00e7\u00e3o ainda mantenha caracter\u00edsticas da anterior\u201d, destaca Overland. O meteorologista diz a partir do m\u00eas de abril o outono ter\u00e1 \u201ccaracter\u00edsticas pr\u00f3prias\u201d, assumindo o protagonismo, de fato, da esta\u00e7\u00e3o.\u201cEu acredito que a partir da primeira quinzena de abril o outono ter\u00e1 chuvas intensas e constantes, com temperaturas amenas\u201d, informa. Overland prev\u00ea que a partir do pr\u00f3ximo m\u00eas os term\u00f4metros ir\u00e3o oscilar entre 25\u00baC e 27\u00baC. \u201cA tend\u00eancia \u00e9 que essas temperaturas sigam assim durante todo o m\u00eas\u201d, destaca.<\/p>\n<p style=\"text-align: justify;\">A partir do m\u00eas de maio, Overland reitera que as chuvas poder\u00e3o ficar ainda mais constantes em virtude da aproxima\u00e7\u00e3o do inverno. \u201cO fen\u00f4meno de transi\u00e7\u00e3o tende a se repetir, ou seja, carater\u00edsticas do inverno podem se manifestar ainda no outono\u201d, avalia. O meteorologista brinca ainda dizendo que a colheita do milho para as festividades do S\u00e3o Jo\u00e3o est\u00e1 garantida. \u201cO fato de n\u00e3o ter chovido no dia de S\u00e3o Jos\u00e9 n\u00e3o ir\u00e1 afetar a colheita. Essa \u00e9 uma cren\u00e7a popular que est\u00e1 mais ligada \u00e0s colheitas do norte do nordeste, como o Cear\u00e1\u201d, diz.<\/p>\n<p>&nbsp;<\/p>\n<p><a href=\"https:\/\/senoticias.com.br\/se\/wp-content\/uploads\/2019\/03\/Logomarca-fone-SE-4-2-1-1-1-1-1-1-1-2-3.jpg\"><img loading=\"lazy\" decoding=\"async\" class=\"aligncenter size-full wp-image-117663\" src=\"https:\/\/senoticias.com.br\/se\/wp-content\/uploads\/2019\/03\/Logomarca-fone-SE-4-2-1-1-1-1-1-1-1-2-3.jpg\" alt=\"\" width=\"599\" height=\"78\" srcset=\"https:\/\/senoticias.com.br\/se\/wp-content\/uploads\/2019\/03\/Logomarca-fone-SE-4-2-1-1-1-1-1-1-1-2-3.jpg 599w, https:\/\/senoticias.com.br\/se\/wp-content\/uploads\/2019\/03\/Logomarca-fone-SE-4-2-1-1-1-1-1-1-1-2-3-300x39.jpg 300w\" sizes=\"(max-width: 599px) 100vw, 599px\" \/><\/a><\/p>\n<p><a href=\"https:\/\/senoticias.com.br\/se\/wp-content\/uploads\/2019\/03\/Logomarca-fone-SE-4-2-1-1-1-1-1-1-1-2-3.jpg\"><em><strong>Acompanhe o SE Not\u00edcias no\u00a0<\/strong><a href=\"https:\/\/twitter.com\/Senoticias\" target=\"_blank\" rel=\"noopener\"><b>Twitter<\/b><\/a><strong>,\u00a0<\/strong><a href=\"https:\/\/www.facebook.com\/senoticias1\" target=\"_blank\" rel=\"noopener\"><b>Facebook\u00a0<\/b><\/a><strong>e no\u00a0<\/strong><b><a href=\"https:\/\/www.instagram.com\/senoticias\/\" target=\"_blank\" rel=\"noopener\">Instagram<\/a><\/b><\/em><\/a><\/p>\n<p>&nbsp;<\/p>\n<p>Por\u00a0\u00a0Jo\u00e3o Paulo Schneider<\/p>\n","protected":false},"excerpt":{"rendered":"<p>O outono come\u00e7ou h\u00e1 uma semana, mas ainda guarda algumas semelhan\u00e7as com o Ver\u00e3o. Segundo o meteorologista Overland Amaral, \u00e9 comum que as primeiras semanas do outono apresentem caracter\u00edsticas ligadas \u00e0 esta\u00e7\u00e3o mais quente do ano, como altas temperaturas, poucas chuvas e tempo abafado. Overland destaca que somente em meados de abril as caracter\u00edsticas do [&hellip;]<\/p>\n","protected":false},"author":6557,"featured_media":0,"comment_status":"closed","ping_status":"closed","sticky":false,"template":"","format":"standard","meta":{"footnotes":""},"categories":[15],"tags":[],"class_list":{"0":"post-117747","1":"post","2":"type-post","3":"status-publish","4":"format-standard","6":"category-destaques"},"_links":{"self":[{"href":"https:\/\/senoticias.com.br\/se\/wp-json\/wp\/v2\/posts\/117747"}],"collection":[{"href":"https:\/\/senoticias.com.br\/se\/wp-json\/wp\/v2\/posts"}],"about":[{"href":"https:\/\/senoticias.com.br\/se\/wp-json\/wp\/v2\/types\/post"}],"author":[{"embeddable":true,"href":"https:\/\/senoticias.com.br\/se\/wp-json\/wp\/v2\/users\/6557"}],"replies":[{"embeddable":true,"href":"https:\/\/senoticias.com.br\/se\/wp-json\/wp\/v2\/comments?post=117747"}],"version-history":[{"count":0,"href":"https:\/\/senoticias.com.br\/se\/wp-json\/wp\/v2\/posts\/117747\/revisions"}],"wp:attachment":[{"href":"https:\/\/senoticias.com.br\/se\/wp-json\/wp\/v2\/media?parent=117747"}],"wp:term":[{"taxonomy":"category","embeddable":true,"href":"https:\/\/senoticias.com.br\/se\/wp-json\/wp\/v2\/categories?post=117747"},{"taxonomy":"post_tag","embeddable":true,"href":"https:\/\/senoticias.com.br\/se\/wp-json\/wp\/v2\/tags?post=117747"}],"curies":[{"name":"wp","href":"https:\/\/api.w.org\/{rel}","templated":true}]}}