{"id":117745,"date":"2019-03-29T07:28:07","date_gmt":"2019-03-29T10:28:07","guid":{"rendered":"https:\/\/senoticias.com.br\/se\/?p=117745"},"modified":"2019-03-29T07:28:07","modified_gmt":"2019-03-29T10:28:07","slug":"stj-concede-liminar-em-favor-do-genro-do-prefeito-de-lagarto","status":"publish","type":"post","link":"https:\/\/senoticias.com.br\/se\/stj-concede-liminar-em-favor-do-genro-do-prefeito-de-lagarto\/","title":{"rendered":"STJ concede liminar em favor do genro do prefeito de Lagarto"},"content":{"rendered":"<p style=\"text-align: justify;\">O Superior Tribunal de Justi\u00e7a (STJ) concedeu no final da tarde de quinta-feira (28) liminar em favor de Igor Ribeiro Costa Arag\u00e3o, que \u00e9 genro do prefeito de Lagarto, Valmir Monteiro. Igor foi preso na opera\u00e7\u00e3o que investigou desvio de verbas p\u00fablicas no matadouro do munic\u00edpio de Lagarto.<\/p>\n<div id=\"attachment_117746\" style=\"width: 609px\" class=\"wp-caption aligncenter\"><a href=\"https:\/\/senoticias.com.br\/se\/wp-content\/uploads\/2019\/03\/Foto-Garcia-Advocacia-1-700x460-e1553855194544.jpg\"><img loading=\"lazy\" decoding=\"async\" aria-describedby=\"caption-attachment-117746\" class=\"size-full wp-image-117746\" src=\"https:\/\/senoticias.com.br\/se\/wp-content\/uploads\/2019\/03\/Foto-Garcia-Advocacia-1-700x460-e1553855194544.jpg\" alt=\"\" width=\"599\" height=\"394\" \/><\/a><p id=\"caption-attachment-117746\" class=\"wp-caption-text\">Foto: Garcia-Advocacia<\/p><\/div>\n<p style=\"text-align: justify;\">O advogado de defesa, Guilherme Maluf, disse que com essa decis\u00e3o, Igor poder\u00e1 ser solto assim ela for comunicada ao Tribunal de Justi\u00e7a para expedi\u00e7\u00e3o do alvar\u00e1 de soltura. O advogado espera que isso ocorra ainda na manh\u00e3 de hoje.<\/p>\n<p style=\"text-align: justify;\">As investiga\u00e7\u00f5es do Minist\u00e9rio P\u00fablico Estadual mostram que parte do dinheiro era repassado diretamente para o prefeito Valmir Monteiro sem a emiss\u00e3o de documento de arrecada\u00e7\u00e3o ou qualquer tipo de imposto.<\/p>\n<p style=\"text-align: justify;\">De acordo com a defesa, Igor est\u00e1 preso na 8\u00aa Delegacia Metropolitana, em Aracaju, desde o dia 22 de fevereiro. J\u00e1 o prefeito Valmir Monteiro, est\u00e1 no Pres\u00eddio Militar.<\/p>\n<p>&nbsp;<\/p>\n<p><a href=\"https:\/\/senoticias.com.br\/se\/wp-content\/uploads\/2019\/03\/Logomarca-fone-SE-4-2-1-1-1-1-1-1-1-2-3.jpg\"><img loading=\"lazy\" decoding=\"async\" class=\"aligncenter size-full wp-image-117663\" src=\"https:\/\/senoticias.com.br\/se\/wp-content\/uploads\/2019\/03\/Logomarca-fone-SE-4-2-1-1-1-1-1-1-1-2-3.jpg\" alt=\"\" width=\"599\" height=\"78\" srcset=\"https:\/\/senoticias.com.br\/se\/wp-content\/uploads\/2019\/03\/Logomarca-fone-SE-4-2-1-1-1-1-1-1-1-2-3.jpg 599w, https:\/\/senoticias.com.br\/se\/wp-content\/uploads\/2019\/03\/Logomarca-fone-SE-4-2-1-1-1-1-1-1-1-2-3-300x39.jpg 300w\" sizes=\"(max-width: 599px) 100vw, 599px\" \/><\/a><\/p>\n<p>&nbsp;<\/p>\n<p><em><strong>Acompanhe o SE Not\u00edcias no\u00a0<\/strong><a href=\"https:\/\/twitter.com\/Senoticias\" target=\"_blank\" rel=\"noopener\"><b>Twitter<\/b><\/a><strong>,\u00a0<\/strong><a href=\"https:\/\/www.facebook.com\/senoticias1\" target=\"_blank\" rel=\"noopener\"><b>Facebook\u00a0<\/b><\/a><strong>e no\u00a0<\/strong><b><a href=\"https:\/\/www.instagram.com\/senoticias\/\" target=\"_blank\" rel=\"noopener\">Instagram<\/a><\/b><\/em><\/p>\n<p>&nbsp;<\/p>\n<p>Por G1 Sergipe<\/p>\n","protected":false},"excerpt":{"rendered":"<p>O Superior Tribunal de Justi\u00e7a (STJ) concedeu no final da tarde de quinta-feira (28) liminar em favor de Igor Ribeiro Costa Arag\u00e3o, que \u00e9 genro do prefeito de Lagarto, Valmir Monteiro. Igor foi preso na opera\u00e7\u00e3o que investigou desvio de verbas p\u00fablicas no matadouro do munic\u00edpio de Lagarto. O advogado de defesa, Guilherme Maluf, disse [&hellip;]<\/p>\n","protected":false},"author":6557,"featured_media":0,"comment_status":"closed","ping_status":"closed","sticky":false,"template":"","format":"standard","meta":{"footnotes":""},"categories":[15],"tags":[],"class_list":{"0":"post-117745","1":"post","2":"type-post","3":"status-publish","4":"format-standard","6":"category-destaques"},"_links":{"self":[{"href":"https:\/\/senoticias.com.br\/se\/wp-json\/wp\/v2\/posts\/117745"}],"collection":[{"href":"https:\/\/senoticias.com.br\/se\/wp-json\/wp\/v2\/posts"}],"about":[{"href":"https:\/\/senoticias.com.br\/se\/wp-json\/wp\/v2\/types\/post"}],"author":[{"embeddable":true,"href":"https:\/\/senoticias.com.br\/se\/wp-json\/wp\/v2\/users\/6557"}],"replies":[{"embeddable":true,"href":"https:\/\/senoticias.com.br\/se\/wp-json\/wp\/v2\/comments?post=117745"}],"version-history":[{"count":0,"href":"https:\/\/senoticias.com.br\/se\/wp-json\/wp\/v2\/posts\/117745\/revisions"}],"wp:attachment":[{"href":"https:\/\/senoticias.com.br\/se\/wp-json\/wp\/v2\/media?parent=117745"}],"wp:term":[{"taxonomy":"category","embeddable":true,"href":"https:\/\/senoticias.com.br\/se\/wp-json\/wp\/v2\/categories?post=117745"},{"taxonomy":"post_tag","embeddable":true,"href":"https:\/\/senoticias.com.br\/se\/wp-json\/wp\/v2\/tags?post=117745"}],"curies":[{"name":"wp","href":"https:\/\/api.w.org\/{rel}","templated":true}]}}