{"id":117738,"date":"2019-03-28T20:21:29","date_gmt":"2019-03-28T23:21:29","guid":{"rendered":"https:\/\/senoticias.com.br\/se\/?p=117738"},"modified":"2019-03-28T20:29:57","modified_gmt":"2019-03-28T23:29:57","slug":"prefeitura-de-sao-cristovao-antecipa-pagamento-dos-salarios-de-marco-para-esta-sexta-feira-29","status":"publish","type":"post","link":"https:\/\/senoticias.com.br\/se\/prefeitura-de-sao-cristovao-antecipa-pagamento-dos-salarios-de-marco-para-esta-sexta-feira-29\/","title":{"rendered":"Prefeitura de S\u00e3o Crist\u00f3v\u00e3o antecipa pagamento de sal\u00e1rios dos servidores de mar\u00e7o para esta sexta-feira, 29"},"content":{"rendered":"<p style=\"text-align: justify;\">A Prefeitura de S\u00e3o Crist\u00f3v\u00e3o realiza nesta sexta-feira, 29, de forma antecipada, o pagamento dos sal\u00e1rios de mar\u00e7o de todos os servidores.<\/p>\n<p style=\"text-align: justify;\">O prefeito Marcos Santana antecipou para esta sexta-feira, 29, o pagamento dos servidores municipais referente ao m\u00eas de mar\u00e7o, que estava previsto no calend\u00e1rio oficial para o dia 31 de mar\u00e7o. Desta forma, mesmo com a crise econ\u00f4mica que assola o pa\u00eds, o prefeito reafirma o compromisso com o funcionalismo p\u00fablico de manter os sal\u00e1rios em dia e at\u00e9 mesmo, em alguns meses, antecipando os vencimentos.<\/p>\n<div id=\"attachment_117629\" style=\"width: 609px\" class=\"wp-caption alignnone\"><a href=\"https:\/\/senoticias.com.br\/se\/wp-content\/uploads\/2019\/03\/Marcos-Santana-autoriza-constru\u00e7\u00e3o-de-ponte-Camboata-e-Carit\u00e1-e1553192344486.jpeg\"><img loading=\"lazy\" decoding=\"async\" aria-describedby=\"caption-attachment-117629\" class=\"size-full wp-image-117629\" src=\"https:\/\/senoticias.com.br\/se\/wp-content\/uploads\/2019\/03\/Marcos-Santana-autoriza-constru\u00e7\u00e3o-de-ponte-Camboata-e-Carit\u00e1-e1553192344486.jpeg\" alt=\"\" width=\"599\" height=\"558\" \/><\/a><p id=\"caption-attachment-117629\" class=\"wp-caption-text\">Prefeito Marcos Santana tem honrado o compromisso de pagar o funcionalismo municipal em dia. (Foto: Heytor Xavier\/PMSC)<\/p><\/div>\n<p style=\"text-align: justify;\">&#8220;Gra\u00e7as ao bom planejamento financeiro da nossa gest\u00e3o, estamos conseguindo, mais uma vez, fazer o pagamento de todos os servidores dentro do m\u00eas trabalhado. Isto \u00e9 fruto de muito trabalho de nossa gest\u00e3o que vem, mesmo com as adversidades econ\u00f4micas que o pa\u00eds atravessa, mantendo os sal\u00e1rios de nossos servidores em dia, pois acreditamos que este \u00e9 um grande est\u00edmulo para prestarmos um servi\u00e7o de qualidade para a nossa popula\u00e7\u00e3o, bem como fazer a economia da cidade girar&#8221;, destacou o prefeito.<\/p>\n<p style=\"text-align: justify;\">Segundo o secret\u00e1rio da Fazenda Eldro Fran\u00e7a, o pagamento representa uma inje\u00e7\u00e3o de mais R$ 4,2 milh\u00f5es na economia local.<\/p>\n<p style=\"text-align: justify;\">O pagamento estar\u00e1 \u00e0 disposi\u00e7\u00e3o dos funcion\u00e1rios da prefeitura, a partir das 12 horas nas ag\u00eancias banc\u00e1rias da Caixa Econ\u00f4mica Federal.<\/p>\n<p>&nbsp;<\/p>\n<p><a href=\"https:\/\/senoticias.com.br\/se\/wp-content\/uploads\/2019\/03\/Logomarca-fone-SE-4-2-1-1-1-1-1-1-1-2-2.jpg\"><img loading=\"lazy\" decoding=\"async\" class=\"alignnone size-full wp-image-117617\" src=\"https:\/\/senoticias.com.br\/se\/wp-content\/uploads\/2019\/03\/Logomarca-fone-SE-4-2-1-1-1-1-1-1-1-2-2.jpg\" alt=\"\" width=\"599\" height=\"78\" srcset=\"https:\/\/senoticias.com.br\/se\/wp-content\/uploads\/2019\/03\/Logomarca-fone-SE-4-2-1-1-1-1-1-1-1-2-2.jpg 599w, https:\/\/senoticias.com.br\/se\/wp-content\/uploads\/2019\/03\/Logomarca-fone-SE-4-2-1-1-1-1-1-1-1-2-2-300x39.jpg 300w\" sizes=\"(max-width: 599px) 100vw, 599px\" \/><\/a><\/p>\n<p style=\"text-align: justify;\"><em><strong>Acompanhe o SE Not\u00edcias no\u00a0<\/strong><a href=\"https:\/\/twitter.com\/Senoticias\" target=\"_blank\" rel=\"noopener\"><b>Twitter<\/b><\/a><strong>,\u00a0<\/strong><a href=\"https:\/\/www.facebook.com\/senoticias1\" target=\"_blank\" rel=\"noopener\"><b>Facebook\u00a0<\/b><\/a><strong>e no\u00a0<\/strong><a href=\"https:\/\/www.instagram.com\/senoticias\/\" target=\"_blank\" rel=\"noopener\"><b>Instagram<\/b><\/a><\/em><\/p>\n<p>&nbsp;<\/p>\n<p><em>Reda\u00e7\u00e3o SE Not\u00edcias<\/em><\/p>\n","protected":false},"excerpt":{"rendered":"<p>A Prefeitura de S\u00e3o Crist\u00f3v\u00e3o realiza nesta sexta-feira, 29, de forma antecipada, o pagamento dos sal\u00e1rios de mar\u00e7o de todos os servidores. O prefeito Marcos Santana antecipou para esta sexta-feira, 29, o pagamento dos servidores municipais referente ao m\u00eas de mar\u00e7o, que estava previsto no calend\u00e1rio oficial para o dia 31 de mar\u00e7o. Desta forma, [&hellip;]<\/p>\n","protected":false},"author":6552,"featured_media":117629,"comment_status":"closed","ping_status":"closed","sticky":false,"template":"","format":"standard","meta":{"footnotes":""},"categories":[15,38],"tags":[4589,81,11910],"class_list":{"0":"post-117738","1":"post","2":"type-post","3":"status-publish","4":"format-standard","5":"has-post-thumbnail","7":"category-destaques","8":"category-municipios","9":"tag-prefeito-marcos-santana","10":"tag-prefeitura-de-sao-cristovao","11":"tag-salario-de-marco"},"_links":{"self":[{"href":"https:\/\/senoticias.com.br\/se\/wp-json\/wp\/v2\/posts\/117738"}],"collection":[{"href":"https:\/\/senoticias.com.br\/se\/wp-json\/wp\/v2\/posts"}],"about":[{"href":"https:\/\/senoticias.com.br\/se\/wp-json\/wp\/v2\/types\/post"}],"author":[{"embeddable":true,"href":"https:\/\/senoticias.com.br\/se\/wp-json\/wp\/v2\/users\/6552"}],"replies":[{"embeddable":true,"href":"https:\/\/senoticias.com.br\/se\/wp-json\/wp\/v2\/comments?post=117738"}],"version-history":[{"count":0,"href":"https:\/\/senoticias.com.br\/se\/wp-json\/wp\/v2\/posts\/117738\/revisions"}],"wp:featuredmedia":[{"embeddable":true,"href":"https:\/\/senoticias.com.br\/se\/wp-json\/wp\/v2\/media\/117629"}],"wp:attachment":[{"href":"https:\/\/senoticias.com.br\/se\/wp-json\/wp\/v2\/media?parent=117738"}],"wp:term":[{"taxonomy":"category","embeddable":true,"href":"https:\/\/senoticias.com.br\/se\/wp-json\/wp\/v2\/categories?post=117738"},{"taxonomy":"post_tag","embeddable":true,"href":"https:\/\/senoticias.com.br\/se\/wp-json\/wp\/v2\/tags?post=117738"}],"curies":[{"name":"wp","href":"https:\/\/api.w.org\/{rel}","templated":true}]}}