{"id":117667,"date":"2019-03-25T10:22:55","date_gmt":"2019-03-25T13:22:55","guid":{"rendered":"https:\/\/senoticias.com.br\/se\/?p=117667"},"modified":"2019-03-25T19:37:42","modified_gmt":"2019-03-25T22:37:42","slug":"presidente-da-camara-indica-que-vai-tirar-pacote-anticrime-de-moro-da-agenda","status":"publish","type":"post","link":"https:\/\/senoticias.com.br\/se\/presidente-da-camara-indica-que-vai-tirar-pacote-anticrime-de-moro-da-agenda\/","title":{"rendered":"Presidente da C\u00e2mara indica que vai tirar pacote anticrime de Moro da agenda"},"content":{"rendered":"<p style=\"text-align: justify;\">S\u00e3o Paulo \u2013 O presidente da C\u00e2mara Federal, Rodrigo Maia, \u201cdeu a entender neste s\u00e1bado (23) que o pacote anticrime do ministro da Justi\u00e7a, S\u00e9rgio Moro, est\u00e1 fora da agenda e n\u00e3o ter\u00e1 vez na Casa t\u00e3o cedo\u201d, informou o UOL, em not\u00edcia neste domingo, que traz desdobramentos do conflito entre Maia e o presidente Jair Bolsonaro em torno da tramita\u00e7\u00e3o da proposta de reforma da Previd\u00eancia.<\/p>\n<div id=\"attachment_117668\" style=\"width: 609px\" class=\"wp-caption aligncenter\"><a href=\"https:\/\/senoticias.com.br\/se\/wp-content\/uploads\/2019\/03\/15152a1e-1afe-47f6-9e15-86d25cd8de3e-e1553520012877.jpeg\"><img loading=\"lazy\" decoding=\"async\" aria-describedby=\"caption-attachment-117668\" class=\"size-full wp-image-117668\" src=\"https:\/\/senoticias.com.br\/se\/wp-content\/uploads\/2019\/03\/15152a1e-1afe-47f6-9e15-86d25cd8de3e-e1553520012877.jpeg\" alt=\"\" width=\"599\" height=\"376\" \/><\/a><p id=\"caption-attachment-117668\" class=\"wp-caption-text\">Foto: Fabio Rodrigues Pozzebom, ag\u00eancia Brasil.<\/p><\/div>\n<p style=\"text-align: justify;\">Depois de almo\u00e7o ontem com o governador de S\u00e3o Paulo, Jo\u00e3o Doria, o presidente da C\u00e2mara afirmou que sua agenda \u00e9 a reforma da Previd\u00eancia, seguida da reforma Tribut\u00e1ria e da repactua\u00e7\u00e3o do Estado brasileiro. Maia tamb\u00e9m sustentou que o objetivo maior desse processo \u00e9 organizar as contas do Estado, segundo o UOL.<\/p>\n<p style=\"text-align: justify;\">Ontem, ao criticar o governo, Maia afirmou: &#8220;N\u00e3o uso minhas redes sociais para agredir ningu\u00e9m, e sim para apresentar propostas, ideias e discuss\u00f5es para a sociedade&#8221;, em refer\u00eancia ao Twitter do presidente Jair Bolsonaro (PSL).<\/p>\n<p style=\"text-align: justify;\">Tamb\u00e9m ontem, o jornal O Estado de S.Paulo publicou entrevista com o presidente da C\u00e2mara, na qual ele criticou o governo como \u201cum deserto de ideias\u201d.<\/p>\n<p style=\"text-align: justify;\">Por conta da crise com o governo, na sexta-feira, Maia chegou a amea\u00e7ar que iria abandonar o projeto de reforma da Previd\u00eancia, um sinal que provocou insatisfa\u00e7\u00e3o do mercado, com a Bolsa de Valores recuando 3%.<\/p>\n<p style=\"text-align: justify;\">\u201cO pessoal do mercado, que apoiou cegamente Bolsonaro, est\u00e1 inquieto e j\u00e1 apavorado. N\u00e3o vai ter crescimento, n\u00e3o vai ter reforma que eles querem, come\u00e7aram a bater no governo. N\u00e3o h\u00e1 possibilidade dessa turma ajudar o Brasil. O que eles menos pensam, governo e mercado, \u00e9 no povo brasileiro\u201d, afirmou a deputada federal Gleisi Hoffmann, em sua conta no Twitter.<\/p>\n<p style=\"text-align: justify;\">Antes, na quarta-feira (20), Maia havia criticado o ministro da Justi\u00e7a, Sergio Moro, por conta de press\u00f5es para rapidez na tramita\u00e7\u00e3o do pacote anticrime. O parlamentar disse que Moro conhece pouco de pol\u00edtica e est\u00e1 ultrapassando suas prerrogativas.<\/p>\n<p>&nbsp;<\/p>\n<p><a href=\"https:\/\/senoticias.com.br\/se\/wp-content\/uploads\/2019\/03\/Logomarca-fone-SE-4-2-1-1-1-1-1-1-1-2-3.jpg\"><img loading=\"lazy\" decoding=\"async\" class=\"aligncenter size-full wp-image-117663\" src=\"https:\/\/senoticias.com.br\/se\/wp-content\/uploads\/2019\/03\/Logomarca-fone-SE-4-2-1-1-1-1-1-1-1-2-3.jpg\" alt=\"\" width=\"599\" height=\"78\" srcset=\"https:\/\/senoticias.com.br\/se\/wp-content\/uploads\/2019\/03\/Logomarca-fone-SE-4-2-1-1-1-1-1-1-1-2-3.jpg 599w, https:\/\/senoticias.com.br\/se\/wp-content\/uploads\/2019\/03\/Logomarca-fone-SE-4-2-1-1-1-1-1-1-1-2-3-300x39.jpg 300w\" sizes=\"(max-width: 599px) 100vw, 599px\" \/><\/a><\/p>\n<p>&nbsp;<\/p>\n<p><a href=\"https:\/\/senoticias.com.br\/se\/wp-content\/uploads\/2019\/03\/Logomarca-fone-SE-4-2-1-1-1-1-1-1-1-2-2.jpg\"><em><strong>Acompanhe o SE Not\u00edcias no\u00a0<\/strong><\/em><\/a><em><a href=\"https:\/\/twitter.com\/Senoticias\" target=\"_blank\" rel=\"noopener\"><b>Twitter<\/b><\/a><strong>,\u00a0<\/strong><a href=\"https:\/\/www.facebook.com\/senoticias1\" target=\"_blank\" rel=\"noopener\"><b>Facebook\u00a0<\/b><\/a><strong>e no\u00a0<\/strong><a href=\"https:\/\/www.instagram.com\/senoticias\/\" target=\"_blank\" rel=\"noopener\"><b>Instagram<\/b><\/a><\/em><\/p>\n<p>&nbsp;<\/p>\n<p>Por Rede Brasil Atual<\/p>\n","protected":false},"excerpt":{"rendered":"<p>S\u00e3o Paulo \u2013 O presidente da C\u00e2mara Federal, Rodrigo Maia, \u201cdeu a entender neste s\u00e1bado (23) que o pacote anticrime do ministro da Justi\u00e7a, S\u00e9rgio Moro, est\u00e1 fora da agenda e n\u00e3o ter\u00e1 vez na Casa t\u00e3o cedo\u201d, informou o UOL, em not\u00edcia neste domingo, que traz desdobramentos do conflito entre Maia e o presidente [&hellip;]<\/p>\n","protected":false},"author":6557,"featured_media":0,"comment_status":"closed","ping_status":"closed","sticky":false,"template":"","format":"standard","meta":{"footnotes":""},"categories":[6],"tags":[],"class_list":{"0":"post-117667","1":"post","2":"type-post","3":"status-publish","4":"format-standard","6":"category-politica"},"_links":{"self":[{"href":"https:\/\/senoticias.com.br\/se\/wp-json\/wp\/v2\/posts\/117667"}],"collection":[{"href":"https:\/\/senoticias.com.br\/se\/wp-json\/wp\/v2\/posts"}],"about":[{"href":"https:\/\/senoticias.com.br\/se\/wp-json\/wp\/v2\/types\/post"}],"author":[{"embeddable":true,"href":"https:\/\/senoticias.com.br\/se\/wp-json\/wp\/v2\/users\/6557"}],"replies":[{"embeddable":true,"href":"https:\/\/senoticias.com.br\/se\/wp-json\/wp\/v2\/comments?post=117667"}],"version-history":[{"count":0,"href":"https:\/\/senoticias.com.br\/se\/wp-json\/wp\/v2\/posts\/117667\/revisions"}],"wp:attachment":[{"href":"https:\/\/senoticias.com.br\/se\/wp-json\/wp\/v2\/media?parent=117667"}],"wp:term":[{"taxonomy":"category","embeddable":true,"href":"https:\/\/senoticias.com.br\/se\/wp-json\/wp\/v2\/categories?post=117667"},{"taxonomy":"post_tag","embeddable":true,"href":"https:\/\/senoticias.com.br\/se\/wp-json\/wp\/v2\/tags?post=117667"}],"curies":[{"name":"wp","href":"https:\/\/api.w.org\/{rel}","templated":true}]}}