{"id":117665,"date":"2019-03-25T10:02:38","date_gmt":"2019-03-25T13:02:38","guid":{"rendered":"https:\/\/senoticias.com.br\/se\/?p=117665"},"modified":"2019-03-25T10:02:38","modified_gmt":"2019-03-25T13:02:38","slug":"crianca-de-7-anos-e-atingida-por-raio-no-municipio-de-itabaianinha","status":"publish","type":"post","link":"https:\/\/senoticias.com.br\/se\/crianca-de-7-anos-e-atingida-por-raio-no-municipio-de-itabaianinha\/","title":{"rendered":"Crian\u00e7a de 7 anos \u00e9 atingida por raio no munic\u00edpio de Itabaianinha"},"content":{"rendered":"<p style=\"text-align: justify;\">No final da tarde deste domingo (24), uma crian\u00e7a de 7 anos foi atingida por um raio no Bairro Avenida, munic\u00edpio de Itabaianinha, na Regi\u00e3o Sul de Sergipe. Testemunhas disseram que ela brincava na porta de casa quando foi atingida pela descarga el\u00e9trica.<\/p>\n<div id=\"attachment_117666\" style=\"width: 609px\" class=\"wp-caption aligncenter\"><a href=\"https:\/\/senoticias.com.br\/se\/wp-content\/uploads\/2019\/03\/raio_00-e1553518794848.png\"><img loading=\"lazy\" decoding=\"async\" aria-describedby=\"caption-attachment-117666\" class=\"size-full wp-image-117666\" src=\"https:\/\/senoticias.com.br\/se\/wp-content\/uploads\/2019\/03\/raio_00-e1553518794848.png\" alt=\"\" width=\"599\" height=\"349\" \/><\/a><p id=\"caption-attachment-117666\" class=\"wp-caption-text\">Foto: Imagem\/ reprodu\u00e7\u00e3o internet<\/p><\/div>\n<p style=\"text-align: justify;\">A superintendente do Servi\u00e7o de Atendimento M\u00f3vel de Urg\u00eancia (Samu), Concei\u00e7\u00e3o Mendon\u00e7a, informou que a crian\u00e7a teve queimaduras no corpo e uma parada card\u00edaca. Ela foi reanimada, encaminhada a um hospital do munic\u00edpio e em seguida transferida para o Hospital de Urg\u00eancia de Sergipe (Huse), em Aracaju.<\/p>\n<p style=\"text-align: justify;\">\u201cEla foi levada por nossa equipe e est\u00e1 na ala vermelha do setor de Pediatria do Hospital de Urg\u00eancia de Sergipe\u201d, afirma a superintendente.<\/p>\n<p style=\"text-align: justify;\">O estado de sa\u00fade da crian\u00e7a n\u00e3o foi informado.<\/p>\n<p style=\"text-align: justify;\">Como se proteger dos raios<br \/>\nEspecialistas no assunto dizem que para se proteger dos raios, as pessoas devem se afastar de \u00e1rvores e terrenos abertos; n\u00e3o podem permanecer em piscinas, rios e lagos; devem evitar morros e terrenos elevados; ficar distante de redes el\u00e9tricas e de cercas de arame. Se estiver dirigindo, permane\u00e7a no carro.<\/p>\n<p>&nbsp;<\/p>\n<p><a href=\"https:\/\/senoticias.com.br\/se\/wp-content\/uploads\/2019\/03\/Logomarca-fone-SE-4-2-1-1-1-1-1-1-1-2-3.jpg\"><img loading=\"lazy\" decoding=\"async\" class=\"aligncenter size-full wp-image-117663\" src=\"https:\/\/senoticias.com.br\/se\/wp-content\/uploads\/2019\/03\/Logomarca-fone-SE-4-2-1-1-1-1-1-1-1-2-3.jpg\" alt=\"\" width=\"599\" height=\"78\" srcset=\"https:\/\/senoticias.com.br\/se\/wp-content\/uploads\/2019\/03\/Logomarca-fone-SE-4-2-1-1-1-1-1-1-1-2-3.jpg 599w, https:\/\/senoticias.com.br\/se\/wp-content\/uploads\/2019\/03\/Logomarca-fone-SE-4-2-1-1-1-1-1-1-1-2-3-300x39.jpg 300w\" sizes=\"(max-width: 599px) 100vw, 599px\" \/><\/a><\/p>\n<p><a href=\"https:\/\/senoticias.com.br\/se\/wp-content\/uploads\/2019\/03\/Logomarca-fone-SE-4-2-1-1-1-1-1-1-1-2-2.jpg\"><em><strong>Acompanhe o SE Not\u00edcias no\u00a0<\/strong><\/em><\/a><em><a href=\"https:\/\/twitter.com\/Senoticias\" target=\"_blank\" rel=\"noopener\"><b>Twitter<\/b><\/a><strong>,\u00a0<\/strong><a href=\"https:\/\/www.facebook.com\/senoticias1\" target=\"_blank\" rel=\"noopener\"><b>Facebook\u00a0<\/b><\/a><strong>e no\u00a0<\/strong><a href=\"https:\/\/www.instagram.com\/senoticias\/\" target=\"_blank\" rel=\"noopener\"><b>Instagram<\/b><\/a><\/em><\/p>\n<p>&nbsp;<\/p>\n<p>Por G1 Sergipe<\/p>\n","protected":false},"excerpt":{"rendered":"<p>No final da tarde deste domingo (24), uma crian\u00e7a de 7 anos foi atingida por um raio no Bairro Avenida, munic\u00edpio de Itabaianinha, na Regi\u00e3o Sul de Sergipe. Testemunhas disseram que ela brincava na porta de casa quando foi atingida pela descarga el\u00e9trica. A superintendente do Servi\u00e7o de Atendimento M\u00f3vel de Urg\u00eancia (Samu), Concei\u00e7\u00e3o Mendon\u00e7a, [&hellip;]<\/p>\n","protected":false},"author":6557,"featured_media":0,"comment_status":"closed","ping_status":"closed","sticky":false,"template":"","format":"standard","meta":{"footnotes":""},"categories":[15,38],"tags":[],"class_list":{"0":"post-117665","1":"post","2":"type-post","3":"status-publish","4":"format-standard","6":"category-destaques","7":"category-municipios"},"_links":{"self":[{"href":"https:\/\/senoticias.com.br\/se\/wp-json\/wp\/v2\/posts\/117665"}],"collection":[{"href":"https:\/\/senoticias.com.br\/se\/wp-json\/wp\/v2\/posts"}],"about":[{"href":"https:\/\/senoticias.com.br\/se\/wp-json\/wp\/v2\/types\/post"}],"author":[{"embeddable":true,"href":"https:\/\/senoticias.com.br\/se\/wp-json\/wp\/v2\/users\/6557"}],"replies":[{"embeddable":true,"href":"https:\/\/senoticias.com.br\/se\/wp-json\/wp\/v2\/comments?post=117665"}],"version-history":[{"count":0,"href":"https:\/\/senoticias.com.br\/se\/wp-json\/wp\/v2\/posts\/117665\/revisions"}],"wp:attachment":[{"href":"https:\/\/senoticias.com.br\/se\/wp-json\/wp\/v2\/media?parent=117665"}],"wp:term":[{"taxonomy":"category","embeddable":true,"href":"https:\/\/senoticias.com.br\/se\/wp-json\/wp\/v2\/categories?post=117665"},{"taxonomy":"post_tag","embeddable":true,"href":"https:\/\/senoticias.com.br\/se\/wp-json\/wp\/v2\/tags?post=117665"}],"curies":[{"name":"wp","href":"https:\/\/api.w.org\/{rel}","templated":true}]}}