{"id":117662,"date":"2019-03-25T09:48:00","date_gmt":"2019-03-25T12:48:00","guid":{"rendered":"https:\/\/senoticias.com.br\/se\/?p=117662"},"modified":"2019-03-25T09:48:00","modified_gmt":"2019-03-25T12:48:00","slug":"sergipe-recebera-pela-primeira-vez-o-buteco-do-gustavo-lima","status":"publish","type":"post","link":"https:\/\/senoticias.com.br\/se\/sergipe-recebera-pela-primeira-vez-o-buteco-do-gustavo-lima\/","title":{"rendered":"Sergipe receber\u00e1 pela primeira vez o \u2018Buteco do Gustavo Lima\u2019"},"content":{"rendered":"<p style=\"text-align: justify;\">Sergipe receber\u00e1 pela primeira vez o Buteco com o seu anfitri\u00e3o Gusttavo Lima, no dia 24 de maio, a partir das 21h na Pra\u00e7a de Eventos da Orla de Atalaia, em Aracaju\/SE.<\/p>\n<div id=\"attachment_117664\" style=\"width: 560px\" class=\"wp-caption aligncenter\"><a href=\"https:\/\/senoticias.com.br\/se\/wp-content\/uploads\/2019\/03\/atracoesboteco_210319-e1553518003886.jpg\"><img loading=\"lazy\" decoding=\"async\" aria-describedby=\"caption-attachment-117664\" class=\"size-full wp-image-117664\" src=\"https:\/\/senoticias.com.br\/se\/wp-content\/uploads\/2019\/03\/atracoesboteco_210319-e1553518003886.jpg\" alt=\"\" width=\"550\" height=\"357\" \/><\/a><p id=\"caption-attachment-117664\" class=\"wp-caption-text\">Gusttavo Lima, Saia Rodada e Jonas Esticados s\u00e3o as atra\u00e7\u00f5es da festa (Foto: divulga\u00e7\u00e3o)<\/p><\/div>\n<p style=\"text-align: justify;\">Conhecido nacionalmente como \u201cEmbaixador\u201d, o mineiro Gusttavo Lima promete um show diferenciado. Sucessos como \u201cCem Mil\u201d, \u201cZ\u00e9 da Reca\u00edda\u201d, \u201cApelido Carinhoso\u201d estar\u00e3o no repert\u00f3rio, al\u00e9m de outras m\u00fasicas no estilo Mod\u00e3o. O cearense Jonas Esticado e a banda Saia Rodada foram convidados para realizar os shows completos no Buteco, em Aracaju.<\/p>\n<p style=\"text-align: justify;\">A estrutura do evento conta com tr\u00eas \u00e1reas: Lounge Embaixador (Espa\u00e7o exclusivo para grupos de 10 pessoas, que ter\u00e3o mais 05 pulseiras extras, al\u00e9m de seguran\u00e7a e gar\u00e7om exclusivo), Apelido Carinhoso (\u00c1rea com maior visibilidade do palco, conforto e estrutura diferenciada) e o Z\u00e9 da Reca\u00edda.<\/p>\n<p style=\"text-align: justify;\">Os ingressos podem ser adquiridos nos pontos de venda distribu\u00eddos em Aracaju e em Nossa Senhora do Socorro: Loja Inqu\u00e9rito (Shopping Jardins), Auto Pe\u00e7as Macedo (Hermes Fontes \/ Siqueira Campos), Clube Melissa (Shopping Riomar), Litoral 655 (Centro \/ Shopping Pr\u00eamio-Nossa Senhora do Socorro), al\u00e9m da venda virtual atrav\u00e9s do site: www.ticketpremium.com.br.<\/p>\n<p><a href=\"https:\/\/senoticias.com.br\/se\/wp-content\/uploads\/2019\/03\/Logomarca-fone-SE-4-2-1-1-1-1-1-1-1-2-3.jpg\"><img loading=\"lazy\" decoding=\"async\" class=\"aligncenter size-full wp-image-117663\" src=\"https:\/\/senoticias.com.br\/se\/wp-content\/uploads\/2019\/03\/Logomarca-fone-SE-4-2-1-1-1-1-1-1-1-2-3.jpg\" alt=\"\" width=\"599\" height=\"78\" srcset=\"https:\/\/senoticias.com.br\/se\/wp-content\/uploads\/2019\/03\/Logomarca-fone-SE-4-2-1-1-1-1-1-1-1-2-3.jpg 599w, https:\/\/senoticias.com.br\/se\/wp-content\/uploads\/2019\/03\/Logomarca-fone-SE-4-2-1-1-1-1-1-1-1-2-3-300x39.jpg 300w\" sizes=\"(max-width: 599px) 100vw, 599px\" \/><\/a><\/p>\n<p><a href=\"https:\/\/senoticias.com.br\/se\/wp-content\/uploads\/2019\/03\/Logomarca-fone-SE-4-2-1-1-1-1-1-1-1-2-3.jpg\"><em><strong>Acompanhe o SE Not\u00edcias no\u00a0<\/strong><a href=\"https:\/\/twitter.com\/Senoticias\" target=\"_blank\" rel=\"noopener\"><b>Twitter<\/b><\/a><strong>,\u00a0<\/strong><a href=\"https:\/\/www.facebook.com\/senoticias1\" target=\"_blank\" rel=\"noopener\"><b>Facebook\u00a0<\/b><\/a><strong>e no\u00a0<\/strong><a href=\"https:\/\/www.instagram.com\/senoticias\/\" target=\"_blank\" rel=\"noopener\"><b>Instagram\u00a0<\/b><\/a><\/em><\/a><\/p>\n<p>Com informa\u00e7\u00f5es da Assessoria de Imprensa<\/p>\n","protected":false},"excerpt":{"rendered":"<p>Sergipe receber\u00e1 pela primeira vez o Buteco com o seu anfitri\u00e3o Gusttavo Lima, no dia 24 de maio, a partir das 21h na Pra\u00e7a de Eventos da Orla de Atalaia, em Aracaju\/SE. Conhecido nacionalmente como \u201cEmbaixador\u201d, o mineiro Gusttavo Lima promete um show diferenciado. Sucessos como \u201cCem Mil\u201d, \u201cZ\u00e9 da Reca\u00edda\u201d, \u201cApelido Carinhoso\u201d estar\u00e3o no [&hellip;]<\/p>\n","protected":false},"author":6557,"featured_media":0,"comment_status":"closed","ping_status":"closed","sticky":false,"template":"","format":"standard","meta":{"footnotes":""},"categories":[15,21],"tags":[],"class_list":{"0":"post-117662","1":"post","2":"type-post","3":"status-publish","4":"format-standard","6":"category-destaques","7":"category-entretenimento"},"_links":{"self":[{"href":"https:\/\/senoticias.com.br\/se\/wp-json\/wp\/v2\/posts\/117662"}],"collection":[{"href":"https:\/\/senoticias.com.br\/se\/wp-json\/wp\/v2\/posts"}],"about":[{"href":"https:\/\/senoticias.com.br\/se\/wp-json\/wp\/v2\/types\/post"}],"author":[{"embeddable":true,"href":"https:\/\/senoticias.com.br\/se\/wp-json\/wp\/v2\/users\/6557"}],"replies":[{"embeddable":true,"href":"https:\/\/senoticias.com.br\/se\/wp-json\/wp\/v2\/comments?post=117662"}],"version-history":[{"count":0,"href":"https:\/\/senoticias.com.br\/se\/wp-json\/wp\/v2\/posts\/117662\/revisions"}],"wp:attachment":[{"href":"https:\/\/senoticias.com.br\/se\/wp-json\/wp\/v2\/media?parent=117662"}],"wp:term":[{"taxonomy":"category","embeddable":true,"href":"https:\/\/senoticias.com.br\/se\/wp-json\/wp\/v2\/categories?post=117662"},{"taxonomy":"post_tag","embeddable":true,"href":"https:\/\/senoticias.com.br\/se\/wp-json\/wp\/v2\/tags?post=117662"}],"curies":[{"name":"wp","href":"https:\/\/api.w.org\/{rel}","templated":true}]}}