{"id":117622,"date":"2019-03-21T11:24:16","date_gmt":"2019-03-21T14:24:16","guid":{"rendered":"https:\/\/senoticias.com.br\/se\/?p=117622"},"modified":"2019-03-21T11:24:16","modified_gmt":"2019-03-21T14:24:16","slug":"forca-tarefa-da-lava-jato-prende-michel-temer-e-faz-buscas-por-moreira-franco","status":"publish","type":"post","link":"https:\/\/senoticias.com.br\/se\/forca-tarefa-da-lava-jato-prende-michel-temer-e-faz-buscas-por-moreira-franco\/","title":{"rendered":"For\u00e7a-tarefa da Lava Jato prende Michel Temer e faz buscas por Moreira Franco"},"content":{"rendered":"<p style=\"text-align: justify;\">A For\u00e7a-tarefa da Lava Jato no Rio de Janeiro prendeu, na manh\u00e3 desta quinta-feira (21), Michel Temer, ex-presidente da Rep\u00fablica. Os agentes ainda tentam cumprir um mandado contra Moreira Franco, ex-ministro de Minas e Energia.<\/p>\n<div id=\"attachment_117623\" style=\"width: 609px\" class=\"wp-caption aligncenter\"><a href=\"https:\/\/senoticias.com.br\/se\/wp-content\/uploads\/2019\/03\/antcrz-abr1206183844-antonio-cruz-agencia-brasil--e1553178180152.jpg\"><img loading=\"lazy\" decoding=\"async\" aria-describedby=\"caption-attachment-117623\" class=\"size-full wp-image-117623\" src=\"https:\/\/senoticias.com.br\/se\/wp-content\/uploads\/2019\/03\/antcrz-abr1206183844-antonio-cruz-agencia-brasil--e1553178180152.jpg\" alt=\"\" width=\"599\" height=\"400\" \/><\/a><p id=\"caption-attachment-117623\" class=\"wp-caption-text\">Imagem de arquivo de junho de 2018 mostra o ent\u00e3o presidente Michel Temer com o ent\u00e3o ministo Moreira Franco durante assinatura de decretos que regulamentam o C\u00f3digo de Minera\u00e7\u00e3o \u2014 Foto: Antonio Cruz\/Ag\u00eancia Brasil<\/p><\/div>\n<p style=\"text-align: justify;\">Os mandados foram expedidos pelo juiz Marcelo Bretas, da 7\u00aa Vara Federal Criminal do Rio.<\/p>\n<p style=\"text-align: justify;\">Desde quarta-feira (20), a Pol\u00edcia Federal (PF) tentava rastrear e confirmar a localiza\u00e7\u00e3o de Temer, sem ter sucesso. Por isso, a opera\u00e7\u00e3o prevista para as primeiras horas da manh\u00e3 desta quinta-feira atrasou.<\/p>\n<p><a href=\"https:\/\/senoticias.com.br\/se\/wp-content\/uploads\/2019\/03\/Logomarca-fone-SE-4-2-1-1-1-1-1-1-1-2-2.jpg\"><img loading=\"lazy\" decoding=\"async\" class=\"aligncenter size-full wp-image-117617\" src=\"https:\/\/senoticias.com.br\/se\/wp-content\/uploads\/2019\/03\/Logomarca-fone-SE-4-2-1-1-1-1-1-1-1-2-2.jpg\" alt=\"\" width=\"599\" height=\"78\" srcset=\"https:\/\/senoticias.com.br\/se\/wp-content\/uploads\/2019\/03\/Logomarca-fone-SE-4-2-1-1-1-1-1-1-1-2-2.jpg 599w, https:\/\/senoticias.com.br\/se\/wp-content\/uploads\/2019\/03\/Logomarca-fone-SE-4-2-1-1-1-1-1-1-1-2-2-300x39.jpg 300w\" sizes=\"(max-width: 599px) 100vw, 599px\" \/><\/a><\/p>\n<p><em><strong>Acompanhe o SE Not\u00edcias no\u00a0<\/strong><a href=\"https:\/\/twitter.com\/Senoticias\" target=\"_blank\" rel=\"noopener\"><b>Twitter<\/b><\/a><strong>,\u00a0<\/strong><a href=\"https:\/\/www.facebook.com\/senoticias1\" target=\"_blank\" rel=\"noopener\"><b>Facebook\u00a0<\/b><\/a><strong>e no\u00a0<\/strong><a href=\"https:\/\/www.instagram.com\/senoticias\/\" target=\"_blank\" rel=\"noopener\"><b>Instagram<\/b><\/a><\/em><\/p>\n<p>&nbsp;<\/p>\n<p>Por Globo.com<\/p>\n","protected":false},"excerpt":{"rendered":"<p>A For\u00e7a-tarefa da Lava Jato no Rio de Janeiro prendeu, na manh\u00e3 desta quinta-feira (21), Michel Temer, ex-presidente da Rep\u00fablica. Os agentes ainda tentam cumprir um mandado contra Moreira Franco, ex-ministro de Minas e Energia. Os mandados foram expedidos pelo juiz Marcelo Bretas, da 7\u00aa Vara Federal Criminal do Rio. Desde quarta-feira (20), a Pol\u00edcia [&hellip;]<\/p>\n","protected":false},"author":6557,"featured_media":0,"comment_status":"closed","ping_status":"closed","sticky":false,"template":"","format":"standard","meta":{"footnotes":""},"categories":[15,6],"tags":[],"class_list":{"0":"post-117622","1":"post","2":"type-post","3":"status-publish","4":"format-standard","6":"category-destaques","7":"category-politica"},"_links":{"self":[{"href":"https:\/\/senoticias.com.br\/se\/wp-json\/wp\/v2\/posts\/117622"}],"collection":[{"href":"https:\/\/senoticias.com.br\/se\/wp-json\/wp\/v2\/posts"}],"about":[{"href":"https:\/\/senoticias.com.br\/se\/wp-json\/wp\/v2\/types\/post"}],"author":[{"embeddable":true,"href":"https:\/\/senoticias.com.br\/se\/wp-json\/wp\/v2\/users\/6557"}],"replies":[{"embeddable":true,"href":"https:\/\/senoticias.com.br\/se\/wp-json\/wp\/v2\/comments?post=117622"}],"version-history":[{"count":0,"href":"https:\/\/senoticias.com.br\/se\/wp-json\/wp\/v2\/posts\/117622\/revisions"}],"wp:attachment":[{"href":"https:\/\/senoticias.com.br\/se\/wp-json\/wp\/v2\/media?parent=117622"}],"wp:term":[{"taxonomy":"category","embeddable":true,"href":"https:\/\/senoticias.com.br\/se\/wp-json\/wp\/v2\/categories?post=117622"},{"taxonomy":"post_tag","embeddable":true,"href":"https:\/\/senoticias.com.br\/se\/wp-json\/wp\/v2\/tags?post=117622"}],"curies":[{"name":"wp","href":"https:\/\/api.w.org\/{rel}","templated":true}]}}