{"id":117616,"date":"2019-03-21T09:14:34","date_gmt":"2019-03-21T12:14:34","guid":{"rendered":"https:\/\/senoticias.com.br\/se\/?p=117616"},"modified":"2019-03-21T09:14:34","modified_gmt":"2019-03-21T12:14:34","slug":"outono-em-sergipe-deve-trazer-chuvas-e-temperaturas-amenas","status":"publish","type":"post","link":"https:\/\/senoticias.com.br\/se\/outono-em-sergipe-deve-trazer-chuvas-e-temperaturas-amenas\/","title":{"rendered":"Outono em Sergipe deve trazer chuvas e temperaturas amenas"},"content":{"rendered":"<p style=\"text-align: justify;\">O outono, que come\u00e7ou oficialmente \u00e0s 18h58 da quarta-feira, 20, deve trazer chuvas e temperaturas mais amenas em todo o estado, segundo a previs\u00e3o do Centro de Meteorologia de Sergipe.<\/p>\n<div id=\"attachment_117618\" style=\"width: 609px\" class=\"wp-caption aligncenter\"><a href=\"https:\/\/senoticias.com.br\/se\/wp-content\/uploads\/2019\/03\/nublado_arquivoinfonet_200319-e1553170433177.jpg\"><img loading=\"lazy\" decoding=\"async\" aria-describedby=\"caption-attachment-117618\" class=\"size-full wp-image-117618\" src=\"https:\/\/senoticias.com.br\/se\/wp-content\/uploads\/2019\/03\/nublado_arquivoinfonet_200319-e1553170433177.jpg\" alt=\"\" width=\"599\" height=\"449\" \/><\/a><p id=\"caption-attachment-117618\" class=\"wp-caption-text\">Outono deve trazer chuva e temperatura amena (Foto: arquivo Portal Infonet)<\/p><\/div>\n<p style=\"text-align: justify;\">De acordo com o meteorologista Overland Amaral, inicialmente, o outono deve iniciar com temperaturas elevadas, que dever\u00e3o diminuir a partir da segunda semana junto com a chegada de chuvas, oscilando entre 22\u00ba e 28\u00ba.<\/p>\n<p style=\"text-align: justify;\">\u201cEssa esta\u00e7\u00e3o se inicia com um misto de ver\u00e3o, mantendo-se com temperaturas elevadas nas primeiras semanas. Da segunda semana em diante \u00e9 que a temperatura come\u00e7a a diminuir, assumindo caracter\u00edsticas mais amenas. A partir do dia 22, teremos a ocorr\u00eancias de chuvas de forma significativa e antecipada, que v\u00e3o se intensificar no m\u00eas de maio, que \u00e9 a \u00e9poca em que a esta\u00e7\u00e3o ganha caracter\u00edsticas mais pr\u00f3ximas do inverno\u201d, detalha o meteorologista.<\/p>\n<p style=\"text-align: justify;\">Overland destaca que as chuvas devem ocorrer dentro da normalidade, mas podem contribuir para amenizar a seca no estado. \u201cAs chuvas que v\u00e3o se intensificar no m\u00eas de maio ser\u00e3o importantes para a agricultura e pastagens e para o abastecimento h\u00eddrico das barragens do agreste e centro sul do estado\u201d, destaca o meteorologista.<\/p>\n<p>&nbsp;<\/p>\n<p><a href=\"https:\/\/senoticias.com.br\/se\/wp-content\/uploads\/2019\/03\/Logomarca-fone-SE-4-2-1-1-1-1-1-1-1-2-2.jpg\"><img loading=\"lazy\" decoding=\"async\" class=\"aligncenter size-full wp-image-117617\" src=\"https:\/\/senoticias.com.br\/se\/wp-content\/uploads\/2019\/03\/Logomarca-fone-SE-4-2-1-1-1-1-1-1-1-2-2.jpg\" alt=\"\" width=\"599\" height=\"78\" srcset=\"https:\/\/senoticias.com.br\/se\/wp-content\/uploads\/2019\/03\/Logomarca-fone-SE-4-2-1-1-1-1-1-1-1-2-2.jpg 599w, https:\/\/senoticias.com.br\/se\/wp-content\/uploads\/2019\/03\/Logomarca-fone-SE-4-2-1-1-1-1-1-1-1-2-2-300x39.jpg 300w\" sizes=\"(max-width: 599px) 100vw, 599px\" \/><\/a><\/p>\n<p><em><strong>Acompanhe o SE Not\u00edcias no\u00a0<\/strong><a href=\"https:\/\/twitter.com\/Senoticias\" target=\"_blank\" rel=\"noopener\"><b>Twitter<\/b><\/a><strong>,\u00a0<\/strong><a href=\"https:\/\/www.facebook.com\/senoticias1\" target=\"_blank\" rel=\"noopener\"><b>Facebook\u00a0<\/b><\/a><strong>e no\u00a0<\/strong><a href=\"https:\/\/www.instagram.com\/senoticias\/\" target=\"_blank\" rel=\"noopener\"><b>Instagram<\/b><\/a><\/em><\/p>\n<p>&nbsp;<\/p>\n<p>Por\u00a0Verlane Est\u00e1cio<\/p>\n","protected":false},"excerpt":{"rendered":"<p>O outono, que come\u00e7ou oficialmente \u00e0s 18h58 da quarta-feira, 20, deve trazer chuvas e temperaturas mais amenas em todo o estado, segundo a previs\u00e3o do Centro de Meteorologia de Sergipe. De acordo com o meteorologista Overland Amaral, inicialmente, o outono deve iniciar com temperaturas elevadas, que dever\u00e3o diminuir a partir da segunda semana junto com [&hellip;]<\/p>\n","protected":false},"author":6557,"featured_media":0,"comment_status":"closed","ping_status":"closed","sticky":false,"template":"","format":"standard","meta":{"footnotes":""},"categories":[15],"tags":[],"class_list":{"0":"post-117616","1":"post","2":"type-post","3":"status-publish","4":"format-standard","6":"category-destaques"},"_links":{"self":[{"href":"https:\/\/senoticias.com.br\/se\/wp-json\/wp\/v2\/posts\/117616"}],"collection":[{"href":"https:\/\/senoticias.com.br\/se\/wp-json\/wp\/v2\/posts"}],"about":[{"href":"https:\/\/senoticias.com.br\/se\/wp-json\/wp\/v2\/types\/post"}],"author":[{"embeddable":true,"href":"https:\/\/senoticias.com.br\/se\/wp-json\/wp\/v2\/users\/6557"}],"replies":[{"embeddable":true,"href":"https:\/\/senoticias.com.br\/se\/wp-json\/wp\/v2\/comments?post=117616"}],"version-history":[{"count":0,"href":"https:\/\/senoticias.com.br\/se\/wp-json\/wp\/v2\/posts\/117616\/revisions"}],"wp:attachment":[{"href":"https:\/\/senoticias.com.br\/se\/wp-json\/wp\/v2\/media?parent=117616"}],"wp:term":[{"taxonomy":"category","embeddable":true,"href":"https:\/\/senoticias.com.br\/se\/wp-json\/wp\/v2\/categories?post=117616"},{"taxonomy":"post_tag","embeddable":true,"href":"https:\/\/senoticias.com.br\/se\/wp-json\/wp\/v2\/tags?post=117616"}],"curies":[{"name":"wp","href":"https:\/\/api.w.org\/{rel}","templated":true}]}}