{"id":117593,"date":"2019-03-20T12:45:33","date_gmt":"2019-03-20T15:45:33","guid":{"rendered":"https:\/\/senoticias.com.br\/se\/?p=117593"},"modified":"2019-03-20T12:45:33","modified_gmt":"2019-03-20T15:45:33","slug":"bolsonaro-recebe-mourao-ministros-e-comandantes-das-forcas-armadas-para-tratar-de-previdencia-dos-militares","status":"publish","type":"post","link":"https:\/\/senoticias.com.br\/se\/bolsonaro-recebe-mourao-ministros-e-comandantes-das-forcas-armadas-para-tratar-de-previdencia-dos-militares\/","title":{"rendered":"Bolsonaro recebe Mour\u00e3o, ministros e comandantes das For\u00e7as Armadas para tratar de previd\u00eancia dos militares"},"content":{"rendered":"<p style=\"text-align: justify;\">O presidente Jair Bolsonaro recebeu na manh\u00e3 desta quarta-feira (20) no Pal\u00e1cio da Alvorada o ministro da Defesa, Fernando Azevedo e Silva, e os comandantes das For\u00e7as Armadas (Ex\u00e9rcito, Marinha e Aeron\u00e1utica).<\/p>\n<div id=\"attachment_117594\" style=\"width: 609px\" class=\"wp-caption aligncenter\"><a href=\"https:\/\/senoticias.com.br\/se\/wp-content\/uploads\/2019\/03\/brasil-politica-jair-bolsonaro-20190219-021-copy-e1553096501989.jpg\"><img loading=\"lazy\" decoding=\"async\" aria-describedby=\"caption-attachment-117594\" class=\"size-full wp-image-117594\" src=\"https:\/\/senoticias.com.br\/se\/wp-content\/uploads\/2019\/03\/brasil-politica-jair-bolsonaro-20190219-021-copy-e1553096501989.jpg\" alt=\"\" width=\"599\" height=\"399\" \/><\/a><p id=\"caption-attachment-117594\" class=\"wp-caption-text\">Presidente da Rep\u00fablica, Jair Bolsonaro.<br \/>Foto: Isac N\u00f3brega\/PR<\/p><\/div>\n<p style=\"text-align: justify;\">No encontro, Bolsonaro ser\u00e1 apresentado ao texto do projeto com mudan\u00e7as na previd\u00eancia de militares. O ministro Augusto Heleno (GSI), o vice-presidente Hamilton Mour\u00e3o e o secret\u00e1rio especial de Previd\u00eancia e Trabalho, Rog\u00e9rio Marinho, tamb\u00e9m participaram da reuni\u00e3o.<\/p>\n<p style=\"text-align: justify;\">Este \u00e9 o primeiro compromisso do presidente ap\u00f3s o retorno da viagem aos Estados Unidos, nesta quarta. Bolsonaro ficou tr\u00eas dias em Washington, onde foi recebido pelo presidente norte-americano Donald Trump.<\/p>\n<p style=\"text-align: justify;\">Bolsonaro tenta fechar nesta quarta o projeto de lei com mudan\u00e7as na previd\u00eancia dos militares. A inten\u00e7\u00e3o do governo \u00e9 enviar o texto \u00e0 tarde ao Congresso Nacional.<\/p>\n<p style=\"text-align: justify;\">Entre as mudan\u00e7as que o governo avalia para a aposentadoria de militares dever\u00e3o estar:<\/p>\n<p style=\"text-align: justify;\">Pagamento de al\u00edquota de 10,5% para o fundo de pens\u00e3o (o valor atual \u00e9 de 7,5%);<br \/>\naumento de 30 para 35 anos no tempo para passar para a reserva.<br \/>\nEm troca, os militares pedem compensa\u00e7\u00f5es, como a reestrutura\u00e7\u00e3o da carreira, com a cria\u00e7\u00e3o de novas patentes, por exemplo.<\/p>\n<p>&nbsp;<\/p>\n<p><a href=\"https:\/\/senoticias.com.br\/se\/wp-content\/uploads\/2019\/03\/Logomarca-fone-SE-4-2-1-1-1-1-1-1-1-2-1.jpg\"><img loading=\"lazy\" decoding=\"async\" class=\"aligncenter size-full wp-image-117508\" src=\"https:\/\/senoticias.com.br\/se\/wp-content\/uploads\/2019\/03\/Logomarca-fone-SE-4-2-1-1-1-1-1-1-1-2-1.jpg\" alt=\"\" width=\"599\" height=\"78\" srcset=\"https:\/\/senoticias.com.br\/se\/wp-content\/uploads\/2019\/03\/Logomarca-fone-SE-4-2-1-1-1-1-1-1-1-2-1.jpg 599w, https:\/\/senoticias.com.br\/se\/wp-content\/uploads\/2019\/03\/Logomarca-fone-SE-4-2-1-1-1-1-1-1-1-2-1-300x39.jpg 300w\" sizes=\"(max-width: 599px) 100vw, 599px\" \/><\/a><\/p>\n<p><a href=\"https:\/\/senoticias.com.br\/se\/wp-content\/uploads\/2019\/03\/Logomarca-fone-SE-4-2-1-1-1-1-1-1-1-2-1.jpg\"><em><strong>Acompanhe o SE Not\u00edcias no\u00a0<\/strong><\/em><\/a><em><a href=\"https:\/\/twitter.com\/Senoticias\" target=\"_blank\" rel=\"noopener\"><b>Twitter<\/b><\/a><strong>,\u00a0<\/strong><a href=\"https:\/\/www.facebook.com\/senoticias1\" target=\"_blank\" rel=\"noopener\"><b>Facebook\u00a0<\/b><\/a><strong>e no\u00a0<\/strong><b><a href=\"https:\/\/www.instagram.com\/senoticias\/\" target=\"_blank\" rel=\"noopener\">Instagram<\/a>\u00a0<\/b><\/em><\/p>\n<p>&nbsp;<\/p>\n<p>Por Globo.com<\/p>\n","protected":false},"excerpt":{"rendered":"<p>O presidente Jair Bolsonaro recebeu na manh\u00e3 desta quarta-feira (20) no Pal\u00e1cio da Alvorada o ministro da Defesa, Fernando Azevedo e Silva, e os comandantes das For\u00e7as Armadas (Ex\u00e9rcito, Marinha e Aeron\u00e1utica). No encontro, Bolsonaro ser\u00e1 apresentado ao texto do projeto com mudan\u00e7as na previd\u00eancia de militares. O ministro Augusto Heleno (GSI), o vice-presidente Hamilton [&hellip;]<\/p>\n","protected":false},"author":6557,"featured_media":0,"comment_status":"closed","ping_status":"closed","sticky":false,"template":"","format":"standard","meta":{"footnotes":""},"categories":[15,6],"tags":[],"class_list":{"0":"post-117593","1":"post","2":"type-post","3":"status-publish","4":"format-standard","6":"category-destaques","7":"category-politica"},"_links":{"self":[{"href":"https:\/\/senoticias.com.br\/se\/wp-json\/wp\/v2\/posts\/117593"}],"collection":[{"href":"https:\/\/senoticias.com.br\/se\/wp-json\/wp\/v2\/posts"}],"about":[{"href":"https:\/\/senoticias.com.br\/se\/wp-json\/wp\/v2\/types\/post"}],"author":[{"embeddable":true,"href":"https:\/\/senoticias.com.br\/se\/wp-json\/wp\/v2\/users\/6557"}],"replies":[{"embeddable":true,"href":"https:\/\/senoticias.com.br\/se\/wp-json\/wp\/v2\/comments?post=117593"}],"version-history":[{"count":0,"href":"https:\/\/senoticias.com.br\/se\/wp-json\/wp\/v2\/posts\/117593\/revisions"}],"wp:attachment":[{"href":"https:\/\/senoticias.com.br\/se\/wp-json\/wp\/v2\/media?parent=117593"}],"wp:term":[{"taxonomy":"category","embeddable":true,"href":"https:\/\/senoticias.com.br\/se\/wp-json\/wp\/v2\/categories?post=117593"},{"taxonomy":"post_tag","embeddable":true,"href":"https:\/\/senoticias.com.br\/se\/wp-json\/wp\/v2\/tags?post=117593"}],"curies":[{"name":"wp","href":"https:\/\/api.w.org\/{rel}","templated":true}]}}