{"id":117591,"date":"2019-03-20T12:23:07","date_gmt":"2019-03-20T15:23:07","guid":{"rendered":"https:\/\/senoticias.com.br\/se\/?p=117591"},"modified":"2019-03-20T12:23:07","modified_gmt":"2019-03-20T15:23:07","slug":"forro-siri-2019-prefeitura-realizara-cadastramento-dos-ambulantes","status":"publish","type":"post","link":"https:\/\/senoticias.com.br\/se\/forro-siri-2019-prefeitura-realizara-cadastramento-dos-ambulantes\/","title":{"rendered":"Forr\u00f3 Siri 2019: Prefeitura realizar\u00e1 cadastramento dos ambulantes"},"content":{"rendered":"<p style=\"text-align: justify;\">A Prefeitura de Nossa Senhora do Socorro, atrav\u00e9s da Secretaria Municipal de Cultura (Semcult), convida os vendedores ambulantes a realizar o cadastramento para atuar no maior S\u00e3o Pedro de Sergipe. As inscri\u00e7\u00f5es ser\u00e3o realizadas de 1\u00ba a 12 de abril, das 08h \u00e0s 14h, no Centro Cultural Gilson Prado Barreto, situado \u00e0 Rua Ant\u00f4nio Valad\u00e3o, S\/N, sede do munic\u00edpio.<\/p>\n<div id=\"attachment_117592\" style=\"width: 609px\" class=\"wp-caption aligncenter\"><a href=\"https:\/\/senoticias.com.br\/se\/wp-content\/uploads\/2019\/03\/cadastro_ambulantes_foto_prefeituradesocorro_190319-e1553095142750.jpg\"><img loading=\"lazy\" decoding=\"async\" aria-describedby=\"caption-attachment-117592\" class=\"size-full wp-image-117592\" src=\"https:\/\/senoticias.com.br\/se\/wp-content\/uploads\/2019\/03\/cadastro_ambulantes_foto_prefeituradesocorro_190319-e1553095142750.jpg\" alt=\"\" width=\"599\" height=\"599\" \/><\/a><p id=\"caption-attachment-117592\" class=\"wp-caption-text\">De 1\u00ba a 12 de abril comerciantes poder\u00e3o se inscrever para trabalhar no maior S\u00e3o Pedro de Sergipe (Foto: Prefeitura de Socorro)<\/p><\/div>\n<p style=\"text-align: justify;\">Para efetuar o cadastro os interessados devem apresentar originais e c\u00f3pias do RG, CPF, comprovante de resid\u00eancia do munic\u00edpio (dos \u00faltimos dois meses), duas fotos 5\u00d77 e uma foto 3\u00d74. \u201cEstamos organizando toda log\u00edstica para realizar mais uma edi\u00e7\u00e3o do Forr\u00f3 Siri, com toda tranquilidade e qualidade que os socorrenses merecem\u201d, garante o secret\u00e1rio Natan Reis.<\/p>\n<p style=\"text-align: justify;\">Esta \u00e9 a primeira fase do processo seletivo para defini\u00e7\u00e3o dos vendedores ambulantes, que ser\u00e1 dividida em tr\u00eas etapas. \u201cAgora estamos efetuando o cadastramento dos vendedores e em seguida ofereceremos um curso de qualifica\u00e7\u00e3o em manuseio de alimentos, em parceria com a Vigil\u00e2ncia Sanit\u00e1ria, para garantir que todos estejam qualificados para oferecer um servi\u00e7o de qualidade. Por fim, realizaremos o sorteio, para saber quem de fato ir\u00e1 trabalhar nos festejos juninos\u201d, explica Natan.<\/p>\n<p>&nbsp;<\/p>\n<p><a href=\"https:\/\/senoticias.com.br\/se\/wp-content\/uploads\/2019\/03\/Logomarca-fone-SE-4-2-1-1-1-1-1-1-1-2-1.jpg\"><img loading=\"lazy\" decoding=\"async\" class=\"aligncenter size-full wp-image-117508\" src=\"https:\/\/senoticias.com.br\/se\/wp-content\/uploads\/2019\/03\/Logomarca-fone-SE-4-2-1-1-1-1-1-1-1-2-1.jpg\" alt=\"\" width=\"599\" height=\"78\" srcset=\"https:\/\/senoticias.com.br\/se\/wp-content\/uploads\/2019\/03\/Logomarca-fone-SE-4-2-1-1-1-1-1-1-1-2-1.jpg 599w, https:\/\/senoticias.com.br\/se\/wp-content\/uploads\/2019\/03\/Logomarca-fone-SE-4-2-1-1-1-1-1-1-1-2-1-300x39.jpg 300w\" sizes=\"(max-width: 599px) 100vw, 599px\" \/><\/a><\/p>\n<p><a href=\"https:\/\/senoticias.com.br\/se\/wp-content\/uploads\/2019\/03\/Logomarca-fone-SE-4-2-1-1-1-1-1-1-1-2-1.jpg\"><em><strong>Acompanhe o SE Not\u00edcias no\u00a0<\/strong><a href=\"https:\/\/twitter.com\/Senoticias\" target=\"_blank\" rel=\"noopener\"><b>Twitter<\/b><\/a><strong>,\u00a0<\/strong><a href=\"https:\/\/www.facebook.com\/senoticias1\" target=\"_blank\" rel=\"noopener\"><b>Facebook\u00a0<\/b><\/a><strong>e no\u00a0<\/strong><a href=\"https:\/\/www.instagram.com\/senoticias\/\" target=\"_blank\" rel=\"noopener\"><b>Instagram<\/b><\/a><\/em><\/a><\/p>\n<p>Por\u00a0Prefeitura de Nossa Senhora do Socorro<\/p>\n","protected":false},"excerpt":{"rendered":"<p>A Prefeitura de Nossa Senhora do Socorro, atrav\u00e9s da Secretaria Municipal de Cultura (Semcult), convida os vendedores ambulantes a realizar o cadastramento para atuar no maior S\u00e3o Pedro de Sergipe. As inscri\u00e7\u00f5es ser\u00e3o realizadas de 1\u00ba a 12 de abril, das 08h \u00e0s 14h, no Centro Cultural Gilson Prado Barreto, situado \u00e0 Rua Ant\u00f4nio Valad\u00e3o, [&hellip;]<\/p>\n","protected":false},"author":6557,"featured_media":0,"comment_status":"closed","ping_status":"closed","sticky":false,"template":"","format":"standard","meta":{"footnotes":""},"categories":[15,21],"tags":[],"class_list":{"0":"post-117591","1":"post","2":"type-post","3":"status-publish","4":"format-standard","6":"category-destaques","7":"category-entretenimento"},"_links":{"self":[{"href":"https:\/\/senoticias.com.br\/se\/wp-json\/wp\/v2\/posts\/117591"}],"collection":[{"href":"https:\/\/senoticias.com.br\/se\/wp-json\/wp\/v2\/posts"}],"about":[{"href":"https:\/\/senoticias.com.br\/se\/wp-json\/wp\/v2\/types\/post"}],"author":[{"embeddable":true,"href":"https:\/\/senoticias.com.br\/se\/wp-json\/wp\/v2\/users\/6557"}],"replies":[{"embeddable":true,"href":"https:\/\/senoticias.com.br\/se\/wp-json\/wp\/v2\/comments?post=117591"}],"version-history":[{"count":0,"href":"https:\/\/senoticias.com.br\/se\/wp-json\/wp\/v2\/posts\/117591\/revisions"}],"wp:attachment":[{"href":"https:\/\/senoticias.com.br\/se\/wp-json\/wp\/v2\/media?parent=117591"}],"wp:term":[{"taxonomy":"category","embeddable":true,"href":"https:\/\/senoticias.com.br\/se\/wp-json\/wp\/v2\/categories?post=117591"},{"taxonomy":"post_tag","embeddable":true,"href":"https:\/\/senoticias.com.br\/se\/wp-json\/wp\/v2\/tags?post=117591"}],"curies":[{"name":"wp","href":"https:\/\/api.w.org\/{rel}","templated":true}]}}