{"id":117586,"date":"2019-03-20T11:34:31","date_gmt":"2019-03-20T14:34:31","guid":{"rendered":"https:\/\/senoticias.com.br\/se\/?p=117586"},"modified":"2019-03-20T11:34:31","modified_gmt":"2019-03-20T14:34:31","slug":"outono-doencas-respiratorias-e-alergias-se-agravam-nesta-estacao","status":"publish","type":"post","link":"https:\/\/senoticias.com.br\/se\/outono-doencas-respiratorias-e-alergias-se-agravam-nesta-estacao\/","title":{"rendered":"Outono: doen\u00e7as respirat\u00f3rias e alergias se agravam nesta esta\u00e7\u00e3o"},"content":{"rendered":"<p style=\"text-align: justify;\">Neste dia 20 de mar\u00e7o, n\u00f3s do hemisf\u00e9rio sul damos as boas-vindas ao Outono, uma das esta\u00e7\u00f5es do ano preferidas dos brasileiros, pois carrega caracter\u00edsticas parecidas tanto com as do inverno como com as do ver\u00e3o. Afinal, ele separa estas duas esta\u00e7\u00f5es.<\/p>\n<div id=\"attachment_117588\" style=\"width: 609px\" class=\"wp-caption aligncenter\"><a href=\"https:\/\/senoticias.com.br\/se\/wp-content\/uploads\/2019\/03\/5c9133886f65b1fdf6a777a5872f7df9c6bbc5eee6ada-1-e1553092425299.jpg\"><img loading=\"lazy\" decoding=\"async\" aria-describedby=\"caption-attachment-117588\" class=\"size-full wp-image-117588\" src=\"https:\/\/senoticias.com.br\/se\/wp-content\/uploads\/2019\/03\/5c9133886f65b1fdf6a777a5872f7df9c6bbc5eee6ada-1-e1553092425299.jpg\" alt=\"\" width=\"599\" height=\"398\" \/><\/a><p id=\"caption-attachment-117588\" class=\"wp-caption-text\">Foto: Imagem\/reprodu\u00e7\u00e3o Net<\/p><\/div>\n<p style=\"text-align: justify;\">Com temperaturas mais amenas, especialmente a noite, e queda da umidade relativa do ar, o Outono traz consigo o agravamento de algumas doen\u00e7as, principalmente as respirat\u00f3rias e as alergias.<\/p>\n<p style=\"text-align: justify;\">No entanto, \u00e9 poss\u00edvel preveni-las para aproveitar o que h\u00e1 de melhor nessa esta\u00e7\u00e3o.<\/p>\n<p style=\"text-align: justify;\">Como o clima fica prop\u00edcio para a transmiss\u00e3o de v\u00edrus e para a prolifera\u00e7\u00e3o de fungos e bact\u00e9rias, a primeira dica \u00e9 evitar aglomera\u00e7\u00f5es.<\/p>\n<p style=\"text-align: justify;\">A pneumologista Maria Luiza D\u00f3rea, do Hospital Universit\u00e1rio da Universidade Federal de Sergipe (HU-UFS), destaca que, nesta \u00e9poca do ano, pessoas com doen\u00e7as cr\u00f4nicas relacionadas ao tabagismo, por exemplo, costumam sofrer mais.<\/p>\n<p style=\"text-align: justify;\">Outros exemplos s\u00e3o os que convivem com asma e rinites, pois a polui\u00e7\u00e3o do ar fica agravada no Outono.<\/p>\n<p style=\"text-align: justify;\">Para diminuir os sintomas destas doen\u00e7as, existem cuidados b\u00e1sicos. &#8220;As pessoas com baixa imunologia devem evitar ficar em ambientes muito fechados e aqueles que t\u00eam uma patologia, como os asm\u00e1ticos, precisam usar a medica\u00e7\u00e3o adequada e de forma correta, sem sessar.<\/p>\n<p style=\"text-align: justify;\">No caso das viroses, a maioria pode ser evitada com vacina\u00e7\u00e3o, inclusive oferecida pelo SUS, especialmente para os doentes cr\u00f4nicos. Quanto mais vacinado, melhor \u00e9.&#8221;, alerta a pneumologista.<\/p>\n<p style=\"text-align: justify;\">N\u00e3o se automedicar \u00e9 outra dica relevante. &#8220;Em casos de sintomas ligados a estas doen\u00e7as, o melhor \u00e9 procurar um posto de sa\u00fade para investigar a situa\u00e7\u00e3o.<\/p>\n<p style=\"text-align: justify;\">S\u00f3 um profissional de sa\u00fade pode indicar a melhor medica\u00e7\u00e3o e a dose adequada tanto para doen\u00e7as respirat\u00f3rias, quanto para alergias e viroses&#8221;, explica Maria Luiza D\u00f3rea.<\/p>\n<p style=\"text-align: justify;\">Os sintomas de doen\u00e7as t\u00edpicas do Outono costumam desaparecer em at\u00e9 7 dias.<\/p>\n<p style=\"text-align: justify;\">Esta esta\u00e7\u00e3o chega ao fim no dia 20 de junho, dando lugar ao Inverno.<\/p>\n<p>&nbsp;<\/p>\n<p><a href=\"https:\/\/senoticias.com.br\/se\/wp-content\/uploads\/2019\/03\/Logomarca-fone-SE-4-2-1-1-1-1-1-1-1-2-1.jpg\"><img loading=\"lazy\" decoding=\"async\" class=\"aligncenter size-full wp-image-117508\" src=\"https:\/\/senoticias.com.br\/se\/wp-content\/uploads\/2019\/03\/Logomarca-fone-SE-4-2-1-1-1-1-1-1-1-2-1.jpg\" alt=\"\" width=\"599\" height=\"78\" srcset=\"https:\/\/senoticias.com.br\/se\/wp-content\/uploads\/2019\/03\/Logomarca-fone-SE-4-2-1-1-1-1-1-1-1-2-1.jpg 599w, https:\/\/senoticias.com.br\/se\/wp-content\/uploads\/2019\/03\/Logomarca-fone-SE-4-2-1-1-1-1-1-1-1-2-1-300x39.jpg 300w\" sizes=\"(max-width: 599px) 100vw, 599px\" \/><\/a><\/p>\n<p><em><strong>\u00a0 Acompanhe o SE Not\u00edcias no\u00a0<\/strong><a href=\"https:\/\/twitter.com\/Senoticias\" target=\"_blank\" rel=\"noopener\"><b>Twitter<\/b><\/a><strong>,\u00a0<\/strong><a href=\"https:\/\/www.facebook.com\/senoticias1\" target=\"_blank\" rel=\"noopener\"><b>Facebook\u00a0<\/b><\/a><strong>e no\u00a0<\/strong><a href=\"https:\/\/www.instagram.com\/senoticias\/\" target=\"_blank\" rel=\"noopener\"><b>Instagram<\/b><\/a><\/em><\/p>\n<p>Por Dourados Agora<\/p>\n","protected":false},"excerpt":{"rendered":"<p>Neste dia 20 de mar\u00e7o, n\u00f3s do hemisf\u00e9rio sul damos as boas-vindas ao Outono, uma das esta\u00e7\u00f5es do ano preferidas dos brasileiros, pois carrega caracter\u00edsticas parecidas tanto com as do inverno como com as do ver\u00e3o. Afinal, ele separa estas duas esta\u00e7\u00f5es. Com temperaturas mais amenas, especialmente a noite, e queda da umidade relativa do [&hellip;]<\/p>\n","protected":false},"author":6557,"featured_media":0,"comment_status":"closed","ping_status":"closed","sticky":false,"template":"","format":"standard","meta":{"footnotes":""},"categories":[15,20],"tags":[],"class_list":{"0":"post-117586","1":"post","2":"type-post","3":"status-publish","4":"format-standard","6":"category-destaques","7":"category-saude"},"_links":{"self":[{"href":"https:\/\/senoticias.com.br\/se\/wp-json\/wp\/v2\/posts\/117586"}],"collection":[{"href":"https:\/\/senoticias.com.br\/se\/wp-json\/wp\/v2\/posts"}],"about":[{"href":"https:\/\/senoticias.com.br\/se\/wp-json\/wp\/v2\/types\/post"}],"author":[{"embeddable":true,"href":"https:\/\/senoticias.com.br\/se\/wp-json\/wp\/v2\/users\/6557"}],"replies":[{"embeddable":true,"href":"https:\/\/senoticias.com.br\/se\/wp-json\/wp\/v2\/comments?post=117586"}],"version-history":[{"count":0,"href":"https:\/\/senoticias.com.br\/se\/wp-json\/wp\/v2\/posts\/117586\/revisions"}],"wp:attachment":[{"href":"https:\/\/senoticias.com.br\/se\/wp-json\/wp\/v2\/media?parent=117586"}],"wp:term":[{"taxonomy":"category","embeddable":true,"href":"https:\/\/senoticias.com.br\/se\/wp-json\/wp\/v2\/categories?post=117586"},{"taxonomy":"post_tag","embeddable":true,"href":"https:\/\/senoticias.com.br\/se\/wp-json\/wp\/v2\/tags?post=117586"}],"curies":[{"name":"wp","href":"https:\/\/api.w.org\/{rel}","templated":true}]}}