{"id":117585,"date":"2019-03-20T11:48:34","date_gmt":"2019-03-20T14:48:34","guid":{"rendered":"https:\/\/senoticias.com.br\/se\/?p=117585"},"modified":"2019-03-20T11:52:53","modified_gmt":"2019-03-20T14:52:53","slug":"mec-cria-comissao-para-avaliar-as-questoes-do-enem","status":"publish","type":"post","link":"https:\/\/senoticias.com.br\/se\/mec-cria-comissao-para-avaliar-as-questoes-do-enem\/","title":{"rendered":"MEC cria comiss\u00e3o para avaliar as quest\u00f5es do Enem"},"content":{"rendered":"<p>\u00d3rg\u00e3o do Minist\u00e9rio da Educa\u00e7\u00e3o respons\u00e1vel pela organiza\u00e7\u00e3o do Exame Nacional do Ensino M\u00e9dio, o Inep instalou nesta quarta-feira, 20, uma comiss\u00e3o para avaliar as quest\u00f5es que est\u00e3o dispon\u00edveis para serem utilizadas na prova e decidir quais ficar\u00e3o de fora.<\/p>\n<div id=\"attachment_117590\" style=\"width: 609px\" class=\"wp-caption alignnone\"><a href=\"https:\/\/senoticias.com.br\/se\/wp-content\/uploads\/2019\/03\/enem-2018-e1553093472634.jpg\"><img loading=\"lazy\" decoding=\"async\" aria-describedby=\"caption-attachment-117590\" class=\"size-full wp-image-117590\" src=\"https:\/\/senoticias.com.br\/se\/wp-content\/uploads\/2019\/03\/enem-2018-e1553093472634.jpg\" alt=\"\" width=\"599\" height=\"399\" \/><\/a><p id=\"caption-attachment-117590\" class=\"wp-caption-text\">Alunos realizam o Exame Nacional do Ensino M\u00e9dio (Enem) em 2018 (INEP &#8211; ENEM\/Divulga\u00e7\u00e3o)<\/p><\/div>\n<p>No final do ano passado, em rea\u00e7\u00e3o a um quest\u00e3o que n\u00e3o lhe agradou na \u00faltima edi\u00e7\u00e3o da prova, o presidente Jair Bolsonaro (PSL) afirmou que seu governo tomaria conhecimento pr\u00e9vio do exame.<\/p>\n<p style=\"text-align: justify;\">Embora n\u00e3o seja exatamente o que Bolsonaro havia prometido, o grupo ter\u00e1 acesso ao ambiente seguro do Inep e dez dias para concluir o trabalho de escolher quais quest\u00f5es devem ficar de fora do exame, que \u00e9 usado na sele\u00e7\u00e3o de universidades p\u00fablicas, no Programa Universidade Para Todos (Prouni) e no Fundo de Financiamento Estudantil (FIES).<\/p>\n<p style=\"text-align: justify;\">De acordo com a portaria 244, publicada hoje, a comiss\u00e3o de tr\u00eas homens ser\u00e1 respons\u00e1vel por avaliar os itens dispon\u00edveis no Banco Nacional de Itens (BNI), mantido pelo Inep, para a montagem da edi\u00e7\u00e3o de 2019 do Enem. O texto diz que o \u201cobjetivo \u00e9 verificar a sua pertin\u00eancia com a realidade social, de modo a assegurar um perfil consensual do Exame\u201d.<\/p>\n<p style=\"text-align: justify;\">Segundo o Inep, as recomenda\u00e7\u00f5es do grupo devem ser justificadas e, caso haja discord\u00e2ncia da dire\u00e7\u00e3o de Avalia\u00e7\u00e3o da Educa\u00e7\u00e3o B\u00e1sica, a palavra final caber\u00e1 ao presidente do \u00f3rg\u00e3o.<\/p>\n<p style=\"text-align: justify;\">O instituto tamb\u00e9m nega que os itens ser\u00e3o descartados. \u201cAs quest\u00f5es dissonantes ser\u00e3o separadas para posterior adequa\u00e7\u00e3o, testagem e utiliza\u00e7\u00e3o, se for o caso\u201d, afirma Marcus Vinicius Rodrigues, presidente do Inep, por meio de nota.<\/p>\n<p style=\"text-align: justify;\">\u201cOs especialistas da comiss\u00e3o s\u00e3o nomes reconhecidos e que podem contribuir para a elabora\u00e7\u00e3o de uma prova com itens que contemplem, n\u00e3o apenas todos os aspectos t\u00e9cnicos formais, mas tamb\u00e9m ecoem as expectativas da sociedade em torno de uma educa\u00e7\u00e3o para o desenvolvimento de um novo projeto de pa\u00eds\u201d, acrescenta.<\/p>\n<p style=\"text-align: justify;\">Entre os membros est\u00e1 Marco Ant\u00f4nio Barroso Faria, ex-aluno do ministro Ricardo V\u00e9lez Rodriguez e que ir\u00e1 representar o Minist\u00e9rio da Educa\u00e7\u00e3o no colegiado. Faria \u00e9 secret\u00e1rio de Regula\u00e7\u00e3o e Supervis\u00e3o da Educa\u00e7\u00e3o Superior da Pasta.<\/p>\n<p style=\"text-align: justify;\">Os outros dois integrantes s\u00e3o Antonio Maur\u00edcio Castanheira das Neves, representante do Inep, e o procurador de Justi\u00e7a do Minist\u00e9rio P\u00fablico de Santa Catarina Gilberto Callado de Oliveira, representante da sociedade civil.<\/p>\n<p style=\"text-align: justify;\">Logo ap\u00f3s ser eleito, o presidente Jair Bolsonaro (PLS) criticou uma quest\u00e3o da prova de linguagens e ci\u00eancias humanas do Enem de 2018, que buscava medir o conhecimento do candidato sobre o que \u00e9 um dialeto.<\/p>\n<p style=\"text-align: justify;\">S\u00f3 que o presidente se insurgiu contra o texto de apoio da quest\u00e3o, que tratava do \u201cpajub\u00e1\u201d, \u201cdialeto secreto\u201d adotado por gays e travestis. Dois dias ap\u00f3s o primeiro dia de avalia\u00e7\u00e3o, Bolsonaro considerou a avalia\u00e7\u00e3o um \u201cvexame\u201d e \u201cdoutrina\u00e7\u00e3o\u201d.<\/p>\n<p style=\"text-align: justify;\">Em dezembro, o presidente voltou \u00e0 carga contra o Enem. Em uma transmiss\u00e3o ao vivo em seu perfil no Facebook, ele afirmou que, a partir de 2019, seu governo ir\u00e1 \u201ctomar conhecimento da prova antes\u201d.<\/p>\n<p style=\"text-align: justify;\"><strong>Sele\u00e7\u00e3o de perguntas<\/strong><\/p>\n<p>Com a iniciativa, o Inep cria uma etapa extra de sele\u00e7\u00e3o das perguntas que ir\u00e3o compor a prova, j\u00e1 que as quest\u00f5es que comp\u00f5em o BNI passam pelo escrut\u00ednio do pr\u00f3prio \u00f3rg\u00e3o.<\/p>\n<p style=\"text-align: justify;\">\u201cO Banco Nacional de Itens (BNI) do Inep tem como objetivos principais a elabora\u00e7\u00e3o permanente e a manuten\u00e7\u00e3o de quantidade expressiva de itens com comprovada qualidade t\u00e9cnico-pedag\u00f3gica\u201d, diz texto de apresenta\u00e7\u00e3o do sistema.<\/p>\n<p style=\"text-align: justify;\">As quest\u00f5es s\u00e3o elaboradas por professores de diversas universidades brasileiras e, em seguida, inclu\u00eddas em pr\u00e9-testes aplicados a alunos do ensino m\u00e9dio da rede p\u00fablica.<\/p>\n<p style=\"text-align: justify;\">Depois, as quest\u00f5es v\u00e3o para BNI, que abriga mais de 10.000 perguntas. Conforme o resultado do pr\u00e9-teste, as quest\u00f5es recebem diferentes graus de dificuldade, entre f\u00e1ceis, m\u00e9dias e dif\u00edceis.<\/p>\n<p style=\"text-align: justify;\">As perguntas de cada \u00e1rea de conhecimento cobradas no Enem devem equilibrar o grau de dificuldade das perguntas na propor\u00e7\u00e3o de 25% f\u00e1ceis, 50% m\u00e9dias e 25% dif\u00edceis.<\/p>\n<p style=\"text-align: justify;\">Segundo o Inep, o Ambiente F\u00edsico Integrado Seguro, onde a prova \u00e9 elaborada e a comiss\u00e3o ter\u00e1 acesso, tem \u201cseguran\u00e7a m\u00e1xima\u201d e acesso restrito.<\/p>\n<p style=\"text-align: justify;\">Este ano, o Enem ser\u00e1 aplicado nos dias 3 e 10 de novembro. As inscri\u00e7\u00f5es estar\u00e3o abertas de 6 a 17 de maio. Entre 1\u00ba e 10 de abril, os estudantes poder\u00e3o pedir isen\u00e7\u00e3o da taxa de inscri\u00e7\u00e3o. Nesse mesmo per\u00edodo, o Inep vai receber as justificativas dos que faltaram \u00e0s provas em 2018.<\/p>\n<p>&nbsp;<\/p>\n<p>&nbsp;<\/p>\n<p><a href=\"https:\/\/senoticias.com.br\/se\/wp-content\/uploads\/2019\/03\/Logomarca-fone-SE-4-2-1-1-1-1-1-1-1-2-1.jpg\"><img loading=\"lazy\" decoding=\"async\" class=\"alignnone size-full wp-image-117508\" src=\"https:\/\/senoticias.com.br\/se\/wp-content\/uploads\/2019\/03\/Logomarca-fone-SE-4-2-1-1-1-1-1-1-1-2-1.jpg\" alt=\"\" width=\"599\" height=\"78\" srcset=\"https:\/\/senoticias.com.br\/se\/wp-content\/uploads\/2019\/03\/Logomarca-fone-SE-4-2-1-1-1-1-1-1-1-2-1.jpg 599w, https:\/\/senoticias.com.br\/se\/wp-content\/uploads\/2019\/03\/Logomarca-fone-SE-4-2-1-1-1-1-1-1-1-2-1-300x39.jpg 300w\" sizes=\"(max-width: 599px) 100vw, 599px\" \/><\/a><\/p>\n<p>&nbsp;<\/p>\n<p><em><strong>Acompanhe o SE Not\u00edcias no\u00a0<\/strong><a href=\"https:\/\/twitter.com\/Senoticias\" target=\"_blank\" rel=\"noopener\"><b>Twitter<\/b><\/a><strong>,\u00a0<\/strong><a href=\"https:\/\/www.facebook.com\/senoticias1\" target=\"_blank\" rel=\"noopener\"><b>Facebook\u00a0<\/b><\/a><strong>e no\u00a0<\/strong><a href=\"https:\/\/www.instagram.com\/senoticias\/\" target=\"_blank\" rel=\"noopener\"><b>Instagram<\/b><\/a><\/em><\/p>\n<p>&nbsp;<\/p>\n<p><em>Reda\u00e7\u00e3o Veja<\/em><\/p>\n","protected":false},"excerpt":{"rendered":"<p>\u00d3rg\u00e3o do Minist\u00e9rio da Educa\u00e7\u00e3o respons\u00e1vel pela organiza\u00e7\u00e3o do Exame Nacional do Ensino M\u00e9dio, o Inep instalou nesta quarta-feira, 20, uma comiss\u00e3o para avaliar as quest\u00f5es que est\u00e3o dispon\u00edveis para serem utilizadas na prova e decidir quais ficar\u00e3o de fora. No final do ano passado, em rea\u00e7\u00e3o a um quest\u00e3o que n\u00e3o lhe agradou na [&hellip;]<\/p>\n","protected":false},"author":6552,"featured_media":117590,"comment_status":"closed","ping_status":"closed","sticky":false,"template":"","format":"standard","meta":{"footnotes":""},"categories":[15,1],"tags":[764,11855,896,843],"class_list":{"0":"post-117585","1":"post","2":"type-post","3":"status-publish","4":"format-standard","5":"has-post-thumbnail","7":"category-destaques","8":"category-sem-categoria","9":"tag-enem","10":"tag-enem-2019","11":"tag-mec","12":"tag-prouni"},"_links":{"self":[{"href":"https:\/\/senoticias.com.br\/se\/wp-json\/wp\/v2\/posts\/117585"}],"collection":[{"href":"https:\/\/senoticias.com.br\/se\/wp-json\/wp\/v2\/posts"}],"about":[{"href":"https:\/\/senoticias.com.br\/se\/wp-json\/wp\/v2\/types\/post"}],"author":[{"embeddable":true,"href":"https:\/\/senoticias.com.br\/se\/wp-json\/wp\/v2\/users\/6552"}],"replies":[{"embeddable":true,"href":"https:\/\/senoticias.com.br\/se\/wp-json\/wp\/v2\/comments?post=117585"}],"version-history":[{"count":0,"href":"https:\/\/senoticias.com.br\/se\/wp-json\/wp\/v2\/posts\/117585\/revisions"}],"wp:featuredmedia":[{"embeddable":true,"href":"https:\/\/senoticias.com.br\/se\/wp-json\/wp\/v2\/media\/117590"}],"wp:attachment":[{"href":"https:\/\/senoticias.com.br\/se\/wp-json\/wp\/v2\/media?parent=117585"}],"wp:term":[{"taxonomy":"category","embeddable":true,"href":"https:\/\/senoticias.com.br\/se\/wp-json\/wp\/v2\/categories?post=117585"},{"taxonomy":"post_tag","embeddable":true,"href":"https:\/\/senoticias.com.br\/se\/wp-json\/wp\/v2\/tags?post=117585"}],"curies":[{"name":"wp","href":"https:\/\/api.w.org\/{rel}","templated":true}]}}