{"id":117579,"date":"2019-03-20T06:31:18","date_gmt":"2019-03-20T09:31:18","guid":{"rendered":"https:\/\/senoticias.com.br\/se\/?p=117579"},"modified":"2019-03-20T06:37:47","modified_gmt":"2019-03-20T09:37:47","slug":"smtt-fara-sorteio-de-bicicletas-no-passeio-ciclistico-aniversario-da-cidade","status":"publish","type":"post","link":"https:\/\/senoticias.com.br\/se\/smtt-fara-sorteio-de-bicicletas-no-passeio-ciclistico-aniversario-da-cidade\/","title":{"rendered":"SMTT far\u00e1 sorteio de bicicletas no Passeio Cicl\u00edstico \u2018Anivers\u00e1rio da Cidade\u2019"},"content":{"rendered":"<p style=\"text-align: justify;\">No pr\u00f3ximo domingo, 24, a Superintend\u00eancia Municipal de Transportes e Tr\u00e2nsito (SMTT) realizar\u00e1 mais uma edi\u00e7\u00e3o do tradicional Passeio Cicl\u00edstico \u2018Anivers\u00e1rio da Cidade\u2019, em homenagem aos 164 anos da capital sergipana. A a\u00e7\u00e3o integra a programa\u00e7\u00e3o da Prefeitura Municipal de Aracaju (PMA) em homenagem \u00e0 data. Al\u00e9m do cortejo, os participantes do passeio v\u00e3o concorrer ao sorteio de bicicletas.<\/p>\n<div id=\"attachment_117580\" style=\"width: 609px\" class=\"wp-caption alignnone\"><a href=\"https:\/\/senoticias.com.br\/se\/wp-content\/uploads\/2019\/03\/bikesdosorteio-5670-800-600-80-e1553074400877.jpg\"><img loading=\"lazy\" decoding=\"async\" aria-describedby=\"caption-attachment-117580\" class=\"size-full wp-image-117580\" src=\"https:\/\/senoticias.com.br\/se\/wp-content\/uploads\/2019\/03\/bikesdosorteio-5670-800-600-80-e1553074400877.jpg\" alt=\"\" width=\"599\" height=\"389\" \/><\/a><p id=\"caption-attachment-117580\" class=\"wp-caption-text\">Corrida Cidade de Aracaju acontece no pr\u00f3ximo domingo, 24. (Foto: ascom\/SMT)<\/p><\/div>\n<p>Os pr\u00eamios foram doados por empresas e institui\u00e7\u00f5es parceiras da SMTT na realiza\u00e7\u00e3o do evento. Todo ciclista que se inscrever no local de concentra\u00e7\u00e3o do passeio receber\u00e1 um adesivo com n\u00famero para o sorteio das bicicletas, que acontecer\u00e1 no Parque Augusto Franco, ponto final do percurso. As inscri\u00e7\u00f5es ser\u00e3o feitas no local a partir das 7h da manh\u00e3 do domingo, na Colina do Santo Ant\u00f4nio, em troca de um quilo de alimento n\u00e3o perec\u00edvel \u2013 que ser\u00e1 doado ao Instituto Beneficente Emmanuel (Ibem).<\/p>\n<p style=\"text-align: justify;\">Para o superintendente interino da SMTT, Renato Telles, a parceria com empresas engrandece o evento. \u201c\u00c0 primeira vista, parece uma iniciativa simples, mas h\u00e1 tamb\u00e9m uma simbologia envolvida: a de que esta administra\u00e7\u00e3o est\u00e1 disposta a somar for\u00e7as com os entes que queiram contribuir com projetos que dialoguem com o bem-estar e qualidade de vida da popula\u00e7\u00e3o, em especial aos que mais precisam. Estamos muito agradecidos aos nossos parceiros que abra\u00e7aram o nosso evento\u201d, declara.<\/p>\n<p style=\"text-align: justify;\">O Passeio Cicl\u00edstico \u2018Anivers\u00e1rio de Aracaju\u2019 \u00e9 uma realiza\u00e7\u00e3o da Prefeitura Municipal de Aracaju, atrav\u00e9s da SMTT, em parceria com Energisa, Banese Card, Instituto Banese, Construtora L\u00edder, Pisolar, Shopping Jardins, Riomar Shopping, RR Bike e Farol Parking.<\/p>\n<p style=\"text-align: justify;\"><strong>O percurso do passeio<\/strong><\/p>\n<p style=\"text-align: justify;\">Os ciclistas seguir\u00e3o pelas avenidas Jo\u00e3o Ribeiro, Sime\u00e3o Sobral, Otoniel D\u00f3ria, Rio Branco, pra\u00e7a Fausto Cardoso, pra\u00e7a Ol\u00edmpio Campos, rua Santa Luzia, rua Duque de Caxias, avenida Augusto Maynard e avenida Beira Mar, totalizando 10,8km. O encerramento do passeio cicl\u00edstico ser\u00e1 no Parque Governador Augusto Franco (Sementeira).<\/p>\n<p style=\"text-align: justify;\">Os agentes da SMTT acompanhar\u00e3o todo o percurso e far\u00e3o interrup\u00e7\u00f5es no tr\u00e2nsito apenas para a passagem dos ciclistas. Nenhuma via ser\u00e1 totalmente fechada.<\/p>\n<p style=\"text-align: justify;\"><strong>Solidariedade<\/strong><\/p>\n<p style=\"text-align: justify;\">Este ano, o passeio tamb\u00e9m tem um cunho solid\u00e1rio. \u201cAl\u00e9m do est\u00edmulo \u00e0 pr\u00e1tica do ciclismo, no passeio deste ano, estamos incentivando a solidariedade. A inscri\u00e7\u00e3o ser\u00e1 feita em troca de um quilo de alimento e todos os mantimentos ser\u00e3o doados para uma institui\u00e7\u00e3o beneficente. Ent\u00e3o, convidamos toda a popula\u00e7\u00e3o para participar do passeio e tamb\u00e9m ajudar ao pr\u00f3ximo\u201d, frisa o superintendente interino da SMTT.<\/p>\n<p style=\"text-align: justify;\">A entidade que receber\u00e1 os alimentos arrecadados \u00e9 a Institui\u00e7\u00e3o Beneficente Emmanuel, que fica no bairro Santa Maria e atende a comunidade da regi\u00e3o desde 1999 com projetos para pessoas de todas as idades. A Ibem tamb\u00e9m faz distribui\u00e7\u00e3o de sopa para os moradores do bairro de segunda a sexta. Aos s\u00e1bados, s\u00e3o distribu\u00eddos alimentos.<\/p>\n<p>&nbsp;<\/p>\n<p><a href=\"https:\/\/senoticias.com.br\/se\/wp-content\/uploads\/2019\/03\/Logomarca-fone-SE-4-2-1-1-1-1-1-1-1-2-1.jpg\"><img loading=\"lazy\" decoding=\"async\" class=\"alignnone size-full wp-image-117508\" src=\"https:\/\/senoticias.com.br\/se\/wp-content\/uploads\/2019\/03\/Logomarca-fone-SE-4-2-1-1-1-1-1-1-1-2-1.jpg\" alt=\"\" width=\"599\" height=\"78\" srcset=\"https:\/\/senoticias.com.br\/se\/wp-content\/uploads\/2019\/03\/Logomarca-fone-SE-4-2-1-1-1-1-1-1-1-2-1.jpg 599w, https:\/\/senoticias.com.br\/se\/wp-content\/uploads\/2019\/03\/Logomarca-fone-SE-4-2-1-1-1-1-1-1-1-2-1-300x39.jpg 300w\" sizes=\"(max-width: 599px) 100vw, 599px\" \/><\/a><\/p>\n<p>&nbsp;<\/p>\n<p><em><strong>Acompanhe o SE Not\u00edcias no\u00a0<\/strong><a href=\"https:\/\/twitter.com\/Senoticias\" target=\"_blank\" rel=\"noopener\"><b>Twitter<\/b><\/a><strong>,\u00a0<\/strong><a href=\"https:\/\/www.facebook.com\/senoticias1\" target=\"_blank\" rel=\"noopener\"><b>Facebook\u00a0<\/b><\/a><strong>e no\u00a0<\/strong><a href=\"https:\/\/www.instagram.com\/senoticias\/\" target=\"_blank\" rel=\"noopener\"><b>Instagram<\/b><\/a><\/em><\/p>\n<p><em>Mat\u00e9ria enviada pela ascom\/SMTT\/Aracaju<\/em><\/p>\n","protected":false},"excerpt":{"rendered":"<p>No pr\u00f3ximo domingo, 24, a Superintend\u00eancia Municipal de Transportes e Tr\u00e2nsito (SMTT) realizar\u00e1 mais uma edi\u00e7\u00e3o do tradicional Passeio Cicl\u00edstico \u2018Anivers\u00e1rio da Cidade\u2019, em homenagem aos 164 anos da capital sergipana. A a\u00e7\u00e3o integra a programa\u00e7\u00e3o da Prefeitura Municipal de Aracaju (PMA) em homenagem \u00e0 data. Al\u00e9m do cortejo, os participantes do passeio v\u00e3o concorrer [&hellip;]<\/p>\n","protected":false},"author":6552,"featured_media":117580,"comment_status":"closed","ping_status":"closed","sticky":false,"template":"","format":"standard","meta":{"footnotes":""},"categories":[15,21,1],"tags":[9084,2190,213,2979],"class_list":{"0":"post-117579","1":"post","2":"type-post","3":"status-publish","4":"format-standard","5":"has-post-thumbnail","7":"category-destaques","8":"category-entretenimento","9":"category-sem-categoria","10":"tag-aniversario-de-aracaju","11":"tag-corrida-cidade-de-aracaju","12":"tag-prefeitura-de-aracaju","13":"tag-smtt"},"_links":{"self":[{"href":"https:\/\/senoticias.com.br\/se\/wp-json\/wp\/v2\/posts\/117579"}],"collection":[{"href":"https:\/\/senoticias.com.br\/se\/wp-json\/wp\/v2\/posts"}],"about":[{"href":"https:\/\/senoticias.com.br\/se\/wp-json\/wp\/v2\/types\/post"}],"author":[{"embeddable":true,"href":"https:\/\/senoticias.com.br\/se\/wp-json\/wp\/v2\/users\/6552"}],"replies":[{"embeddable":true,"href":"https:\/\/senoticias.com.br\/se\/wp-json\/wp\/v2\/comments?post=117579"}],"version-history":[{"count":0,"href":"https:\/\/senoticias.com.br\/se\/wp-json\/wp\/v2\/posts\/117579\/revisions"}],"wp:featuredmedia":[{"embeddable":true,"href":"https:\/\/senoticias.com.br\/se\/wp-json\/wp\/v2\/media\/117580"}],"wp:attachment":[{"href":"https:\/\/senoticias.com.br\/se\/wp-json\/wp\/v2\/media?parent=117579"}],"wp:term":[{"taxonomy":"category","embeddable":true,"href":"https:\/\/senoticias.com.br\/se\/wp-json\/wp\/v2\/categories?post=117579"},{"taxonomy":"post_tag","embeddable":true,"href":"https:\/\/senoticias.com.br\/se\/wp-json\/wp\/v2\/tags?post=117579"}],"curies":[{"name":"wp","href":"https:\/\/api.w.org\/{rel}","templated":true}]}}