{"id":117576,"date":"2019-03-19T16:35:28","date_gmt":"2019-03-19T19:35:28","guid":{"rendered":"https:\/\/senoticias.com.br\/se\/?p=117576"},"modified":"2019-03-19T16:53:29","modified_gmt":"2019-03-19T19:53:29","slug":"fiscalizacao-do-mpe-apreende-98-quilos-de-frango-e-30-quilos-de-carne","status":"publish","type":"post","link":"https:\/\/senoticias.com.br\/se\/fiscalizacao-do-mpe-apreende-98-quilos-de-frango-e-30-quilos-de-carne\/","title":{"rendered":"Fiscaliza\u00e7\u00e3o do MPE apreende 98 quilos de frango e 30 quilos de carne"},"content":{"rendered":"<p style=\"text-align: justify;\">Nesta ter\u00e7a-feira (19), equipes da Empresa de Desenvolvimento Agropecu\u00e1rio de Sergipe (Emdagro), da Vigil\u00e2ncia Sanit\u00e1ria e da Empresa Municipal de Servi\u00e7os Urbanos (Emsurb) realizaram uma fiscaliza\u00e7\u00e3o na feira livre localizada no bairro 13 de Julho, em Aracaju. Na oportunidade, foram apreendidos 98 quilos de frango e 30 quilos de carne.<\/p>\n<div id=\"attachment_117577\" style=\"width: 609px\" class=\"wp-caption alignnone\"><a href=\"https:\/\/senoticias.com.br\/se\/wp-content\/uploads\/2019\/03\/iiiii-e1553024203612.jpg\"><img loading=\"lazy\" decoding=\"async\" aria-describedby=\"caption-attachment-117577\" class=\"size-full wp-image-117577\" src=\"https:\/\/senoticias.com.br\/se\/wp-content\/uploads\/2019\/03\/iiiii-e1553024203612.jpg\" alt=\"\" width=\"599\" height=\"397\" \/><\/a><p id=\"caption-attachment-117577\" class=\"wp-caption-text\">Durante e fiscaliza\u00e7\u00e3o, frangos abatidos e carne bovina sem comprova\u00e7\u00e3o de preced\u00eancia foram apreendidos. (Foto: arquivo\/MPE)<\/p><\/div>\n<p style=\"text-align: justify;\">Conforme a equipe de reportagem da TV Atalaia acompanhou, os feirantes se queixaram da aus\u00eancia de refrigerador e, dessa maneira, n\u00e3o podem fazer o armazenamento correto e adequado. Para o caso, a Emsurb salientou que uma licita\u00e7\u00e3o ser\u00e1 feita para poder adequar as feiras livres.<\/p>\n<p style=\"text-align: justify;\">De acordo com a promotora Euza Missano, da Promotoria do Direito do Consumidor do Minist\u00e9rio P\u00fablico Estadual, os produtos ainda est\u00e3o sendo comercializados de forma inadequada sendo expostos nos intemperes do tempo.<\/p>\n<p>&nbsp;<\/p>\n<p><em><strong>Acompanhe o SE Not\u00edcias no\u00a0<\/strong><a href=\"https:\/\/twitter.com\/Senoticias\" target=\"_blank\" rel=\"noopener\"><b>Twitter<\/b><\/a><strong>,\u00a0<\/strong><a href=\"https:\/\/www.facebook.com\/senoticias1\" target=\"_blank\" rel=\"noopener\"><b>Facebook\u00a0<\/b><\/a><strong>e no\u00a0<\/strong><a href=\"https:\/\/www.instagram.com\/senoticias\/\" target=\"_blank\" rel=\"noopener\"><b>Instagram<\/b><\/a><\/em><\/p>\n<p>&nbsp;<\/p>\n<p>Com informa\u00e7\u00f5es do A8SE.com<\/p>\n","protected":false},"excerpt":{"rendered":"<p>Nesta ter\u00e7a-feira (19), equipes da Empresa de Desenvolvimento Agropecu\u00e1rio de Sergipe (Emdagro), da Vigil\u00e2ncia Sanit\u00e1ria e da Empresa Municipal de Servi\u00e7os Urbanos (Emsurb) realizaram uma fiscaliza\u00e7\u00e3o na feira livre localizada no bairro 13 de Julho, em Aracaju. Na oportunidade, foram apreendidos 98 quilos de frango e 30 quilos de carne. Conforme a equipe de reportagem [&hellip;]<\/p>\n","protected":false},"author":6552,"featured_media":0,"comment_status":"closed","ping_status":"closed","sticky":false,"template":"","format":"standard","meta":{"footnotes":""},"categories":[15,1],"tags":[11851,10886],"class_list":{"0":"post-117576","1":"post","2":"type-post","3":"status-publish","4":"format-standard","6":"category-destaques","7":"category-sem-categoria","8":"tag-carnes-apreendidas","9":"tag-feira-livre"},"_links":{"self":[{"href":"https:\/\/senoticias.com.br\/se\/wp-json\/wp\/v2\/posts\/117576"}],"collection":[{"href":"https:\/\/senoticias.com.br\/se\/wp-json\/wp\/v2\/posts"}],"about":[{"href":"https:\/\/senoticias.com.br\/se\/wp-json\/wp\/v2\/types\/post"}],"author":[{"embeddable":true,"href":"https:\/\/senoticias.com.br\/se\/wp-json\/wp\/v2\/users\/6552"}],"replies":[{"embeddable":true,"href":"https:\/\/senoticias.com.br\/se\/wp-json\/wp\/v2\/comments?post=117576"}],"version-history":[{"count":0,"href":"https:\/\/senoticias.com.br\/se\/wp-json\/wp\/v2\/posts\/117576\/revisions"}],"wp:attachment":[{"href":"https:\/\/senoticias.com.br\/se\/wp-json\/wp\/v2\/media?parent=117576"}],"wp:term":[{"taxonomy":"category","embeddable":true,"href":"https:\/\/senoticias.com.br\/se\/wp-json\/wp\/v2\/categories?post=117576"},{"taxonomy":"post_tag","embeddable":true,"href":"https:\/\/senoticias.com.br\/se\/wp-json\/wp\/v2\/tags?post=117576"}],"curies":[{"name":"wp","href":"https:\/\/api.w.org\/{rel}","templated":true}]}}