{"id":117573,"date":"2019-03-19T13:59:08","date_gmt":"2019-03-19T16:59:08","guid":{"rendered":"https:\/\/senoticias.com.br\/se\/?p=117573"},"modified":"2019-03-19T14:04:58","modified_gmt":"2019-03-19T17:04:58","slug":"policia-civil-prende-dois-suspeitos-de-trafico-de-anabolizantes-em-aracaju","status":"publish","type":"post","link":"https:\/\/senoticias.com.br\/se\/policia-civil-prende-dois-suspeitos-de-trafico-de-anabolizantes-em-aracaju\/","title":{"rendered":"Pol\u00edcia Civil prende dois suspeitos de tr\u00e1fico de anabolizantes em Aracaju"},"content":{"rendered":"<p style=\"text-align: justify;\">Na tarde da segunda-feira, 18, policiais civis do Departamento de Narc\u00f3ticos (Denarc) prenderam dois suspeitos de traficar anabolizantes na cidade de Aracaju. Um dos suspeitos alugava uma sala no Centro da capital para armazenar as subst\u00e2ncias.<\/p>\n<p style=\"text-align: justify;\">Segundo a pol\u00edcia, as investiga\u00e7\u00f5es iniciaram h\u00e1 cerca de 6 meses, ap\u00f3s liga\u00e7\u00f5es para o Disque Den\u00fancia. As informa\u00e7\u00f5es davam conta da atua\u00e7\u00e3o do suspeito Vin\u00edcius Gen\u00e9sio Cunha Nunes na venda de anabolizantes e outras subst\u00e2ncias para v\u00e1rias academias e clientes de Aracaju.<\/p>\n<div id=\"attachment_117574\" style=\"width: 609px\" class=\"wp-caption alignnone\"><a href=\"https:\/\/senoticias.com.br\/se\/wp-content\/uploads\/2019\/03\/djfjFDFif-e1553014829210.png\"><img loading=\"lazy\" decoding=\"async\" aria-describedby=\"caption-attachment-117574\" class=\"size-full wp-image-117574\" src=\"https:\/\/senoticias.com.br\/se\/wp-content\/uploads\/2019\/03\/djfjFDFif-e1553014829210.png\" alt=\"\" width=\"599\" height=\"449\" \/><\/a><p id=\"caption-attachment-117574\" class=\"wp-caption-text\">Foram apreendidos mais de 700 anabolizantes e comprimidos. (Foto: Pol\u00edcia Civil)<\/p><\/div>\n<p style=\"text-align: justify;\">\u201cH\u00e1 cerca de 15 dias conseguimos identificar o local que o suspeito alugou para servir de suporte para as subst\u00e2ncias que ele vendia. J\u00e1 na tarde de segunda, foi deflagrada a pris\u00e3o dele e do motoboy Ramon Jonas Lima, que trabalhava para ele\u201d, esclarece a delegada Aliete Melo, respons\u00e1vel pela opera\u00e7\u00e3o.<\/p>\n<p>&nbsp;<\/p>\n<p style=\"text-align: justify;\">A delegada tamb\u00e9m explica que o suspeito Vin\u00edcius tinha iniciado o tr\u00e1fico h\u00e1 alguns anos, mas s\u00f3 em 2018 teve um crescimento exponencial. \u201cA maior parte da subst\u00e2ncia ele armazenava na sala no Centro de Aracaju, mas tamb\u00e9m foi apreendida uma quantidade de droga no apartamento que o suspeito residia, no bairro Atalaia\u201d, explica a delegada.<\/p>\n<p style=\"text-align: justify;\">De acordo com as informa\u00e7\u00f5es, esse tipo de infra\u00e7\u00e3o corresponde \u00e0 mesma pena de tr\u00e1fico de drogas, de 5 a 15 anos de pris\u00e3o. \u201cEles tinham uma escala comercial para fazer a entrega do produto. S\u00e3o produtos que ser\u00e3o periciados, pois s\u00e3o comercializados sem a autoriza\u00e7\u00e3o do \u00f3rg\u00e3o de vigil\u00e2ncia sanit\u00e1ria\u201d, ressalta o delegado Osvaldo Rezende, do Departamento de Narc\u00f3ticos (Denarc).<\/p>\n<p style=\"text-align: justify;\">Os dois suspeitos e o material apreendido foram levados ao Denarc. Eles ir\u00e3o responder pelos crimes de falsifica\u00e7\u00e3o, corrup\u00e7\u00e3o, adultera\u00e7\u00e3o, altera\u00e7\u00e3o de produto destinado a fins terap\u00eauticos ou medicinais de produtos de proced\u00eancia ignorada.<\/p>\n<p>&nbsp;<\/p>\n<p>&nbsp;<\/p>\n<p><a href=\"https:\/\/senoticias.com.br\/se\/wp-content\/uploads\/2019\/03\/Logomarca-fone-SE-4-2-1-1-1-1-1-1-1-2-1.jpg\"><img loading=\"lazy\" decoding=\"async\" class=\"alignnone size-full wp-image-117508\" src=\"https:\/\/senoticias.com.br\/se\/wp-content\/uploads\/2019\/03\/Logomarca-fone-SE-4-2-1-1-1-1-1-1-1-2-1.jpg\" alt=\"\" width=\"599\" height=\"78\" srcset=\"https:\/\/senoticias.com.br\/se\/wp-content\/uploads\/2019\/03\/Logomarca-fone-SE-4-2-1-1-1-1-1-1-1-2-1.jpg 599w, https:\/\/senoticias.com.br\/se\/wp-content\/uploads\/2019\/03\/Logomarca-fone-SE-4-2-1-1-1-1-1-1-1-2-1-300x39.jpg 300w\" sizes=\"(max-width: 599px) 100vw, 599px\" \/><\/a><\/p>\n<p>&nbsp;<\/p>\n<p>&nbsp;<\/p>\n<p><em><strong>Acompanhe o SE Not\u00edcias no\u00a0<\/strong><a href=\"https:\/\/twitter.com\/Senoticias\" target=\"_blank\" rel=\"noopener\"><b>Twitter<\/b><\/a><strong>,\u00a0<\/strong><a href=\"https:\/\/www.facebook.com\/senoticias1\" target=\"_blank\" rel=\"noopener\"><b>Facebook\u00a0<\/b><\/a><strong>e no\u00a0<\/strong><a href=\"https:\/\/www.instagram.com\/senoticias\/\" target=\"_blank\" rel=\"noopener\"><b>Instagram<\/b><\/a><\/em><\/p>\n<p>&nbsp;<\/p>\n<p><em>Mat\u00e9ria extra\u00edda do <strong>site<\/strong> da SSP\/SE<\/em><\/p>\n","protected":false},"excerpt":{"rendered":"<p>Na tarde da segunda-feira, 18, policiais civis do Departamento de Narc\u00f3ticos (Denarc) prenderam dois suspeitos de traficar anabolizantes na cidade de Aracaju. Um dos suspeitos alugava uma sala no Centro da capital para armazenar as subst\u00e2ncias. Segundo a pol\u00edcia, as investiga\u00e7\u00f5es iniciaram h\u00e1 cerca de 6 meses, ap\u00f3s liga\u00e7\u00f5es para o Disque Den\u00fancia. As informa\u00e7\u00f5es [&hellip;]<\/p>\n","protected":false},"author":6552,"featured_media":117574,"comment_status":"closed","ping_status":"closed","sticky":false,"template":"","format":"standard","meta":{"footnotes":""},"categories":[15,7,1],"tags":[11849,11850,78,8359],"class_list":{"0":"post-117573","1":"post","2":"type-post","3":"status-publish","4":"format-standard","5":"has-post-thumbnail","7":"category-destaques","8":"category-policia","9":"category-sem-categoria","10":"tag-anabolizantes","11":"tag-delegada-aliete-melo","12":"tag-policia-civil","13":"tag-sspse"},"_links":{"self":[{"href":"https:\/\/senoticias.com.br\/se\/wp-json\/wp\/v2\/posts\/117573"}],"collection":[{"href":"https:\/\/senoticias.com.br\/se\/wp-json\/wp\/v2\/posts"}],"about":[{"href":"https:\/\/senoticias.com.br\/se\/wp-json\/wp\/v2\/types\/post"}],"author":[{"embeddable":true,"href":"https:\/\/senoticias.com.br\/se\/wp-json\/wp\/v2\/users\/6552"}],"replies":[{"embeddable":true,"href":"https:\/\/senoticias.com.br\/se\/wp-json\/wp\/v2\/comments?post=117573"}],"version-history":[{"count":0,"href":"https:\/\/senoticias.com.br\/se\/wp-json\/wp\/v2\/posts\/117573\/revisions"}],"wp:featuredmedia":[{"embeddable":true,"href":"https:\/\/senoticias.com.br\/se\/wp-json\/wp\/v2\/media\/117574"}],"wp:attachment":[{"href":"https:\/\/senoticias.com.br\/se\/wp-json\/wp\/v2\/media?parent=117573"}],"wp:term":[{"taxonomy":"category","embeddable":true,"href":"https:\/\/senoticias.com.br\/se\/wp-json\/wp\/v2\/categories?post=117573"},{"taxonomy":"post_tag","embeddable":true,"href":"https:\/\/senoticias.com.br\/se\/wp-json\/wp\/v2\/tags?post=117573"}],"curies":[{"name":"wp","href":"https:\/\/api.w.org\/{rel}","templated":true}]}}