{"id":117551,"date":"2019-03-18T18:18:29","date_gmt":"2019-03-18T21:18:29","guid":{"rendered":"https:\/\/senoticias.com.br\/se\/?p=117551"},"modified":"2019-03-18T18:27:22","modified_gmt":"2019-03-18T21:27:22","slug":"morre-o-desembargador-manuel-pascoal-nabuco-davila","status":"publish","type":"post","link":"https:\/\/senoticias.com.br\/se\/morre-o-desembargador-manuel-pascoal-nabuco-davila\/","title":{"rendered":"Morre o desembargador Manuel Pascoal Nabuco D\u2019\u00c1vila"},"content":{"rendered":"<p style=\"text-align: justify;\">Faleceu nesta segunda-feira, 18, o Desembargador Manuel Pascoal Nabuco D\u2019\u00c1vila, ex-Presidente do Tribunal de Justi\u00e7a de Sergipe (TJSE).<\/p>\n<div id=\"attachment_117552\" style=\"width: 410px\" class=\"wp-caption alignnone\"><a href=\"https:\/\/senoticias.com.br\/se\/wp-content\/uploads\/2019\/03\/a7febdffaa1f5a82703eb99457d9a269_M.jpg\"><img loading=\"lazy\" decoding=\"async\" aria-describedby=\"caption-attachment-117552\" class=\"size-full wp-image-117552\" src=\"https:\/\/senoticias.com.br\/se\/wp-content\/uploads\/2019\/03\/a7febdffaa1f5a82703eb99457d9a269_M.jpg\" alt=\"\" width=\"400\" height=\"273\" srcset=\"https:\/\/senoticias.com.br\/se\/wp-content\/uploads\/2019\/03\/a7febdffaa1f5a82703eb99457d9a269_M.jpg 400w, https:\/\/senoticias.com.br\/se\/wp-content\/uploads\/2019\/03\/a7febdffaa1f5a82703eb99457d9a269_M-300x205.jpg 300w, https:\/\/senoticias.com.br\/se\/wp-content\/uploads\/2019\/03\/a7febdffaa1f5a82703eb99457d9a269_M-90x60.jpg 90w, https:\/\/senoticias.com.br\/se\/wp-content\/uploads\/2019\/03\/a7febdffaa1f5a82703eb99457d9a269_M-95x64.jpg 95w\" sizes=\"(max-width: 400px) 100vw, 400px\" \/><\/a><p id=\"caption-attachment-117552\" class=\"wp-caption-text\">Manuel Pascoal Nabuco D\u2019\u00c1vila, ex-Presidente do Tribunal de Justi\u00e7a de Sergipe. (Foto: arquivo\/TJSE)<\/p><\/div>\n<p style=\"text-align: justify;\">Filho de Jo\u00e3o Nabuco D\u2019\u00c1vila e Maria de Lourdes Nabuco D\u2019\u00c1vila, nasceu em Riachuelo\/SE, em 17 de agosto de 1937. Passou a morar em Aracaju em 1948, onde foi aluno do Col\u00e9gio Tobias Barreto, em regime de internato. Formou-se na Faculdade de Direito de Sergipe em 1961. Casou-se em 1966 com Maria Isabel Carvalho, neta do Desembargador Jo\u00e3o Baptista Carvalho, primeiro Presidente do TJSE.<\/p>\n<p style=\"text-align: justify;\">Antes de ingressar no Minist\u00e9rio P\u00fablico, como Promotor de Justi\u00e7a, em 1980, Pascoal Nabuco foi Prefeito de Est\u00e2ncia, onde n\u00e3o concluiu o mandato por conta do regime militar. Ascendeu ao cargo de Desembargador do Tribunal de Justi\u00e7a de Sergipe em 5 de agosto de 1996. Foi Corregedor-Geral de Justi\u00e7a no bi\u00eanio 1999-2001, quando criou a Vara de Penas Alternativas e a Central de Mandados.<\/p>\n<p style=\"text-align: justify;\">Assumiu a Presid\u00eancia do TJSE no bi\u00eanio 2003-2005, quando reformou o antigo pr\u00e9dio do Tribunal de Justi\u00e7a, o Pal\u00e1cio Silvio Romero, na Pra\u00e7a Ol\u00edmpio Campos, criando no local o Memorial do Judici\u00e1rio; construiu o Arquivo Judici\u00e1rio, instalou os F\u00f3runs Integrados e realizou um grande concurso para o TJSE. Aposentou-se em agosto de 2007.<\/p>\n<p style=\"text-align: justify;\">No dia 6 de junho de 2018, abriu as portas da sua resid\u00eancia e concedeu entrevista, por mais de duas horas, ao Vivas Mem\u00f3rias, Projeto do TJSE que tem como objetivo preservar a hist\u00f3ria de pessoas que contribu\u00edram para o Judici\u00e1rio e para a sociedade sergipana. Um pequeno trecho da entrevista, que ser\u00e1 disponibilizada na \u00edntegra no Memorial do Judici\u00e1rio, foi exibido na edi\u00e7\u00e3o 294 do Programa Sergipe Justi\u00e7a, e pode ser visto\u00a0<strong><a href=\"https:\/\/www.youtube.com\/watch?v=5ugOXWopslI\">clicando aqui<\/a><\/strong>.<\/p>\n<p><strong>Vel\u00f3rio<\/strong><\/p>\n<p style=\"text-align: justify;\">O vel\u00f3rio ser\u00e1 realizado no Cemit\u00e9rio Colina da Saudade, em Aracaju, a partir das 23 horas, desta segunda-feira, 18\/03, onde ocorrer\u00e1 tamb\u00e9m o sepultamento, amanh\u00e3, \u00e0s 17 horas.<\/p>\n<p>&nbsp;<\/p>\n<p>&nbsp;<\/p>\n<p><a href=\"https:\/\/senoticias.com.br\/se\/wp-content\/uploads\/2019\/03\/Logomarca-fone-SE-4-2-1-1-1-1-1-1-1-2-1.jpg\"><img loading=\"lazy\" decoding=\"async\" class=\"alignnone size-full wp-image-117508\" src=\"https:\/\/senoticias.com.br\/se\/wp-content\/uploads\/2019\/03\/Logomarca-fone-SE-4-2-1-1-1-1-1-1-1-2-1.jpg\" alt=\"\" width=\"599\" height=\"78\" srcset=\"https:\/\/senoticias.com.br\/se\/wp-content\/uploads\/2019\/03\/Logomarca-fone-SE-4-2-1-1-1-1-1-1-1-2-1.jpg 599w, https:\/\/senoticias.com.br\/se\/wp-content\/uploads\/2019\/03\/Logomarca-fone-SE-4-2-1-1-1-1-1-1-1-2-1-300x39.jpg 300w\" sizes=\"(max-width: 599px) 100vw, 599px\" \/><\/a><\/p>\n<p><em><strong>Acompanhe o SE Not\u00edcias no\u00a0<\/strong><a href=\"https:\/\/twitter.com\/Senoticias\" target=\"_blank\" rel=\"noopener\"><b>Twitter<\/b><\/a><strong>,\u00a0<\/strong><a href=\"https:\/\/www.facebook.com\/senoticias1\" target=\"_blank\" rel=\"noopener\"><b>Facebook\u00a0<\/b><\/a><strong>e no\u00a0<\/strong><a href=\"https:\/\/www.instagram.com\/senoticias\/\" target=\"_blank\" rel=\"noopener\"><b>Instagram<\/b><\/a><\/em><\/p>\n<p>Fonte: TJSE<\/p>\n","protected":false},"excerpt":{"rendered":"<p>Faleceu nesta segunda-feira, 18, o Desembargador Manuel Pascoal Nabuco D\u2019\u00c1vila, ex-Presidente do Tribunal de Justi\u00e7a de Sergipe (TJSE). Filho de Jo\u00e3o Nabuco D\u2019\u00c1vila e Maria de Lourdes Nabuco D\u2019\u00c1vila, nasceu em Riachuelo\/SE, em 17 de agosto de 1937. Passou a morar em Aracaju em 1948, onde foi aluno do Col\u00e9gio Tobias Barreto, em regime de [&hellip;]<\/p>\n","protected":false},"author":6552,"featured_media":117552,"comment_status":"closed","ping_status":"closed","sticky":false,"template":"","format":"standard","meta":{"footnotes":""},"categories":[15,6,8],"tags":[11840,11839,9900],"class_list":{"0":"post-117551","1":"post","2":"type-post","3":"status-publish","4":"format-standard","5":"has-post-thumbnail","7":"category-destaques","8":"category-politica","9":"category-esporte-e-cultura","10":"tag-desembargador-manuel-pascoal-nabuco-davila","11":"tag-manuel-pascoal-nabuco-davila","12":"tag-presidente-do-tribunal-de-justica-de-sergipe"},"_links":{"self":[{"href":"https:\/\/senoticias.com.br\/se\/wp-json\/wp\/v2\/posts\/117551"}],"collection":[{"href":"https:\/\/senoticias.com.br\/se\/wp-json\/wp\/v2\/posts"}],"about":[{"href":"https:\/\/senoticias.com.br\/se\/wp-json\/wp\/v2\/types\/post"}],"author":[{"embeddable":true,"href":"https:\/\/senoticias.com.br\/se\/wp-json\/wp\/v2\/users\/6552"}],"replies":[{"embeddable":true,"href":"https:\/\/senoticias.com.br\/se\/wp-json\/wp\/v2\/comments?post=117551"}],"version-history":[{"count":0,"href":"https:\/\/senoticias.com.br\/se\/wp-json\/wp\/v2\/posts\/117551\/revisions"}],"wp:featuredmedia":[{"embeddable":true,"href":"https:\/\/senoticias.com.br\/se\/wp-json\/wp\/v2\/media\/117552"}],"wp:attachment":[{"href":"https:\/\/senoticias.com.br\/se\/wp-json\/wp\/v2\/media?parent=117551"}],"wp:term":[{"taxonomy":"category","embeddable":true,"href":"https:\/\/senoticias.com.br\/se\/wp-json\/wp\/v2\/categories?post=117551"},{"taxonomy":"post_tag","embeddable":true,"href":"https:\/\/senoticias.com.br\/se\/wp-json\/wp\/v2\/tags?post=117551"}],"curies":[{"name":"wp","href":"https:\/\/api.w.org\/{rel}","templated":true}]}}