{"id":117541,"date":"2019-03-18T11:10:09","date_gmt":"2019-03-18T14:10:09","guid":{"rendered":"https:\/\/senoticias.com.br\/se\/?p=117541"},"modified":"2019-03-18T11:10:09","modified_gmt":"2019-03-18T14:10:09","slug":"laranjeiras-vereadores-voltam-a-denunciar-descaso-e-ma-gestao-da-prefeitura","status":"publish","type":"post","link":"https:\/\/senoticias.com.br\/se\/laranjeiras-vereadores-voltam-a-denunciar-descaso-e-ma-gestao-da-prefeitura\/","title":{"rendered":"Laranjeiras: Vereadores voltam a denunciar descaso e m\u00e1 gest\u00e3o da Prefeitura"},"content":{"rendered":"<p style=\"font-weight: 400; text-align: justify;\">Os vereadores de Laranjeiras voltaram a denunciar o descaso e a m\u00e1 gest\u00e3o na Prefeitura de Laranjeiras na sess\u00e3o da\u00a0 \u00faltima semana , na C\u00e2mara. A bronca da popula\u00e7\u00e3o com a Prefeitura vai desde a falta de ilumina\u00e7\u00e3o p\u00fablica, falta de servi\u00e7os essenciais nas unidades de sa\u00fade e at\u00e9 quota de gasolina para as ambul\u00e2ncias do munic\u00edpio. Por isso, v\u00e1rios pacientes n\u00e3o est\u00e3o sendo transportados.<\/p>\n<div id=\"attachment_117542\" style=\"width: 609px\" class=\"wp-caption aligncenter\"><a href=\"https:\/\/senoticias.com.br\/se\/wp-content\/uploads\/2019\/03\/vereadora-Brasilina-e1552918110571.jpg\"><img loading=\"lazy\" decoding=\"async\" aria-describedby=\"caption-attachment-117542\" class=\"size-full wp-image-117542\" src=\"https:\/\/senoticias.com.br\/se\/wp-content\/uploads\/2019\/03\/vereadora-Brasilina-e1552918110571.jpg\" alt=\"\" width=\"599\" height=\"694\" \/><\/a><p id=\"caption-attachment-117542\" class=\"wp-caption-text\">Vereadora de Laranjeiras, Brasilina Borges. Foto: TDantas Comunica\u00e7\u00e3o\/ASCOM CML.<\/p><\/div>\n<p style=\"font-weight: 400; text-align: justify;\">\u201c\u00c9 um absurdo a m\u00e1 gest\u00e3o em Laranjeiras. Agora a Prefeitura adota quota de gasolina para ambul\u00e2ncias!? Cada dia temos uma novidade. Outro problema \u00e9 a falta de manuten\u00e7\u00e3o das ambul\u00e2ncias. Cerca de 70% desses ve\u00edculos n\u00e3o recebem reparos. A gest\u00e3o precisa rever isso. A popula\u00e7\u00e3o n\u00e3o pode ficar desassistida. Assim como, o prefeito e sua equipe precisam reavaliar os benef\u00edcios sociais. Pessoas que realmente necessitam de comida n\u00e3o tem. Muita gente est\u00e1 passando fome, muita gente est\u00e1 desempregada. Por que a Prefeitura n\u00e3o refaz um estudo e uma busca ativa nos bairros? Indagou a vereadora Brasilina Borges.<\/p>\n<p style=\"font-weight: 400; text-align: justify;\">\n<p style=\"font-weight: 400; text-align: justify;\">Sobre este assunto, o vice-presidente da C\u00e2mara, J\u00e2nio Dias se manifestou solid\u00e1rio \u00e0s reivindica\u00e7\u00f5es da vereadora e disse que vai tentar tomar provid\u00eancias junto \u00e0 gest\u00e3o municipal. \u201cSou contra a quota de combust\u00edvel para as ambul\u00e2ncias, assim como a falta de manuten\u00e7\u00e3o dos ve\u00edculos. Este \u00e9 um servi\u00e7o essencial e a popula\u00e7\u00e3o n\u00e3o pode ser prejudicada. Tampouco, a Prefeitura deve deixar pessoas passarem fome\u201d, destacou J\u00e2nio Dias.<\/p>\n<p style=\"font-weight: 400; text-align: justify;\">\n<p style=\"font-weight: 400; text-align: justify;\"><strong>Falta de Transpar\u00eancia<\/strong><\/p>\n<p style=\"font-weight: 400; text-align: justify;\">\n<p style=\"font-weight: 400; text-align: justify;\">Os vereadores Jos\u00e9 Carlos JJ e Adriano Carvalho destacaram em seus pronunciamentos a falta de transpar\u00eancia na gest\u00e3o municipal e, mais uma vez, voltaram a denunciar que a Prefeitura n\u00e3o publica no portal as informa\u00e7\u00f5es essenciais. Como tamb\u00e9m, na folha de pagamento da Prefeitura, constam informa\u00e7\u00f5es divergentes da realidade e n\u00e3o atende as determina\u00e7\u00f5es dos \u00f3rg\u00e3os fiscalizadores.<\/p>\n<p style=\"font-weight: 400; text-align: justify;\">\n<p style=\"font-weight: 400; text-align: justify;\">\u201cNa folha n\u00e3o consta as nomea\u00e7\u00f5es de diversos cargos como secret\u00e1rios, diretores de escolas e de \u00f3rg\u00e3os municipais, as devidas remunera\u00e7\u00f5es mensais e tantas outras coisas. O prefeito tamb\u00e9m n\u00e3o publica as in\u00fameras contrata\u00e7\u00f5es feitas pela sa\u00fade e outras secretarias, sem qualquer crit\u00e9rio de sele\u00e7\u00e3o, como tamb\u00e9m cria secretarias sem ao menos possu\u00edrem dota\u00e7\u00e3o or\u00e7ament\u00e1ria. Contudo, volto a dizer que os \u00f3rg\u00e3os fiscalizadores devem atuar, j\u00e1 que todos os requerimentos apresentados pelos vereadores de oposi\u00e7\u00e3o, que solicitam a presta\u00e7\u00e3o de contas s\u00e3o reprovados pelos representantes da base aliada. Quem n\u00e3o deve n\u00e3o teme\u201d, disse o vereador Jos\u00e9 Carlos.<\/p>\n<p style=\"font-weight: 400; text-align: justify;\">\n<p style=\"font-weight: 400; text-align: justify;\">O vereador Adriano Carvalho, al\u00e9m de refor\u00e7ar a falta de transpar\u00eancia dos gestores do executivo, citou ainda o descaso em diversos espa\u00e7os p\u00fablicos da sede e dos povoados. \u201cTudo que \u00e9 ruim \u00e9 culpa ds vereadores da oposi\u00e7\u00e3o. A quest\u00e3o \u00e9 que estamos fazendo a nossa parte e a C\u00e2mara cada dia busca mais transpar\u00eancia. Prova disso \u00e9 que em breve estaremos implantando um novo sistema de inform\u00e1tica e a transmiss\u00e3o das sess\u00f5es ao vivo pelas redes sociais. Dessa forma, a popula\u00e7\u00e3o vai saber de verdade de quem \u00e9 a culpa do descaso em Laranjeiras. Prefeito, essa desculpa n\u00e3o cola mais\u201d, ressaltou Adriano.<\/p>\n<p style=\"font-weight: 400; text-align: justify;\"><strong>\u00a0<a href=\"https:\/\/senoticias.com.br\/se\/wp-content\/uploads\/2019\/03\/Logomarca-fone-SE-4-2-1-1-1-1-1-1-1-2-1.jpg\"><img loading=\"lazy\" decoding=\"async\" class=\"aligncenter size-full wp-image-117508\" src=\"https:\/\/senoticias.com.br\/se\/wp-content\/uploads\/2019\/03\/Logomarca-fone-SE-4-2-1-1-1-1-1-1-1-2-1.jpg\" alt=\"\" width=\"599\" height=\"78\" srcset=\"https:\/\/senoticias.com.br\/se\/wp-content\/uploads\/2019\/03\/Logomarca-fone-SE-4-2-1-1-1-1-1-1-1-2-1.jpg 599w, https:\/\/senoticias.com.br\/se\/wp-content\/uploads\/2019\/03\/Logomarca-fone-SE-4-2-1-1-1-1-1-1-1-2-1-300x39.jpg 300w\" sizes=\"(max-width: 599px) 100vw, 599px\" \/><\/a><\/p>\n<p><\/strong><\/p>\n<p><strong>Por TDantas Comunica\u00e7\u00e3o\/ASCOM CML.<\/strong><span style=\"font-weight: 400;\">\u00a0<\/span><\/p>\n","protected":false},"excerpt":{"rendered":"<p>Os vereadores de Laranjeiras voltaram a denunciar o descaso e a m\u00e1 gest\u00e3o na Prefeitura de Laranjeiras na sess\u00e3o da\u00a0 \u00faltima semana , na C\u00e2mara. A bronca da popula\u00e7\u00e3o com a Prefeitura vai desde a falta de ilumina\u00e7\u00e3o p\u00fablica, falta de servi\u00e7os essenciais nas unidades de sa\u00fade e at\u00e9 quota de gasolina para as ambul\u00e2ncias [&hellip;]<\/p>\n","protected":false},"author":6557,"featured_media":0,"comment_status":"closed","ping_status":"closed","sticky":false,"template":"","format":"standard","meta":{"footnotes":""},"categories":[15,6],"tags":[],"class_list":{"0":"post-117541","1":"post","2":"type-post","3":"status-publish","4":"format-standard","6":"category-destaques","7":"category-politica"},"_links":{"self":[{"href":"https:\/\/senoticias.com.br\/se\/wp-json\/wp\/v2\/posts\/117541"}],"collection":[{"href":"https:\/\/senoticias.com.br\/se\/wp-json\/wp\/v2\/posts"}],"about":[{"href":"https:\/\/senoticias.com.br\/se\/wp-json\/wp\/v2\/types\/post"}],"author":[{"embeddable":true,"href":"https:\/\/senoticias.com.br\/se\/wp-json\/wp\/v2\/users\/6557"}],"replies":[{"embeddable":true,"href":"https:\/\/senoticias.com.br\/se\/wp-json\/wp\/v2\/comments?post=117541"}],"version-history":[{"count":0,"href":"https:\/\/senoticias.com.br\/se\/wp-json\/wp\/v2\/posts\/117541\/revisions"}],"wp:attachment":[{"href":"https:\/\/senoticias.com.br\/se\/wp-json\/wp\/v2\/media?parent=117541"}],"wp:term":[{"taxonomy":"category","embeddable":true,"href":"https:\/\/senoticias.com.br\/se\/wp-json\/wp\/v2\/categories?post=117541"},{"taxonomy":"post_tag","embeddable":true,"href":"https:\/\/senoticias.com.br\/se\/wp-json\/wp\/v2\/tags?post=117541"}],"curies":[{"name":"wp","href":"https:\/\/api.w.org\/{rel}","templated":true}]}}