{"id":117537,"date":"2019-03-18T09:04:37","date_gmt":"2019-03-18T12:04:37","guid":{"rendered":"https:\/\/senoticias.com.br\/se\/?p=117537"},"modified":"2019-03-18T09:10:32","modified_gmt":"2019-03-18T12:10:32","slug":"casal-e-preso-na-br-101-suspeito-de-receptar-celulares-roubados","status":"publish","type":"post","link":"https:\/\/senoticias.com.br\/se\/casal-e-preso-na-br-101-suspeito-de-receptar-celulares-roubados\/","title":{"rendered":"Casal \u00e9 preso na BR-101 suspeito de receptar celulares roubados"},"content":{"rendered":"<p style=\"text-align: justify;\">A Pol\u00edcia Rodovi\u00e1ria Federal (PRF) em Sergipe prendeu um homem e uma mulher com 12 celulares sem notas fiscais no KM 76, da BR-101, localizado no munic\u00edpio de Maruim. Parte dos aparelhos tinha registro de roubo ou furto.<\/p>\n<p style=\"text-align: justify;\" align=\"left\">De acordo com a PRF, o flagrante foi feito ap\u00f3s uma abordagem de rotina no ve\u00edculo em que o casal estava nesse domingo, 17.<\/p>\n<div id=\"attachment_109481\" style=\"width: 590px\" class=\"wp-caption alignnone\"><a href=\"https:\/\/senoticias.com.br\/se\/wp-content\/uploads\/2018\/01\/estradas_prf-SENOTICIAS.jpg\"><img loading=\"lazy\" decoding=\"async\" aria-describedby=\"caption-attachment-109481\" class=\"size-full wp-image-109481\" src=\"https:\/\/senoticias.com.br\/se\/wp-content\/uploads\/2018\/01\/estradas_prf-SENOTICIAS.jpg\" alt=\"\" width=\"580\" height=\"388\" srcset=\"https:\/\/senoticias.com.br\/se\/wp-content\/uploads\/2018\/01\/estradas_prf-SENOTICIAS.jpg 580w, https:\/\/senoticias.com.br\/se\/wp-content\/uploads\/2018\/01\/estradas_prf-SENOTICIAS-300x201.jpg 300w, https:\/\/senoticias.com.br\/se\/wp-content\/uploads\/2018\/01\/estradas_prf-SENOTICIAS-90x60.jpg 90w, https:\/\/senoticias.com.br\/se\/wp-content\/uploads\/2018\/01\/estradas_prf-SENOTICIAS-180x120.jpg 180w, https:\/\/senoticias.com.br\/se\/wp-content\/uploads\/2018\/01\/estradas_prf-SENOTICIAS-95x64.jpg 95w\" sizes=\"(max-width: 580px) 100vw, 580px\" \/><\/a><p id=\"caption-attachment-109481\" class=\"wp-caption-text\">PRF fez orienta\u00e7\u00e3o de tr\u00e2nsito no local do acidente.\u00a0 (Foto: arquivo\/Ag\u00eancia Brasil)<\/p><\/div>\n<p style=\"text-align: justify;\" align=\"left\">Ap\u00f3s levantamento dos registros dos celulares, a dupla foi presa e encaminhada \u00e0 Delegacia de Pol\u00edcia Civil sob suspeita de recepta\u00e7\u00e3o.<\/p>\n<p align=\"left\">\n<p style=\"text-align: justify;\" align=\"left\"><em><a href=\"https:\/\/senoticias.com.br\/se\/wp-content\/uploads\/2019\/03\/Logomarca-fone-SE-4-2-1-1-1-1-1-1-1-2-1.jpg\"><img loading=\"lazy\" decoding=\"async\" class=\"alignnone size-full wp-image-117508\" src=\"https:\/\/senoticias.com.br\/se\/wp-content\/uploads\/2019\/03\/Logomarca-fone-SE-4-2-1-1-1-1-1-1-1-2-1.jpg\" alt=\"\" width=\"599\" height=\"78\" srcset=\"https:\/\/senoticias.com.br\/se\/wp-content\/uploads\/2019\/03\/Logomarca-fone-SE-4-2-1-1-1-1-1-1-1-2-1.jpg 599w, https:\/\/senoticias.com.br\/se\/wp-content\/uploads\/2019\/03\/Logomarca-fone-SE-4-2-1-1-1-1-1-1-1-2-1-300x39.jpg 300w\" sizes=\"(max-width: 599px) 100vw, 599px\" \/><\/a><\/em><\/p>\n<p align=\"left\"><em><strong>Acompanhe o SE Not\u00edcias no\u00a0<\/strong><a href=\"https:\/\/twitter.com\/Senoticias\" target=\"_blank\" rel=\"noopener\"><b>Twitter<\/b><\/a><strong>,\u00a0<\/strong><a href=\"https:\/\/www.facebook.com\/senoticias1\" target=\"_blank\" rel=\"noopener\"><b>Facebook\u00a0<\/b><\/a><strong>e no\u00a0<\/strong><a href=\"https:\/\/www.instagram.com\/senoticias\/\" target=\"_blank\" rel=\"noopener\"><b>Instagram<\/b><\/a><\/em><\/p>\n<p style=\"text-align: justify;\" align=\"left\"><em>Com informa\u00e7\u00f5es da PRF<\/em><\/p>\n","protected":false},"excerpt":{"rendered":"<p>A Pol\u00edcia Rodovi\u00e1ria Federal (PRF) em Sergipe prendeu um homem e uma mulher com 12 celulares sem notas fiscais no KM 76, da BR-101, localizado no munic\u00edpio de Maruim. Parte dos aparelhos tinha registro de roubo ou furto. De acordo com a PRF, o flagrante foi feito ap\u00f3s uma abordagem de rotina no ve\u00edculo em [&hellip;]<\/p>\n","protected":false},"author":6552,"featured_media":109481,"comment_status":"closed","ping_status":"closed","sticky":false,"template":"","format":"standard","meta":{"footnotes":""},"categories":[15,7],"tags":[4155,77],"class_list":{"0":"post-117537","1":"post","2":"type-post","3":"status-publish","4":"format-standard","5":"has-post-thumbnail","7":"category-destaques","8":"category-policia","9":"tag-policia-rodoviaria-federal","10":"tag-prf"},"_links":{"self":[{"href":"https:\/\/senoticias.com.br\/se\/wp-json\/wp\/v2\/posts\/117537"}],"collection":[{"href":"https:\/\/senoticias.com.br\/se\/wp-json\/wp\/v2\/posts"}],"about":[{"href":"https:\/\/senoticias.com.br\/se\/wp-json\/wp\/v2\/types\/post"}],"author":[{"embeddable":true,"href":"https:\/\/senoticias.com.br\/se\/wp-json\/wp\/v2\/users\/6552"}],"replies":[{"embeddable":true,"href":"https:\/\/senoticias.com.br\/se\/wp-json\/wp\/v2\/comments?post=117537"}],"version-history":[{"count":0,"href":"https:\/\/senoticias.com.br\/se\/wp-json\/wp\/v2\/posts\/117537\/revisions"}],"wp:featuredmedia":[{"embeddable":true,"href":"https:\/\/senoticias.com.br\/se\/wp-json\/wp\/v2\/media\/109481"}],"wp:attachment":[{"href":"https:\/\/senoticias.com.br\/se\/wp-json\/wp\/v2\/media?parent=117537"}],"wp:term":[{"taxonomy":"category","embeddable":true,"href":"https:\/\/senoticias.com.br\/se\/wp-json\/wp\/v2\/categories?post=117537"},{"taxonomy":"post_tag","embeddable":true,"href":"https:\/\/senoticias.com.br\/se\/wp-json\/wp\/v2\/tags?post=117537"}],"curies":[{"name":"wp","href":"https:\/\/api.w.org\/{rel}","templated":true}]}}