{"id":117470,"date":"2019-03-13T15:07:17","date_gmt":"2019-03-13T18:07:17","guid":{"rendered":"https:\/\/senoticias.com.br\/se\/?p=117470"},"modified":"2019-03-13T15:08:42","modified_gmt":"2019-03-13T18:08:42","slug":"em-aracaju-homem-liga-para-pm-diz-que-matou-companheira-asfixiada-e-foge","status":"publish","type":"post","link":"https:\/\/senoticias.com.br\/se\/em-aracaju-homem-liga-para-pm-diz-que-matou-companheira-asfixiada-e-foge\/","title":{"rendered":"Em Aracaju, homem liga para Pol\u00edcia Militar, diz que matou companheira e foge"},"content":{"rendered":"<p style=\"text-align: justify;\">Mais um caso de viol\u00eancia contra a mulher foi registrado em Aracaju. No final da manh\u00e3 desta ter\u00e7a-feira, 13, um homem ligou para a Pol\u00edcia Militar, confessando o crime. Aos policiais, por telefone, ele afirmou que teria asfixiado e matado a companheira dentro da resid\u00eancia, no bairro Cidade Nova.<\/p>\n<div id=\"attachment_117471\" style=\"width: 495px\" class=\"wp-caption aligncenter\"><a href=\"https:\/\/senoticias.com.br\/se\/wp-content\/uploads\/2019\/03\/casa_mulher_asfixiada_cidade_nova_13032019-485x430.jpg\"><img loading=\"lazy\" decoding=\"async\" aria-describedby=\"caption-attachment-117471\" class=\"size-full wp-image-117471\" src=\"https:\/\/senoticias.com.br\/se\/wp-content\/uploads\/2019\/03\/casa_mulher_asfixiada_cidade_nova_13032019-485x430.jpg\" alt=\"\" width=\"485\" height=\"430\" srcset=\"https:\/\/senoticias.com.br\/se\/wp-content\/uploads\/2019\/03\/casa_mulher_asfixiada_cidade_nova_13032019-485x430.jpg 485w, https:\/\/senoticias.com.br\/se\/wp-content\/uploads\/2019\/03\/casa_mulher_asfixiada_cidade_nova_13032019-485x430-300x266.jpg 300w\" sizes=\"(max-width: 485px) 100vw, 485px\" \/><\/a><p id=\"caption-attachment-117471\" class=\"wp-caption-text\">Local onde aconteceu o crime (foto: Facebook Aracaju Agora Not\u00edcias)<\/p><\/div>\n<p style=\"text-align: justify;\">A morte da mulher, identificada apenas como Lorayne, foi confirmada pelo Instituto M\u00e9dico (IML), que j\u00e1 removeu o corpo, mas ainda n\u00e3o identificou a causa. Conforme informa\u00e7\u00f5es da equipe da PM5, o setor respons\u00e1vel pela comunica\u00e7\u00e3o social da Pol\u00edcia Militar, o homem se identificou como Diego e prometeu se \u201centregar\u201d \u00e0 pol\u00edcia, marcando encontro na Pra\u00e7a da Colina do Santo Antonio.<\/p>\n<p style=\"text-align: justify;\">Os policiais seguiram para o local indicado, mas n\u00e3o encontraram o suspeito. A equipe do 8\u00ba Batalh\u00e3o da Pol\u00edcia Militar continua realizando dilig\u00eancias, mas n\u00e3o conseguiu localizar o homem. O corpo da mulher, conforme o IML, foi encontrado dentro de uma casa na rua Manoel Dantas, 63, no bairro Cidade Nova.\u00a0O caso ser\u00e1 investigado pela Pol\u00edcia Civil. H\u00e1 suspeita de que se trata de feminic\u00eddio.<\/p>\n<p>&nbsp;<\/p>\n<p><a href=\"https:\/\/senoticias.com.br\/se\/wp-content\/uploads\/2019\/03\/Logomarca-fone-SE-4-2-1-1-1-1-1-1-1-2.jpg\"><img loading=\"lazy\" decoding=\"async\" class=\"aligncenter size-full wp-image-117442\" src=\"https:\/\/senoticias.com.br\/se\/wp-content\/uploads\/2019\/03\/Logomarca-fone-SE-4-2-1-1-1-1-1-1-1-2.jpg\" alt=\"\" width=\"599\" height=\"78\" srcset=\"https:\/\/senoticias.com.br\/se\/wp-content\/uploads\/2019\/03\/Logomarca-fone-SE-4-2-1-1-1-1-1-1-1-2.jpg 599w, https:\/\/senoticias.com.br\/se\/wp-content\/uploads\/2019\/03\/Logomarca-fone-SE-4-2-1-1-1-1-1-1-1-2-300x39.jpg 300w\" sizes=\"(max-width: 599px) 100vw, 599px\" \/><\/a><\/p>\n<p><em><strong>Acompanhe o SE Not\u00edcias no\u00a0<\/strong><a href=\"https:\/\/twitter.com\/Senoticias\" target=\"_blank\" rel=\"noopener\"><b>Twitter<\/b><\/a><strong>,\u00a0<\/strong><a href=\"https:\/\/www.facebook.com\/senoticias1\" target=\"_blank\" rel=\"noopener\"><b>Facebook\u00a0<\/b><\/a><strong>e no\u00a0<\/strong><a href=\"https:\/\/www.instagram.com\/senoticias\/\" target=\"_blank\" rel=\"noopener\"><b>Instagram<\/b><\/a><\/em><\/p>\n<p><em>por Cassia Santana, do portal Infonet<\/em><\/p>\n","protected":false},"excerpt":{"rendered":"<p>Mais um caso de viol\u00eancia contra a mulher foi registrado em Aracaju. No final da manh\u00e3 desta ter\u00e7a-feira, 13, um homem ligou para a Pol\u00edcia Militar, confessando o crime. Aos policiais, por telefone, ele afirmou que teria asfixiado e matado a companheira dentro da resid\u00eancia, no bairro Cidade Nova. A morte da mulher, identificada apenas [&hellip;]<\/p>\n","protected":false},"author":6552,"featured_media":117471,"comment_status":"closed","ping_status":"closed","sticky":false,"template":"","format":"standard","meta":{"footnotes":""},"categories":[15,7],"tags":[11809,5690,2577,11810,86],"class_list":{"0":"post-117470","1":"post","2":"type-post","3":"status-publish","4":"format-standard","5":"has-post-thumbnail","7":"category-destaques","8":"category-policia","9":"tag-8o-batalhao-da-policia-militar","10":"tag-feminicidio","11":"tag-iml","12":"tag-matou-companheira-asfixiada-e-foge","13":"tag-policia-militar"},"_links":{"self":[{"href":"https:\/\/senoticias.com.br\/se\/wp-json\/wp\/v2\/posts\/117470"}],"collection":[{"href":"https:\/\/senoticias.com.br\/se\/wp-json\/wp\/v2\/posts"}],"about":[{"href":"https:\/\/senoticias.com.br\/se\/wp-json\/wp\/v2\/types\/post"}],"author":[{"embeddable":true,"href":"https:\/\/senoticias.com.br\/se\/wp-json\/wp\/v2\/users\/6552"}],"replies":[{"embeddable":true,"href":"https:\/\/senoticias.com.br\/se\/wp-json\/wp\/v2\/comments?post=117470"}],"version-history":[{"count":0,"href":"https:\/\/senoticias.com.br\/se\/wp-json\/wp\/v2\/posts\/117470\/revisions"}],"wp:featuredmedia":[{"embeddable":true,"href":"https:\/\/senoticias.com.br\/se\/wp-json\/wp\/v2\/media\/117471"}],"wp:attachment":[{"href":"https:\/\/senoticias.com.br\/se\/wp-json\/wp\/v2\/media?parent=117470"}],"wp:term":[{"taxonomy":"category","embeddable":true,"href":"https:\/\/senoticias.com.br\/se\/wp-json\/wp\/v2\/categories?post=117470"},{"taxonomy":"post_tag","embeddable":true,"href":"https:\/\/senoticias.com.br\/se\/wp-json\/wp\/v2\/tags?post=117470"}],"curies":[{"name":"wp","href":"https:\/\/api.w.org\/{rel}","templated":true}]}}