{"id":117467,"date":"2019-03-13T14:33:00","date_gmt":"2019-03-13T17:33:00","guid":{"rendered":"https:\/\/senoticias.com.br\/se\/?p=117467"},"modified":"2019-03-13T14:41:24","modified_gmt":"2019-03-13T17:41:24","slug":"dupla-ataca-escola-em-sao-paulo-mata-oito-pessoas-e-se-suicida","status":"publish","type":"post","link":"https:\/\/senoticias.com.br\/se\/dupla-ataca-escola-em-sao-paulo-mata-oito-pessoas-e-se-suicida\/","title":{"rendered":"Dupla ataca escola em S\u00e3o Paulo, mata oito pessoas e se suicida"},"content":{"rendered":"<p style=\"text-align: justify;\">Um adolescente e um homem encapuzados mataram oito pessoas na Escola Estadual Raul Brasil, em Suzano (SP), por volta das 9h30 desta quarta-feira (13), e cometeram suic\u00eddio em seguida.<\/p>\n<div id=\"attachment_117468\" style=\"width: 609px\" class=\"wp-caption aligncenter\"><a href=\"https:\/\/senoticias.com.br\/se\/wp-content\/uploads\/2019\/03\/estudantes-se-abracam-apos-ataque-a-escola-de-suzano-e1552498623571.jpeg\"><img loading=\"lazy\" decoding=\"async\" aria-describedby=\"caption-attachment-117468\" class=\"size-full wp-image-117468\" src=\"https:\/\/senoticias.com.br\/se\/wp-content\/uploads\/2019\/03\/estudantes-se-abracam-apos-ataque-a-escola-de-suzano-e1552498623571.jpeg\" alt=\"\" width=\"599\" height=\"449\" \/><\/a><p id=\"caption-attachment-117468\" class=\"wp-caption-text\">Estudantes se abra\u00e7am ap\u00f3s ataque a escola de Suzano. (Foto: Maiara Barbosa\/G1)<\/p><\/div>\n<p style=\"text-align: justify;\">Quatro dos mortos s\u00e3o alunos do ensino m\u00e9dio. Outros dois adolescentes chegaram socorridos, mas morreram no hospital. Entre as v\u00edtimas, h\u00e1 ainda dois funcion\u00e1rios do col\u00e9gio, um deles a coordenadora.<\/p>\n<p style=\"text-align: justify;\"><strong>Resumo<\/strong><\/p>\n<p style=\"text-align: justify;\">Ataque a escola em Suzano, na Regi\u00e3o Metropolitana de S\u00e3o Paulo, deixou oito pessoas mortas; os dois assassinos se mataram.<\/p>\n<p>Os autores do crime s\u00e3o Guilherme Taucci Monteiro, de 17 anos, e Henrique de Castro, de 25 anos.<\/p>\n<p style=\"text-align: justify;\">23 pessoas foram levadas a hospitais. Entre elas, h\u00e1 feridos e outras que passaram mal ap\u00f3s o ataque.<br \/>\nAinda n\u00e3o se sabe o motivo do ataque e o v\u00ednculo dos autores com a escola.<\/p>\n<p style=\"text-align: justify;\">Uma testemunha disse que viu um deles com arma de fogo e outro, com uma faca.<br \/>\nA PM encontrou no local um rev\u00f3lver 38, uma besta (um artefato com arco e flecha), objetos que parecem ser coquet\u00e9is molotov e uma mala com fios.<\/p>\n<p style=\"text-align: justify;\">Antes de entrar na escola, os assassinos estiveram em uma loja de autom\u00f3veis pr\u00f3ximo ao col\u00e9gio. O propriet\u00e1rio do estabelecimento, Jorge Antonio de Moraes, tio de Guilherme Taucci Monteiro, levou tr\u00eas tiros \u2013 um deles no peito. Moraes est\u00e1 internado em estado grav\u00edssimo.<br \/>\nOs assassinos chegaram ao col\u00e9gio alvo do ataque em um carro alugado.<\/p>\n<p style=\"text-align: justify;\">Segundo o Censo Escolar de 2017, a institui\u00e7\u00e3o tem 358 alunos da segunda etapa do fundamental (6\u00ba ao 9\u00ba ano) e 693 estudantes do ensino m\u00e9dio. No local, tamb\u00e9m funciona um centro de idiomas.<\/p>\n<p><strong>Pol\u00edcia divulga nome dos assassinos de Suzano<\/strong><\/p>\n<p style=\"text-align: justify;\">A pol\u00edcia divulgou os nomes dos assassinos que mataram 8 pessoas, sendo 4 adolescentes, na Escola Estadual Raul Brasil, em Suzano, na Regi\u00e3o Metropolitana de S\u00e3o Paulo.<\/p>\n<p style=\"text-align: justify;\">S\u00e3o eles: Guilherme Taucci Monteiro, de 17 anos, e Luiz Henrique de Castro, de 25 anos. Os dois cometeram suic\u00eddio em seguida. Castro completaria 26 anos no pr\u00f3ximo s\u00e1bado.<\/p>\n<p style=\"text-align: justify;\">O ataque ocorreu por volta das 9h30 desta quarta-feira (13). Quatro dos mortos no local s\u00e3o alunos do ensino m\u00e9dio. Outros dois adolescentes foram socorridos, mas morreram no hospital. Duas das v\u00edtimas s\u00e3o funcion\u00e1rias da escola.<\/p>\n<p>&nbsp;<\/p>\n<p><a href=\"https:\/\/senoticias.com.br\/se\/wp-content\/uploads\/2019\/03\/Logomarca-fone-SE-4-2-1-1-1-1-1-1-1-2.jpg\"><img loading=\"lazy\" decoding=\"async\" class=\"aligncenter size-full wp-image-117442\" src=\"https:\/\/senoticias.com.br\/se\/wp-content\/uploads\/2019\/03\/Logomarca-fone-SE-4-2-1-1-1-1-1-1-1-2.jpg\" alt=\"\" width=\"599\" height=\"78\" srcset=\"https:\/\/senoticias.com.br\/se\/wp-content\/uploads\/2019\/03\/Logomarca-fone-SE-4-2-1-1-1-1-1-1-1-2.jpg 599w, https:\/\/senoticias.com.br\/se\/wp-content\/uploads\/2019\/03\/Logomarca-fone-SE-4-2-1-1-1-1-1-1-1-2-300x39.jpg 300w\" sizes=\"(max-width: 599px) 100vw, 599px\" \/><\/a><\/p>\n<p>&nbsp;<\/p>\n<p><em><strong>Acompanhe o SE Not\u00edcias no\u00a0<\/strong><a href=\"https:\/\/twitter.com\/Senoticias\" target=\"_blank\" rel=\"noopener\"><b>Twitter<\/b><\/a><strong>,\u00a0<\/strong><a href=\"https:\/\/www.facebook.com\/senoticias1\" target=\"_blank\" rel=\"noopener\"><b>Facebook\u00a0<\/b><\/a><strong>e no\u00a0<\/strong><a href=\"https:\/\/www.instagram.com\/senoticias\/\" target=\"_blank\" rel=\"noopener\"><b>Instagram<\/b><\/a><\/em><\/p>\n<p>&nbsp;<\/p>\n<p><em>Informa\u00e7\u00f5es do <a href=\"https:\/\/g1.globo.com\/sp\/mogi-das-cruzes-suzano\/noticia\/2019\/03\/13\/policia-divulga-nome-dos-atiradores-de-suzano.ghtml\"><strong>G1<\/strong><\/a> Suzano<\/em><\/p>\n","protected":false},"excerpt":{"rendered":"<p>Um adolescente e um homem encapuzados mataram oito pessoas na Escola Estadual Raul Brasil, em Suzano (SP), por volta das 9h30 desta quarta-feira (13), e cometeram suic\u00eddio em seguida. Quatro dos mortos s\u00e3o alunos do ensino m\u00e9dio. Outros dois adolescentes chegaram socorridos, mas morreram no hospital. Entre as v\u00edtimas, h\u00e1 ainda dois funcion\u00e1rios do col\u00e9gio, [&hellip;]<\/p>\n","protected":false},"author":6552,"featured_media":117468,"comment_status":"closed","ping_status":"closed","sticky":false,"template":"","format":"standard","meta":{"footnotes":""},"categories":[15,2961],"tags":[11807,11805,11808,11806],"class_list":{"0":"post-117467","1":"post","2":"type-post","3":"status-publish","4":"format-standard","5":"has-post-thumbnail","7":"category-destaques","8":"category-nacional","9":"tag-dupla-ataca-escola-em-sao-paulo","10":"tag-escola-estadual-raul-brasil","11":"tag-mata-oito-pessoas","12":"tag-suzano"},"_links":{"self":[{"href":"https:\/\/senoticias.com.br\/se\/wp-json\/wp\/v2\/posts\/117467"}],"collection":[{"href":"https:\/\/senoticias.com.br\/se\/wp-json\/wp\/v2\/posts"}],"about":[{"href":"https:\/\/senoticias.com.br\/se\/wp-json\/wp\/v2\/types\/post"}],"author":[{"embeddable":true,"href":"https:\/\/senoticias.com.br\/se\/wp-json\/wp\/v2\/users\/6552"}],"replies":[{"embeddable":true,"href":"https:\/\/senoticias.com.br\/se\/wp-json\/wp\/v2\/comments?post=117467"}],"version-history":[{"count":0,"href":"https:\/\/senoticias.com.br\/se\/wp-json\/wp\/v2\/posts\/117467\/revisions"}],"wp:featuredmedia":[{"embeddable":true,"href":"https:\/\/senoticias.com.br\/se\/wp-json\/wp\/v2\/media\/117468"}],"wp:attachment":[{"href":"https:\/\/senoticias.com.br\/se\/wp-json\/wp\/v2\/media?parent=117467"}],"wp:term":[{"taxonomy":"category","embeddable":true,"href":"https:\/\/senoticias.com.br\/se\/wp-json\/wp\/v2\/categories?post=117467"},{"taxonomy":"post_tag","embeddable":true,"href":"https:\/\/senoticias.com.br\/se\/wp-json\/wp\/v2\/tags?post=117467"}],"curies":[{"name":"wp","href":"https:\/\/api.w.org\/{rel}","templated":true}]}}