{"id":117443,"date":"2019-03-12T09:54:15","date_gmt":"2019-03-12T12:54:15","guid":{"rendered":"https:\/\/senoticias.com.br\/se\/?p=117443"},"modified":"2019-03-12T09:55:49","modified_gmt":"2019-03-12T12:55:49","slug":"valmir-de-francisquinho-obtem-resultado-favoravel-e-retornara-a-prefeitura-de-itabaiana","status":"publish","type":"post","link":"https:\/\/senoticias.com.br\/se\/valmir-de-francisquinho-obtem-resultado-favoravel-e-retornara-a-prefeitura-de-itabaiana\/","title":{"rendered":"Valmir de Francisquinho obt\u00e9m resultado favor\u00e1vel e retornar\u00e1 \u00e0 prefeitura de Itabaiana"},"content":{"rendered":"<p style=\"text-align: justify;\">O prefeito de Itabaiana, Valmir de Francisquinho obteve na manh\u00e3 desta ter\u00e7a-feira, 12, no Tribunal de Justi\u00e7a de Sergipe, decis\u00e3o favor\u00e1vel e ir\u00e1 retornar \u00e0 prefeitura.<\/p>\n<div id=\"attachment_107496\" style=\"width: 609px\" class=\"wp-caption alignnone\"><a href=\"https:\/\/senoticias.com.br\/se\/wp-content\/uploads\/2017\/10\/valmir-de-francisquinho-senoticias-e1508325357699.png\"><img loading=\"lazy\" decoding=\"async\" aria-describedby=\"caption-attachment-107496\" class=\"size-full wp-image-107496\" src=\"https:\/\/senoticias.com.br\/se\/wp-content\/uploads\/2017\/10\/valmir-de-francisquinho-senoticias-e1508325357699.png\" alt=\"\" width=\"599\" height=\"399\" \/><\/a><p id=\"caption-attachment-107496\" class=\"wp-caption-text\">Em vota\u00e7\u00e3o un\u00e2nime, o prefeito poder\u00e1 retornar \u00e0s atividade de gest\u00e3o p\u00fablica em Itabaiana. (Foto: arquivo\/PMI)<\/p><\/div>\n<h6 style=\"text-align: justify;\"><strong>A sess\u00e3o<\/strong><\/h6>\n<p style=\"text-align: justify;\">Com uma explana\u00e7\u00e3o bastante fundamentada, o advogado de Valmir de Francisquinho, Ev\u00e2nio Moura, levantou pontos a respeito da necessidade do afastamento, tendo em vista que o processo ainda est\u00e1 na fase embrion\u00e1ria.<\/p>\n<p style=\"text-align: justify;\">Ap\u00f3s discurso da defesa, o relator do processo, desembargador Di\u00f3genes Barreto, registrou que o deferimento agravo regimental n\u00e3o implicaria nas investiga\u00e7\u00f5es e na tramita\u00e7\u00e3o da a\u00e7\u00e3o. Sendo assim, destacou que, se cumpridas as medidas cautelares, o afastamento poderia ser retirado e o prefeito retornar \u00e0s suas atividades.<\/p>\n<p style=\"text-align: justify;\">\u00a0Ana L\u00facia dos Anjos e Edson Ulisses acompanharam o voto do relator, sem diverg\u00eancias, e confirmaram a decis\u00e3o.<\/p>\n<p>&nbsp;<\/p>\n<p><a href=\"https:\/\/senoticias.com.br\/se\/wp-content\/uploads\/2019\/03\/Logomarca-fone-SE-4-2-1-1-1-1-1-1-1-2.jpg\"><img loading=\"lazy\" decoding=\"async\" class=\"alignnone size-full wp-image-117442\" src=\"https:\/\/senoticias.com.br\/se\/wp-content\/uploads\/2019\/03\/Logomarca-fone-SE-4-2-1-1-1-1-1-1-1-2.jpg\" alt=\"\" width=\"599\" height=\"78\" srcset=\"https:\/\/senoticias.com.br\/se\/wp-content\/uploads\/2019\/03\/Logomarca-fone-SE-4-2-1-1-1-1-1-1-1-2.jpg 599w, https:\/\/senoticias.com.br\/se\/wp-content\/uploads\/2019\/03\/Logomarca-fone-SE-4-2-1-1-1-1-1-1-1-2-300x39.jpg 300w\" sizes=\"(max-width: 599px) 100vw, 599px\" \/><\/a><\/p>\n<p>&nbsp;<\/p>\n<p><em><strong>Acompanhe o SE Not\u00edcias no\u00a0<\/strong><a href=\"https:\/\/twitter.com\/Senoticias\" target=\"_blank\" rel=\"noopener\"><b>Twitter<\/b><\/a><strong>,\u00a0<\/strong><a href=\"https:\/\/www.facebook.com\/senoticias1\" target=\"_blank\" rel=\"noopener\"><b>Facebook\u00a0<\/b><\/a><strong>e no\u00a0<\/strong><a href=\"https:\/\/www.instagram.com\/senoticias\/\" target=\"_blank\" rel=\"noopener\"><b>Instagram<\/b><\/a><\/em><\/p>\n<p><em>Por Rafael Almeida, do NE Not\u00edcias<\/em><\/p>\n","protected":false},"excerpt":{"rendered":"<p>O prefeito de Itabaiana, Valmir de Francisquinho obteve na manh\u00e3 desta ter\u00e7a-feira, 12, no Tribunal de Justi\u00e7a de Sergipe, decis\u00e3o favor\u00e1vel e ir\u00e1 retornar \u00e0 prefeitura. A sess\u00e3o Com uma explana\u00e7\u00e3o bastante fundamentada, o advogado de Valmir de Francisquinho, Ev\u00e2nio Moura, levantou pontos a respeito da necessidade do afastamento, tendo em vista que o processo [&hellip;]<\/p>\n","protected":false},"author":6552,"featured_media":107496,"comment_status":"closed","ping_status":"closed","sticky":false,"template":"","format":"standard","meta":{"footnotes":""},"categories":[15,6],"tags":[2801,2800],"class_list":{"0":"post-117443","1":"post","2":"type-post","3":"status-publish","4":"format-standard","5":"has-post-thumbnail","7":"category-destaques","8":"category-politica","9":"tag-prefeito-de-itabaiana","10":"tag-valmir-de-francisquinho"},"_links":{"self":[{"href":"https:\/\/senoticias.com.br\/se\/wp-json\/wp\/v2\/posts\/117443"}],"collection":[{"href":"https:\/\/senoticias.com.br\/se\/wp-json\/wp\/v2\/posts"}],"about":[{"href":"https:\/\/senoticias.com.br\/se\/wp-json\/wp\/v2\/types\/post"}],"author":[{"embeddable":true,"href":"https:\/\/senoticias.com.br\/se\/wp-json\/wp\/v2\/users\/6552"}],"replies":[{"embeddable":true,"href":"https:\/\/senoticias.com.br\/se\/wp-json\/wp\/v2\/comments?post=117443"}],"version-history":[{"count":0,"href":"https:\/\/senoticias.com.br\/se\/wp-json\/wp\/v2\/posts\/117443\/revisions"}],"wp:featuredmedia":[{"embeddable":true,"href":"https:\/\/senoticias.com.br\/se\/wp-json\/wp\/v2\/media\/107496"}],"wp:attachment":[{"href":"https:\/\/senoticias.com.br\/se\/wp-json\/wp\/v2\/media?parent=117443"}],"wp:term":[{"taxonomy":"category","embeddable":true,"href":"https:\/\/senoticias.com.br\/se\/wp-json\/wp\/v2\/categories?post=117443"},{"taxonomy":"post_tag","embeddable":true,"href":"https:\/\/senoticias.com.br\/se\/wp-json\/wp\/v2\/tags?post=117443"}],"curies":[{"name":"wp","href":"https:\/\/api.w.org\/{rel}","templated":true}]}}