{"id":117401,"date":"2019-03-08T15:53:32","date_gmt":"2019-03-08T18:53:32","guid":{"rendered":"https:\/\/senoticias.com.br\/se\/?p=117401"},"modified":"2019-03-08T15:53:32","modified_gmt":"2019-03-08T18:53:32","slug":"violencia-contra-a-mulher-saiba-onde-e-como-procurar-ajuda","status":"publish","type":"post","link":"https:\/\/senoticias.com.br\/se\/violencia-contra-a-mulher-saiba-onde-e-como-procurar-ajuda\/","title":{"rendered":"Viol\u00eancia contra a Mulher: saiba onde e como procurar ajuda"},"content":{"rendered":"<p style=\"text-align: justify;\">Nesta sexta-feira, 08 de mar\u00e7o, \u00e9 comemorado o Dia Internacional da Mulher, data que celebra diversas conquistas femininas, sobretudo no que diz respeito \u00e0s melhores condi\u00e7\u00f5es de vida.\u00a0Al\u00e9m da comemora\u00e7\u00e3o, a data tamb\u00e9m traz reflex\u00e3o acerca dos altos \u00edndices de casos de viol\u00eancia contra a mulher. S\u00e3o hist\u00f3rias de importuna\u00e7\u00e3o, ass\u00e9dio sexual, agress\u00f5es f\u00edsicas, at\u00e9 mesmo estupro.<\/p>\n<div id=\"attachment_117402\" style=\"width: 604px\" class=\"wp-caption aligncenter\"><a href=\"https:\/\/senoticias.com.br\/se\/wp-content\/uploads\/2019\/03\/foto-1.jpg\"><img loading=\"lazy\" decoding=\"async\" aria-describedby=\"caption-attachment-117402\" class=\"size-full wp-image-117402\" src=\"https:\/\/senoticias.com.br\/se\/wp-content\/uploads\/2019\/03\/foto-1.jpg\" alt=\"\" width=\"594\" height=\"393\" srcset=\"https:\/\/senoticias.com.br\/se\/wp-content\/uploads\/2019\/03\/foto-1.jpg 594w, https:\/\/senoticias.com.br\/se\/wp-content\/uploads\/2019\/03\/foto-1-300x198.jpg 300w, https:\/\/senoticias.com.br\/se\/wp-content\/uploads\/2019\/03\/foto-1-90x60.jpg 90w, https:\/\/senoticias.com.br\/se\/wp-content\/uploads\/2019\/03\/foto-1-180x120.jpg 180w, https:\/\/senoticias.com.br\/se\/wp-content\/uploads\/2019\/03\/foto-1-95x64.jpg 95w\" sizes=\"(max-width: 594px) 100vw, 594px\" \/><\/a><p id=\"caption-attachment-117402\" class=\"wp-caption-text\">Atrav\u00e9s da Delegacia da Mulher, a v\u00edtima pode registrar o ocorrido, realizar exames, fazer den\u00fancias, bem como ter acesso \u00e0 orienta\u00e7\u00e3o psicossocial. (Foto: SSP\/SE)<\/p><\/div>\n<p style=\"text-align: justify;\">\n<p>De acordo com dados divulgados pela Secretaria de Seguran\u00e7a P\u00fablica de Sergipe (SSP\/SE), somente no ano de 2018, foram registradas pelas delegacias da Mulher dos munic\u00edpios de Aracaju, Itabaiana, Lagarto e Est\u00e2ncia, 1.585 casos de amea\u00e7as; 795 les\u00f5es corporais; 779 casos de viol\u00eancia dom\u00e9stica; 614 casos de inj\u00faria; 224 casos de difama\u00e7\u00e3o; 187 de vias de fato; 93 de dano; 67 registros de estupro de vulner\u00e1vel; 27 casos de estupro; 13 registros de cal\u00fania e 9 de maus tratos. Al\u00e9m destes, tamb\u00e9m foram registrados 37 casos de homic\u00eddios dolosos (quando h\u00e1 inten\u00e7\u00e3o de matar) contra a mulher sendo 16 deles tipificados como feminic\u00eddio.<\/p>\n<p style=\"text-align: justify;\">Mas, o que fazer em caso de ter sofrido ou ter presenciado viol\u00eancia contra a mulher? Para atender estes casos, a SSP\/SE disp\u00f5e do servi\u00e7o 24 horas do Departamento de Atendimento a Grupos Vulner\u00e1veis (DAGV). A institui\u00e7\u00e3o abrange quatro delegacias, que podem atender crian\u00e7as, adolescentes, mulheres, LGBT, negros e v\u00edtimas de intoler\u00e2ncia religiosa.<\/p>\n<p style=\"text-align: justify;\">Na Delegacia Especial de Atendimento \u00e0 Mulher (DEAM), podem ser registrados crimes de amea\u00e7as, les\u00e3o corporal, ass\u00e9sio, estupro, casos de viol\u00eancia dom\u00e9stica, tentativa de homic\u00eddio, dentre outros.\u00a0A mulher v\u00edtima de algum tipo de viol\u00eancia pode acionar a pol\u00edcia atrav\u00e9s do 190, ou mesmo do 180, a Central de Atendimento \u00e0 Mulher em Situa\u00e7\u00e3o de Viol\u00eancia, um servi\u00e7o p\u00fablico, gratuito e confidencial oferecido pela Secretaria Nacional de Pol\u00edticas do Governo Federal.<\/p>\n<p style=\"text-align: justify;\"><strong>Passo a passo<\/strong><\/p>\n<p style=\"text-align: justify;\">A partir da comunica\u00e7\u00e3o do crime, atrav\u00e9s do Boletim de Ocorr\u00eancia, a v\u00edtima poder\u00e1 ser encaminhada para exames de corpo de delito no Instituto M\u00e9dico Legal (IML) ou mesmo para procedimentos m\u00e9dicos na Maternidade Nossa Senhora de Lourdes em casos de estupro, por exemplo. Nos casos de viol\u00eancia sexual, de acordo com a delegada Renata Aboim, a v\u00edtima deve procurar ajuda especializada, onde ser\u00e1 acolhida e receber\u00e1 as orienta\u00e7\u00f5es de como proceder.<\/p>\n<p style=\"text-align: justify;\">\u201c\u00c9 essencial que a mulher violentada procure uma delegacia Especializada em Atendimento \u00e0 Mulher ou, caso n\u00e3o tenha uma em sua cidade, busque o DAGV\u00a0ou a Delegacia do munic\u00edpio para fazer o registro de ocorr\u00eancia. Feito o registro, a v\u00edtima ser\u00e1 orientada a buscar o Instituto M\u00e9dico Legal (IML), com uma c\u00f3pia da identidade, a guia emitida na delegacia e o boletim de ocorr\u00eancia; logo ap\u00f3s, a v\u00edtima passar\u00e1 pelo acolhimento e em seguida ser\u00e1 encaminhada a exames, que constatar\u00e3o se houve conjun\u00e7\u00e3o carnal&#8221;, explicou.<\/p>\n<p style=\"text-align: justify;\">A delegada ainda orienta que \u00e9 importante n\u00e3o tomar banho antes da per\u00edcia no IML, para que seja mais f\u00e1cil a identifica\u00e7\u00e3o do autor atrav\u00e9s de vest\u00edgios gen\u00e9ticos que possam ter ficado no corpo da v\u00edtima. Em alguns casos, a mulher pode ser encaminhada \u00e0 maternidade Nossa Senhora de Lourdes para que seja feita a coleta de material e exames que possam constatar uma poss\u00edvel gravidez ou vest\u00edgios de alguma doen\u00e7a ven\u00e9rea e, se necess\u00e1rio, fazer acompanhamento psicol\u00f3gico. Vale lembrar que o Instituto M\u00e9dico Legal funciona em per\u00edodo integral, a v\u00edtima pode \u00a0comparecer sem agendamento, e em at\u00e9 24 horas ap\u00f3s os casos de viol\u00eancia sexual, n\u00e3o h\u00e1 impossibilidade no atendimento e no resultado.<\/p>\n<p style=\"text-align: justify;\"><strong>Nova lei<\/strong><\/p>\n<p style=\"text-align: justify;\">As mulheres contam tamb\u00e9m com mais um recurso para denunciar agress\u00f5es \u00e0 dignidade: a lei\u00a0<a href=\"http:\/\/www.planalto.gov.br\/ccivil_03\/_Ato2015-2018\/2018\/Lei\/L13718.htm\" target=\"_blank\" rel=\"noopener\" data-saferedirecturl=\"https:\/\/www.google.com\/url?q=http:\/\/www.planalto.gov.br\/ccivil_03\/_Ato2015-2018\/2018\/Lei\/L13718.htm&amp;source=gmail&amp;ust=1552156665737000&amp;usg=AFQjCNEVidktOQk4-BouQazOBPjHZPEyVA\">13.718<\/a>, aprovada no ano passado. A lei prev\u00ea pena de at\u00e9 cinco anos de pris\u00e3o para quem pratica importuna\u00e7\u00e3o sexual. A mudan\u00e7a acontece porque, antes desta modifica\u00e7\u00e3o, os praticantes destes atos eram punidos apenas com multas ou curtos per\u00edodos de pris\u00e3o.<\/p>\n<p style=\"text-align: justify;\">Al\u00e9m desta, as mulheres ainda\u00a0contam com a a<a href=\"http:\/\/www.planalto.gov.br\/ccivil_03\/_Ato2004-2006\/2006\/Lei\/L11340.htm\" target=\"_blank\" rel=\"noopener\" data-saferedirecturl=\"https:\/\/www.google.com\/url?q=http:\/\/www.planalto.gov.br\/ccivil_03\/_Ato2004-2006\/2006\/Lei\/L11340.htm&amp;source=gmail&amp;ust=1552156665737000&amp;usg=AFQjCNEOgRZN0hE9qTS7R5kHPSAqOa3MwA\">\u00a0Lei 11.340<\/a>, ou Lei Maria da Penha, em vigor desde o ano de 2006 e voltada para os casos de viol\u00eancia dom\u00e9stica e familiar. A lei \u00e9 considerada pela Organiza\u00e7\u00e3o das Na\u00e7\u00f5es Unidas (ONU) como uma das tr\u00eas melhores do mundo no que diz respeito ao enfrentamento \u00e0 viol\u00eancia contra as mulheres.<\/p>\n<p style=\"text-align: justify;\">Esta lei garante \u00e0s mulheres, independentemente de classe, ra\u00e7a, etnia, orienta\u00e7\u00e3o sexual, renda, cultura, n\u00edvel educacional, idade e religi\u00e3o, prote\u00e7\u00e3o constitucional e assist\u00eancia \u00e0s mulheres em situa\u00e7\u00e3o de viol\u00eancia dom\u00e9stica e familiar.<\/p>\n<p>&nbsp;<\/p>\n<p>&nbsp;<\/p>\n<p><a href=\"https:\/\/senoticias.com.br\/se\/wp-content\/uploads\/2019\/03\/Logomarca-fone-SE-4-2-1-1-1-1-1-1-1.jpg\"><img loading=\"lazy\" decoding=\"async\" class=\"aligncenter size-full wp-image-117345\" src=\"https:\/\/senoticias.com.br\/se\/wp-content\/uploads\/2019\/03\/Logomarca-fone-SE-4-2-1-1-1-1-1-1-1.jpg\" alt=\"\" width=\"599\" height=\"78\" srcset=\"https:\/\/senoticias.com.br\/se\/wp-content\/uploads\/2019\/03\/Logomarca-fone-SE-4-2-1-1-1-1-1-1-1.jpg 599w, https:\/\/senoticias.com.br\/se\/wp-content\/uploads\/2019\/03\/Logomarca-fone-SE-4-2-1-1-1-1-1-1-1-300x39.jpg 300w\" sizes=\"(max-width: 599px) 100vw, 599px\" \/><\/a><\/p>\n<p>&nbsp;<\/p>\n<p>&nbsp;<\/p>\n<p><em><strong>Acompanhe o SE Not\u00edcias no\u00a0<\/strong><a href=\"https:\/\/twitter.com\/Senoticias\" target=\"_blank\" rel=\"noopener\"><b>Twitter<\/b><\/a><strong>,\u00a0<\/strong><a href=\"https:\/\/www.facebook.com\/senoticias1\" target=\"_blank\" rel=\"noopener\"><b>Facebook\u00a0<\/b><\/a><strong>e no\u00a0<\/strong><a href=\"https:\/\/www.instagram.com\/senoticias\/\" target=\"_blank\" rel=\"noopener\"><b>Instagram<\/b><\/a><\/em><\/p>\n<p>&nbsp;<\/p>\n<p><em>Por Ag\u00eancia Sergipe de Not\u00edcias<\/em><\/p>\n","protected":false},"excerpt":{"rendered":"<p>Nesta sexta-feira, 08 de mar\u00e7o, \u00e9 comemorado o Dia Internacional da Mulher, data que celebra diversas conquistas femininas, sobretudo no que diz respeito \u00e0s melhores condi\u00e7\u00f5es de vida.\u00a0Al\u00e9m da comemora\u00e7\u00e3o, a data tamb\u00e9m traz reflex\u00e3o acerca dos altos \u00edndices de casos de viol\u00eancia contra a mulher. S\u00e3o hist\u00f3rias de importuna\u00e7\u00e3o, ass\u00e9dio sexual, agress\u00f5es f\u00edsicas, at\u00e9 [&hellip;]<\/p>\n","protected":false},"author":6552,"featured_media":117402,"comment_status":"closed","ping_status":"closed","sticky":false,"template":"","format":"standard","meta":{"footnotes":""},"categories":[15,7],"tags":[11766,11765,11743,11266],"class_list":{"0":"post-117401","1":"post","2":"type-post","3":"status-publish","4":"format-standard","5":"has-post-thumbnail","7":"category-destaques","8":"category-policia","9":"tag-8-de-marco","10":"tag-delegacias-da-mulher","11":"tag-dia-internacional-da-mulher","12":"tag-secretaria-de-seguranca-publica-de-sergipe"},"_links":{"self":[{"href":"https:\/\/senoticias.com.br\/se\/wp-json\/wp\/v2\/posts\/117401"}],"collection":[{"href":"https:\/\/senoticias.com.br\/se\/wp-json\/wp\/v2\/posts"}],"about":[{"href":"https:\/\/senoticias.com.br\/se\/wp-json\/wp\/v2\/types\/post"}],"author":[{"embeddable":true,"href":"https:\/\/senoticias.com.br\/se\/wp-json\/wp\/v2\/users\/6552"}],"replies":[{"embeddable":true,"href":"https:\/\/senoticias.com.br\/se\/wp-json\/wp\/v2\/comments?post=117401"}],"version-history":[{"count":0,"href":"https:\/\/senoticias.com.br\/se\/wp-json\/wp\/v2\/posts\/117401\/revisions"}],"wp:featuredmedia":[{"embeddable":true,"href":"https:\/\/senoticias.com.br\/se\/wp-json\/wp\/v2\/media\/117402"}],"wp:attachment":[{"href":"https:\/\/senoticias.com.br\/se\/wp-json\/wp\/v2\/media?parent=117401"}],"wp:term":[{"taxonomy":"category","embeddable":true,"href":"https:\/\/senoticias.com.br\/se\/wp-json\/wp\/v2\/categories?post=117401"},{"taxonomy":"post_tag","embeddable":true,"href":"https:\/\/senoticias.com.br\/se\/wp-json\/wp\/v2\/tags?post=117401"}],"curies":[{"name":"wp","href":"https:\/\/api.w.org\/{rel}","templated":true}]}}