{"id":117382,"date":"2019-03-07T09:18:14","date_gmt":"2019-03-07T12:18:14","guid":{"rendered":"https:\/\/senoticias.com.br\/se\/?p=117382"},"modified":"2019-03-07T09:30:38","modified_gmt":"2019-03-07T12:30:38","slug":"mangueira-e-a-campea-do-carnaval-2019-do-rio","status":"publish","type":"post","link":"https:\/\/senoticias.com.br\/se\/mangueira-e-a-campea-do-carnaval-2019-do-rio\/","title":{"rendered":"Mangueira \u00e9 a campe\u00e3 do carnaval 2019 do Rio"},"content":{"rendered":"<p style=\"text-align: justify;\">A Mangueira \u00e9 a grande campe\u00e3 do carnaval 2019 do Rio de Janeiro. A Imperatriz Leopoldinense e a Imp\u00e9rio Serrano foram rebaixadas.<\/p>\n<p style=\"text-align: justify;\">O G1 acompanhou ao vivo a apura\u00e7\u00e3o das notas, que aconteceu na tarde desta quarta-feira (6), diretamente da Marqu\u00eas de Sapuca\u00ed.<\/p>\n<p style=\"text-align: justify;\">Para conquistar o seu 20\u00ba t\u00edtulo, a Mangueira deu uma aula de hist\u00f3ria na Sapuca\u00ed. Mas foi uma hist\u00f3ria alternativa, com destaque para her\u00f3is da resist\u00eancia negros e \u00edndios em vez dos personagens tradicionais das p\u00e1ginas de livros escolares.<\/p>\n<p style=\"text-align: justify;\">O enredo \u201cHist\u00f3ria pra ninar gente grande\u201d foi assinado pelo carnavalesco Leandro Vieira e contado em 24 alas e cinco alegorias. Em busca do t\u00edtulo, a Mangueira exibiu uma bandeira do Brasil com as cores da escola no final do desfile.<\/p>\n<p style=\"text-align: justify;\">&#8220;A gente passou a mensagem que a gente queria, n\u00e3o s\u00f3 pro Brasil, mas para o mundo inteiro, a valoriza\u00e7\u00e3o da nossa ra\u00e7a, os verdadeiros desbravadores deste pa\u00eds&#8221;, comemorou a rainha de bateria Evelyn Bastos, destacando que a escola exaltou a hist\u00f3ria do povo negro.<\/p>\n<p style=\"text-align: justify;\">&#8220;Lava a alma. A Mangueira estava esperando esse t\u00edtulo. Foi muita batalha&#8221;, afirmou Alvinho, ex-presidente da escola. &#8220;Fizemos um grande espet\u00e1culo e, semana que vem, se Deus quiser, vamos repetir.&#8221;<\/p>\n<p style=\"text-align: justify;\">O carnavalesco Leandro Vieira, que conquistou o segundo campeonato da sua carreira, tamb\u00e9m celebrou a vit\u00f3ria. &#8220;A Mangueira merece esta festa. A Mangueira \u00e9 uma escola que faz carnaval para representar uma comunidade importante.<\/p>\n<p style=\"text-align: justify;\">Para Vieira, este foi um &#8220;carnaval de representatividade&#8221;. &#8220;Esses homens e essas mulheres aqui s\u00e3o os her\u00f3is do meu enredo, que merecem sempre ser exaltados. Aqui mora o que tem de melhor nesse pa\u00eds. E o que tem de melhor nesse pa\u00eds faz essa festa que o mundo todo aplaude&#8221;, vibra.<\/p>\n<div id=\"attachment_117384\" style=\"width: 609px\" class=\"wp-caption aligncenter\"><a href=\"https:\/\/senoticias.com.br\/se\/wp-content\/uploads\/2019\/03\/mangueira-2019-02-02-t0a8845-marcos-serra-lima-g1.jpg\"><img loading=\"lazy\" decoding=\"async\" aria-describedby=\"caption-attachment-117384\" class=\"size-full wp-image-117384\" src=\"https:\/\/senoticias.com.br\/se\/wp-content\/uploads\/2019\/03\/mangueira-2019-02-02-t0a8845-marcos-serra-lima-g1-e1551961598484.jpg\" alt=\"\" width=\"599\" height=\"399\" \/><\/a><p id=\"caption-attachment-117384\" class=\"wp-caption-text\">No aquecimento, Evelyn Bastos, da Mangueira, samba \u00e0 frente da bateria. (Foto: Marcos Serra Lima\/G1)<\/p><\/div>\n<p style=\"text-align: justify;\">&#8220;\u00c9 um recado pol\u00edtico para o pa\u00eds todo, que tem que entender que isso aqui \u00e9 importante. \u00c9 um recado pol\u00edtico tamb\u00e9m para o presidente mostrar que o carnaval \u00e9 isso aqui. O carnaval \u00e9 a festa do povo. O carnaval \u00e9 cultura popular. O carnaval n\u00e3o \u00e9 o que ele acha que \u00e9. O carnaval \u00e9 isso. E ele deveria mostrar para o mundo o carnaval da Mangueira. O carnaval da arte, o carnaval da luta, o carnaval do povo, o carnaval da cultura popular.&#8221;<\/p>\n<p style=\"text-align: justify;\"><strong>Vit\u00f3ria de ponta a ponta<br \/>\n<\/strong><br \/>\nA Mangueira liderou a disputa de ponta a ponta. A escola e a Viradouro tiveram uma competi\u00e7\u00e3o apertada nos primeiros tr\u00eas quesitos, mas, a partir do quarto, de alegorias e adere\u00e7os, a Mangueira assumiu a primeira posi\u00e7\u00e3o sozinha at\u00e9 o final da apura\u00e7\u00e3o das notas.<\/p>\n<p style=\"text-align: justify;\">A escola verde e rosa apenas perdeu tr\u00eas d\u00e9cimos durante toda a apura\u00e7\u00e3o, mas estas notas mais baixas foram descartadas na pontua\u00e7\u00e3o final.<\/p>\n<p style=\"text-align: justify;\"><strong>Trajet\u00f3ria no carnaval do Rio<\/strong><\/p>\n<p style=\"text-align: justify;\">No ano passado, a Mangueira ficou em 5\u00ba lugar, com um samba-enredo que exaltou a simplicidade do carnaval. A campe\u00e3 foi a Beija-Flor. A \u00faltima vez que a verde e rosa levou o trof\u00e9u foi em 2016, quando homenageou a cantora Maria Beth\u00e2nia.<\/p>\n<p style=\"text-align: justify;\"><strong>Ranking de t\u00edtulos no carnaval<\/strong><\/p>\n<p>Com a vit\u00f3ria neste ano, a Mangueira chegou ao seu 20\u00ba t\u00edtulo no carnaval do Rio de Janeiro, apenas dois a menos que a maior campe\u00e3, a Portela.<\/p>\n<p style=\"text-align: justify;\"><strong>Desfile das campe\u00e3s<br \/>\n<\/strong><br \/>\nA Mangueira vai fechar o Desfile das Campe\u00e3s neste s\u00e1bado (9) na Marqu\u00eas de Sapuca\u00ed. Tamb\u00e9m v\u00e3o desfilar as outras cinco escolas mais bem classificadas na apura\u00e7\u00e3o das notas: Viradouro, Vila Isabel, Portela, Salgueiro e Mocidade Independente de Padre Miguel.<\/p>\n<p style=\"text-align: justify;\">O Desfile das Campe\u00e3s come\u00e7a \u00e0s 21h15. Os ingressos para assistir os desfiles ainda est\u00e3o dispon\u00edveis e podem ser consultados no site da Liga Independente das Escolas de Samba (Liesa).<\/p>\n<p style=\"text-align: justify;\"><strong>Destaques do desfile<\/strong><\/p>\n<p>O segundo carro apresentou uma releitura do Monumento \u00e0s Bandeiras, em S\u00e3o Paulo. A obra apareceu manchada de sangue, em refer\u00eancia \u00e0 forma violenta com a qual os bandeirantes exploravam o Brasil.<\/p>\n<p>Uma ala com passistas, a bateria e outras partes do desfile deram destaque \u00e0s rebeli\u00f5es e fugas de escravos<br \/>\nO samba citou Marielle Franco, vereadora do PSOL morta a tiros em mar\u00e7o do ano passado. A arquiteta M\u00f4nica Ben\u00edcio, vi\u00fava de Marielle, o deputado federal Marcelo Freixo (PSOL) e o vereador Tarc\u00edsio Motta (PSOL) desfilaram \u00e0 frente da \u00faltima ala<\/p>\n<p>Com 3.500 componentes, a escola verde e rosa apresentou her\u00f3is como o guerreiro Sep\u00e9 Tiaraju, que tentou evitar o massacre dos guaranis pelas tropas de Portugal e da Espanha.<\/p>\n<p style=\"text-align: justify;\">Foram recontadas batalhas entre \u00edndios e portugueses, com tribos dizimadas. Uma das alas mostrou os \u00edndios Cariris e sua luta para que o Nordeste n\u00e3o fosse invadido, em um conflito de mais de 50 anos.<\/p>\n<p style=\"text-align: justify;\">Um grupo de musas da comunidade chamou a aten\u00e7\u00e3o por representar importantes mulheres negras, como Acotirene, matriarca do Quilombo dos Palmares, e Adelina Charuteira, da campanha contra a escravid\u00e3o no Maranh\u00e3o.<\/p>\n<p style=\"text-align: justify;\">Outro momento de representa\u00e7\u00e3o feminina foi um dos carros foi empurrado apenas por mulheres.<\/p>\n<p style=\"text-align: justify;\">O quarto carro contou a hist\u00f3ria de Chico da Matilde. O jangadeiro negro lutou para impedir o embarque de escravos no Cear\u00e1 e foi importante para aboli\u00e7\u00e3o da escravid\u00e3o na regi\u00e3o.<\/p>\n<p style=\"text-align: justify;\">As alas seguintes apresentaram caricaturas que ca\u00e7oaram de Pedro \u00c1lvares Cabral (apresentado como presidi\u00e1rio) e Pedro I (montado em uma mula). Cheio de livros gigantes, o quinto carro da Mangueira simbolizou &#8220;A hist\u00f3ria que a hist\u00f3ria n\u00e3o conta&#8221;, mais uma vez questionando as li\u00e7\u00f5es ensinadas nas escolas.<\/p>\n<p>&nbsp;<\/p>\n<p><a href=\"https:\/\/senoticias.com.br\/se\/wp-content\/uploads\/2019\/03\/Logomarca-fone-SE-4-2-1-1-1-1-1-1-1.jpg\"><img loading=\"lazy\" decoding=\"async\" class=\"aligncenter size-full wp-image-117345\" src=\"https:\/\/senoticias.com.br\/se\/wp-content\/uploads\/2019\/03\/Logomarca-fone-SE-4-2-1-1-1-1-1-1-1.jpg\" alt=\"\" width=\"599\" height=\"78\" srcset=\"https:\/\/senoticias.com.br\/se\/wp-content\/uploads\/2019\/03\/Logomarca-fone-SE-4-2-1-1-1-1-1-1-1.jpg 599w, https:\/\/senoticias.com.br\/se\/wp-content\/uploads\/2019\/03\/Logomarca-fone-SE-4-2-1-1-1-1-1-1-1-300x39.jpg 300w\" sizes=\"(max-width: 599px) 100vw, 599px\" \/><\/a><\/p>\n<p>&nbsp;<\/p>\n<p>&nbsp;<\/p>\n<p><em><strong>Acompanhe o SE Not\u00edcias no\u00a0<\/strong><a href=\"https:\/\/twitter.com\/Senoticias\" target=\"_blank\" rel=\"noopener\"><b>Twitter<\/b><\/a><strong>,\u00a0<\/strong><a href=\"https:\/\/www.facebook.com\/senoticias1\" target=\"_blank\" rel=\"noopener\"><b>Facebook\u00a0<\/b><\/a><strong>e no\u00a0<\/strong><a href=\"https:\/\/www.instagram.com\/senoticias\/\" target=\"_blank\" rel=\"noopener\"><b>Instagram<\/b><\/a><\/em><\/p>\n<p>&nbsp;<\/p>\n<p><em>Por G1 Rio de Janeiro<\/em><\/p>\n","protected":false},"excerpt":{"rendered":"<p>A Mangueira \u00e9 a grande campe\u00e3 do carnaval 2019 do Rio de Janeiro. A Imperatriz Leopoldinense e a Imp\u00e9rio Serrano foram rebaixadas. O G1 acompanhou ao vivo a apura\u00e7\u00e3o das notas, que aconteceu na tarde desta quarta-feira (6), diretamente da Marqu\u00eas de Sapuca\u00ed. Para conquistar o seu 20\u00ba t\u00edtulo, a Mangueira deu uma aula de [&hellip;]<\/p>\n","protected":false},"author":6552,"featured_media":117384,"comment_status":"closed","ping_status":"closed","sticky":false,"template":"","format":"standard","meta":{"footnotes":""},"categories":[15,2961,8],"tags":[11413,11750,11751],"class_list":{"0":"post-117382","1":"post","2":"type-post","3":"status-publish","4":"format-standard","5":"has-post-thumbnail","7":"category-destaques","8":"category-nacional","9":"category-esporte-e-cultura","10":"tag-carnaval-2019","11":"tag-mangueira","12":"tag-mangueira-e-a-grande-campea-do-carnaval-2019-do-rio-de-janeir"},"_links":{"self":[{"href":"https:\/\/senoticias.com.br\/se\/wp-json\/wp\/v2\/posts\/117382"}],"collection":[{"href":"https:\/\/senoticias.com.br\/se\/wp-json\/wp\/v2\/posts"}],"about":[{"href":"https:\/\/senoticias.com.br\/se\/wp-json\/wp\/v2\/types\/post"}],"author":[{"embeddable":true,"href":"https:\/\/senoticias.com.br\/se\/wp-json\/wp\/v2\/users\/6552"}],"replies":[{"embeddable":true,"href":"https:\/\/senoticias.com.br\/se\/wp-json\/wp\/v2\/comments?post=117382"}],"version-history":[{"count":0,"href":"https:\/\/senoticias.com.br\/se\/wp-json\/wp\/v2\/posts\/117382\/revisions"}],"wp:featuredmedia":[{"embeddable":true,"href":"https:\/\/senoticias.com.br\/se\/wp-json\/wp\/v2\/media\/117384"}],"wp:attachment":[{"href":"https:\/\/senoticias.com.br\/se\/wp-json\/wp\/v2\/media?parent=117382"}],"wp:term":[{"taxonomy":"category","embeddable":true,"href":"https:\/\/senoticias.com.br\/se\/wp-json\/wp\/v2\/categories?post=117382"},{"taxonomy":"post_tag","embeddable":true,"href":"https:\/\/senoticias.com.br\/se\/wp-json\/wp\/v2\/tags?post=117382"}],"curies":[{"name":"wp","href":"https:\/\/api.w.org\/{rel}","templated":true}]}}