{"id":117372,"date":"2019-03-05T21:15:38","date_gmt":"2019-03-06T00:15:38","guid":{"rendered":"https:\/\/senoticias.com.br\/se\/?p=117372"},"modified":"2019-03-05T21:15:38","modified_gmt":"2019-03-06T00:15:38","slug":"shopping-jardins-apresenta-programacao-musical-em-homenagem-ao-dia-internacional-da-mulher","status":"publish","type":"post","link":"https:\/\/senoticias.com.br\/se\/shopping-jardins-apresenta-programacao-musical-em-homenagem-ao-dia-internacional-da-mulher\/","title":{"rendered":"Shopping Jardins apresenta programa\u00e7\u00e3o musical em homenagem ao Dia Internacional da Mulher"},"content":{"rendered":"<p style=\"font-weight: 400; text-align: justify;\">No m\u00eas dedicado \u00e0 mulher, o Shopping Jardins, em Aracaju (SE), agracia o p\u00fablico com uma programa\u00e7\u00e3o musical em homenagem ao universo feminino. Em comemora\u00e7\u00e3o ao Dia Internacional da Mulher, sete talentos sergipanos brindam o p\u00fablico com apresenta\u00e7\u00f5es pra l\u00e1 de especiais nos dias 8 e 9 de mar\u00e7o e nos domingos, 10, 17, 24 e 31 de mar\u00e7o. Os musicais acontecem na Pra\u00e7a de Alimenta\u00e7\u00e3o Jardins, a partir das 19 horas, e o acesso \u00e9 gratuito.<\/p>\n<p style=\"font-weight: 400; text-align: justify;\">Abrindo a programa\u00e7\u00e3o, na sexta-feira, 8,\u00a0Nan\u00e3 Trio apresenta o show \u201c\u00c0 Flor da Pele &#8211; A Mulher na Obra de Chico Buarque\u201d. No palco do Shopping Jardins, as cantoras Gl\u00f3ria Costa, Lygia Carvalho e Rebecca Melo brindar\u00e3o o p\u00fablico com interpreta\u00e7\u00f5es \u00fanicas de grandes sucessos do compositor &#8211; todos protagonizados por mulheres singulares, com desejos pr\u00f3prios da alma feminina. O show ser\u00e1 um tributo a todas as\u00a0Janu\u00e1rias, Beatrizes, Carolinas, Morenas de Angola, Ritas, Rosas, Genis e tantas outras mulheres inspiradoras do Brasil.<\/p>\n<div id=\"attachment_117373\" style=\"width: 609px\" class=\"wp-caption aligncenter\"><a href=\"https:\/\/senoticias.com.br\/se\/wp-content\/uploads\/2019\/03\/Nan\u00e3-Trio-\u00e9-atra\u00e7\u00e3o-do-Viva-Mulher-no-Shopping-Jardins_Foto-Divulga\u00e7\u00e3o_2-e1551831002654.jpeg\"><img loading=\"lazy\" decoding=\"async\" aria-describedby=\"caption-attachment-117373\" class=\"size-full wp-image-117373\" src=\"https:\/\/senoticias.com.br\/se\/wp-content\/uploads\/2019\/03\/Nan\u00e3-Trio-\u00e9-atra\u00e7\u00e3o-do-Viva-Mulher-no-Shopping-Jardins_Foto-Divulga\u00e7\u00e3o_2-e1551831002654.jpeg\" alt=\"\" width=\"599\" height=\"403\" \/><\/a><p id=\"caption-attachment-117373\" class=\"wp-caption-text\">Nan\u00e3 Trio \u00e9 atra\u00e7\u00e3o de sexta-feira, 8, do Viva Mulher\u00a0 (foto: divulga\u00e7\u00e3o\/Shopping Jardins)<\/p><\/div>\n<p style=\"font-weight: 400; text-align: justify;\">J\u00e1 no s\u00e1bado, 9, Simone Barreto cantar\u00e1 sucessos do sertanejo e, no domingo, 10, Raquel Diniz interpretar\u00e1 can\u00e7\u00f5es inesquec\u00edveis da m\u00fasica brasileira. O Viva Mulher seguir\u00e1 at\u00e9 o dia 31 de mar\u00e7o, com apresenta\u00e7\u00f5es aos domingos, \u00e0s 19 horas. A cada dia, uma talentosa artista brindar\u00e1 o p\u00fablico com a sua boa m\u00fasica.<\/p>\n<p style=\"font-weight: 400; text-align: justify;\">No dia 17 de mar\u00e7o, Rebeca Melo cantar\u00e1 \u2018Os Sambas Delas \u2013 Maria Rita, Marisa Monte e Roberta S\u00e1\u2019. J\u00e1 no dia 24, Bruna Ribeiro interpretar\u00e1 sucessos da MPB e da Bossa Nova. Encerrando a programa\u00e7\u00e3o especial, no dia 31 de mar\u00e7o, Fernanda Aquino brindar\u00e1 o p\u00fablico com hits do Nordeste.<\/p>\n<p style=\"font-weight: 400; text-align: justify;\">Bons motivos n\u00e3o faltam para reunir os amigos e familiares e curtir a boa m\u00fasica no Shopping Jardins.<\/p>\n<p style=\"font-weight: 400; text-align: justify;\"><strong>Viva Mulher<\/strong><\/p>\n<p style=\"font-weight: 400; text-align: justify;\"><strong>O qu\u00ea?<\/strong>\u00a0Programa\u00e7\u00e3o musical em homenagem ao Dia Internacional da Mulher. Nan\u00e3 Trio, Simone Barreto e Raquel Diniz abrem a temporada.<br \/>\n<strong>Quando?<\/strong>\u00a08, 9 e 10 de mar\u00e7o e nos domingos, 17, 24 e 31, \u00e0s 19 horas.<br \/>\n<strong>Onde?<\/strong>\u00a0Pra\u00e7a de Alimenta\u00e7\u00e3o Jardins do Shopping Jardins\u00a0&#8211; Avenida Ministro Geraldo Barreto Sobral, 215, bairro Jardins, Aracaju | SE.<br \/>\n<strong>Quanto?<\/strong>\u00a0Acesso gratuito.<br \/>\n<strong>Mais informa\u00e7\u00f5es?<\/strong>\u00a0(79) 2107.5555<\/p>\n<p style=\"font-weight: 400;\"><strong>Programa\u00e7\u00e3o<\/strong><\/p>\n<p style=\"font-weight: 400;\"><u>08\/03 &#8211;\u00a0sexta-feira, \u00e0s 19h<br \/>\n<\/u>Nana Trio canta a Mulher na Obra de Chico Buarque \u2013 show \u2018\u00c0 Flor da Pele\u2019<\/p>\n<p style=\"font-weight: 400;\"><u>09\/03 &#8211;\u00a0s\u00e1bado, \u00e0s 19h<br \/>\n<\/u>Simone Barreto canta sertanejo<\/p>\n<p style=\"font-weight: 400;\"><u>10\/03 &#8211; domingo, \u00e0s 19h<br \/>\n<\/u>Raquel Diniz canta \u2018Inesquec\u00edveis da M\u00fasica Brasileira\u2019<\/p>\n<p style=\"font-weight: 400;\"><u>17\/03 &#8211; domingo, \u00e0s 19h<br \/>\n<\/u>Rebeca Melo canta \u2018Os Sambas Delas \u2013 Maria Rita, Marisa Monte e Roberta S\u00e1\u2019<\/p>\n<p style=\"font-weight: 400;\"><u>24\/03 &#8211; domingo, \u00e0s 19h<br \/>\n<\/u>Bruna Ribeiro canta MPB e Bossa Nova<\/p>\n<p style=\"font-weight: 400;\"><u>31\/03 &#8211; domingo, \u00e0s 19h<br \/>\n<\/u>Fernanda Aquino canta Nordeste.<\/p>\n<p>&nbsp;<\/p>\n<p>&nbsp;<\/p>\n<p><a href=\"https:\/\/senoticias.com.br\/se\/wp-content\/uploads\/2019\/03\/Logomarca-fone-SE-4-2-1-1-1-1-1-1-1.jpg\"><img loading=\"lazy\" decoding=\"async\" class=\"aligncenter size-full wp-image-117345\" src=\"https:\/\/senoticias.com.br\/se\/wp-content\/uploads\/2019\/03\/Logomarca-fone-SE-4-2-1-1-1-1-1-1-1.jpg\" alt=\"\" width=\"599\" height=\"78\" srcset=\"https:\/\/senoticias.com.br\/se\/wp-content\/uploads\/2019\/03\/Logomarca-fone-SE-4-2-1-1-1-1-1-1-1.jpg 599w, https:\/\/senoticias.com.br\/se\/wp-content\/uploads\/2019\/03\/Logomarca-fone-SE-4-2-1-1-1-1-1-1-1-300x39.jpg 300w\" sizes=\"(max-width: 599px) 100vw, 599px\" \/><\/a><\/p>\n<p>&nbsp;<\/p>\n<p><em><strong>Acompanhe o SE Not\u00edcias no\u00a0<\/strong><a href=\"https:\/\/twitter.com\/Senoticias\" target=\"_blank\" rel=\"noopener\"><b>Twitter<\/b><\/a><strong>,\u00a0<\/strong><a href=\"https:\/\/www.facebook.com\/senoticias1\" target=\"_blank\" rel=\"noopener\"><b>Facebook\u00a0<\/b><\/a><strong>e no\u00a0<\/strong><a href=\"https:\/\/www.instagram.com\/senoticias\/\" target=\"_blank\" rel=\"noopener\"><b>Instagram<\/b><\/a><\/em><\/p>\n<p>&nbsp;<\/p>\n<p><em>Da Assessoria de Imprensa\/Shopping Jardins<\/em><\/p>\n<p style=\"font-weight: 400;\">\n","protected":false},"excerpt":{"rendered":"<p>No m\u00eas dedicado \u00e0 mulher, o Shopping Jardins, em Aracaju (SE), agracia o p\u00fablico com uma programa\u00e7\u00e3o musical em homenagem ao universo feminino. Em comemora\u00e7\u00e3o ao Dia Internacional da Mulher, sete talentos sergipanos brindam o p\u00fablico com apresenta\u00e7\u00f5es pra l\u00e1 de especiais nos dias 8 e 9 de mar\u00e7o e nos domingos, 10, 17, 24 [&hellip;]<\/p>\n","protected":false},"author":6552,"featured_media":117373,"comment_status":"closed","ping_status":"closed","sticky":false,"template":"","format":"standard","meta":{"footnotes":""},"categories":[15,21],"tags":[11739,11743,11742,11744,11745,11736,11741,11738,4939,11740,11737],"class_list":{"0":"post-117372","1":"post","2":"type-post","3":"status-publish","4":"format-standard","5":"has-post-thumbnail","7":"category-destaques","8":"category-entretenimento","9":"tag-bruna-ribeiro","10":"tag-dia-internacional-da-mulher","11":"tag-fernanda-aquino","12":"tag-gloria-costa","13":"tag-lygia-carvalho","14":"tag-nana-trio","15":"tag-raquel-diniz","16":"tag-rebeca-melo","17":"tag-shopping-jardins","18":"tag-simone-barreto","19":"tag-viva-mulher"},"_links":{"self":[{"href":"https:\/\/senoticias.com.br\/se\/wp-json\/wp\/v2\/posts\/117372"}],"collection":[{"href":"https:\/\/senoticias.com.br\/se\/wp-json\/wp\/v2\/posts"}],"about":[{"href":"https:\/\/senoticias.com.br\/se\/wp-json\/wp\/v2\/types\/post"}],"author":[{"embeddable":true,"href":"https:\/\/senoticias.com.br\/se\/wp-json\/wp\/v2\/users\/6552"}],"replies":[{"embeddable":true,"href":"https:\/\/senoticias.com.br\/se\/wp-json\/wp\/v2\/comments?post=117372"}],"version-history":[{"count":0,"href":"https:\/\/senoticias.com.br\/se\/wp-json\/wp\/v2\/posts\/117372\/revisions"}],"wp:featuredmedia":[{"embeddable":true,"href":"https:\/\/senoticias.com.br\/se\/wp-json\/wp\/v2\/media\/117373"}],"wp:attachment":[{"href":"https:\/\/senoticias.com.br\/se\/wp-json\/wp\/v2\/media?parent=117372"}],"wp:term":[{"taxonomy":"category","embeddable":true,"href":"https:\/\/senoticias.com.br\/se\/wp-json\/wp\/v2\/categories?post=117372"},{"taxonomy":"post_tag","embeddable":true,"href":"https:\/\/senoticias.com.br\/se\/wp-json\/wp\/v2\/tags?post=117372"}],"curies":[{"name":"wp","href":"https:\/\/api.w.org\/{rel}","templated":true}]}}