{"id":117370,"date":"2019-03-05T19:05:03","date_gmt":"2019-03-05T22:05:03","guid":{"rendered":"https:\/\/senoticias.com.br\/se\/?p=117370"},"modified":"2019-03-05T19:05:03","modified_gmt":"2019-03-05T22:05:03","slug":"mancha-verde-e-a-campea-do-carnaval-de-sp-pela-1a-vez","status":"publish","type":"post","link":"https:\/\/senoticias.com.br\/se\/mancha-verde-e-a-campea-do-carnaval-de-sp-pela-1a-vez\/","title":{"rendered":"Mancha Verde \u00e9 a campe\u00e3 do carnaval de SP pela 1\u00aa vez"},"content":{"rendered":"<p style=\"text-align: justify;\">A Mancha Verde \u00e9 a grande campe\u00e3 do carnaval 2019 de S\u00e3o Paulo. \u00c9 o primeiro t\u00edtulo da escola. Vai-Vai e Acad\u00eamicos do Tucuruvi foram rebaixadas.<\/p>\n<p style=\"text-align: justify;\">O G1 acompanhou ao vivo a apura\u00e7\u00e3o das notas, que aconteceu na tarde desta ter\u00e7a-feira (4), diretamente do Samb\u00f3dromo do Anhembi. Veja aqui.<\/p>\n<div id=\"attachment_117371\" style=\"width: 609px\" class=\"wp-caption aligncenter\"><a href=\"https:\/\/senoticias.com.br\/se\/wp-content\/uploads\/2019\/03\/mancha-verde-2019-03-02-q98a1790-fabio-tito-g1-e1551823376731.jpg\"><img loading=\"lazy\" decoding=\"async\" aria-describedby=\"caption-attachment-117371\" class=\"size-full wp-image-117371\" src=\"https:\/\/senoticias.com.br\/se\/wp-content\/uploads\/2019\/03\/mancha-verde-2019-03-02-q98a1790-fabio-tito-g1-e1551823376731.jpg\" alt=\"\" width=\"599\" height=\"399\" \/><\/a><p id=\"caption-attachment-117371\" class=\"wp-caption-text\">Atriz Viviane Ara\u00fajo desfila pela Mancha Verde no samb\u00f3dromo. (Foto: Fabio Tito\/G1)<\/p><\/div>\n<p style=\"text-align: justify;\">A escola levou o trof\u00e9u com desfile sobre a princesa africana Aqualtune, av\u00f3 de Zumbi dos Palmares, e discutiu escravid\u00e3o, direitos de negros e mulheres e intoler\u00e2ncia religiosa na avenida.<\/p>\n<p style=\"text-align: justify;\">&#8220;Eu tenho muito orgulho de fazer parte da Mancha. Atribui\u00e7\u00e3o [da vit\u00f3ria] \u00e9 para todos n\u00f3s. E gra\u00e7as a Deus o presidente [Paulo Serdan] teve cabe\u00e7a fria e trouxe o Jorge Freitas [carnavalesco da escola]. Parab\u00e9ns, Jorge!&#8221;, comemorou o vice-presidente da escola, Rog\u00e9rio Carneiro.<\/p>\n<p style=\"text-align: justify;\">Em seu primeiro ano na Mancha Verde, ap\u00f3s t\u00edtulos na Gavi\u00f5es da Fiel, na Rosas de Ouro e na Imp\u00e9rio de Casa Verde, o carnavalesco Jorge Freitas trabalhou com a ideia de enredo dada pelo presidente da escola, Paulo Serdan.<\/p>\n<p style=\"text-align: justify;\">&#8220;Fizemos uma grande contrata\u00e7\u00e3o, que foi o Jorge de Freitas&#8221;, disse Serdan. &#8220;Conversamos com ele h\u00e1 um tempo, mas a gente n\u00e3o tinha condi\u00e7\u00e3o de dar a qualidade de ele desenvolver o trabalho. E esse ano deu. O Jorge vale cada centavo que a gente paga por ele. S\u00f3 vai sair da Mancha o dia que ele quiser.&#8221;<\/p>\n<p style=\"text-align: justify;\">A rainha de bateria Viviane Ara\u00fajo festejou a vit\u00f3ria da escola. &#8220;Ganhamos! Eu queria estar l\u00e1 com todo mundo, estou muito feliz. Foi lindo, a gente fez um trabalho lindo a escola se preparou para isso o ano todo, o Paulo investiu muito nesse carnaval e \u00e9 merecido, a Mancha mereceu. Eu queria abra\u00e7ar todo mundo, festejar com todo mundo, com a Puro Balan\u00e7o, minha bateria&#8230; Estou muito feliz e sexta-feira vamos fazer mais uma festa no Anhembi&#8221;, disse ela ao G1.<\/p>\n<p style=\"text-align: justify;\"><strong>Vit\u00f3ria no \u00faltimo quesito<\/strong><\/p>\n<p style=\"text-align: justify;\">A Acad\u00eamicos do Tatuap\u00e9, que ganhou os dois \u00faltimos carnavais de S\u00e3o Paulo, liderou a disputa nos oito primeiros quesitos. No nono, o de alegoria, por\u00e9m, a escola perdeu pontos e foi ultrapassada pela Mancha, que levou o trof\u00e9u. A Tatuap\u00e9 acabou em s\u00e9timo lugar.<\/p>\n<p style=\"text-align: justify;\"><strong>Trajet\u00f3ria no carnaval de SP<\/strong><\/p>\n<p style=\"text-align: justify;\">Em 2018, a Mancha ficou na terceira coloca\u00e7\u00e3o, atr\u00e1s da campe\u00e3 Acad\u00eamicos do Tatuap\u00e9 e da vice Mocidade Alegre, apenas por causa dos crit\u00e9rios de desempate. A escola retornou ao Grupo Especial em 2017, quando ficou em d\u00e9cimo lugar.<\/p>\n<p style=\"text-align: justify;\"><strong>Ranking de t\u00edtulos no carnaval<\/strong><\/p>\n<p style=\"text-align: justify;\">Rebaixada neste ano, a Vai-Vai \u00e9 a maior campe\u00e3 do carnaval de S\u00e3o Paulo, com 15 t\u00edtulos conquistados. Em segundo, est\u00e1 a Nen\u00ea de Vila Matilde, com 11, seguida de Camisa Verde e Branco e Mocidade Alegre, com 9 cada uma.<\/p>\n<p style=\"text-align: justify;\">A Rosas de Ouro, que ficou em terceiro lugar na disputa em 2019, tem 7 t\u00edtulos. J\u00e1 a vice Drag\u00f5es n\u00e3o tem nenhum vit\u00f3ria no carnaval. A Mancha, que tamb\u00e9m nunca tinha ganhada antes deste ano, tem um t\u00edtulo. Veja todas as vit\u00f3rias, ano a ano.<\/p>\n<p style=\"text-align: justify;\"><strong>Desfile das campe\u00e3s<\/strong><\/p>\n<p style=\"text-align: justify;\">Na sexta-feira (8), a Mancha Verde vai fechar o Desfile das Campe\u00e3s no Samb\u00f3dromo do Anhembi.<\/p>\n<p style=\"text-align: justify;\">Tamb\u00e9m v\u00e3o desfilar as outra quatro escolas mais bem classificadas ap\u00f3s a apura\u00e7\u00e3o realizada nesta ter\u00e7a: Drag\u00f5es da Real, Rosas de Ouro, Unidos de Vila Maria e Imp\u00e9rio de Casa Verde, al\u00e9m da campe\u00e3 e vice do Grupo de Acesso, que ser\u00e3o conhecidas ainda nesta ter\u00e7a.<\/p>\n<p style=\"text-align: justify;\">O Desfile das Campe\u00e3s come\u00e7a \u00e0s 21h da sexta. Os ingressos est\u00e3o dispon\u00edveis no site da Liga.<\/p>\n<p>&nbsp;<\/p>\n<p><a href=\"https:\/\/senoticias.com.br\/se\/wp-content\/uploads\/2019\/03\/Logomarca-fone-SE-4-2-1-1-1-1-1-1-1.jpg\"><img loading=\"lazy\" decoding=\"async\" class=\"aligncenter size-full wp-image-117345\" src=\"https:\/\/senoticias.com.br\/se\/wp-content\/uploads\/2019\/03\/Logomarca-fone-SE-4-2-1-1-1-1-1-1-1.jpg\" alt=\"\" width=\"599\" height=\"78\" srcset=\"https:\/\/senoticias.com.br\/se\/wp-content\/uploads\/2019\/03\/Logomarca-fone-SE-4-2-1-1-1-1-1-1-1.jpg 599w, https:\/\/senoticias.com.br\/se\/wp-content\/uploads\/2019\/03\/Logomarca-fone-SE-4-2-1-1-1-1-1-1-1-300x39.jpg 300w\" sizes=\"(max-width: 599px) 100vw, 599px\" \/><\/a><\/p>\n<p>&nbsp;<\/p>\n<p><em><strong>Acompanhe o SE Not\u00edcias no\u00a0<\/strong><a href=\"https:\/\/twitter.com\/Senoticias\" target=\"_blank\" rel=\"noopener\"><b>Twitter<\/b><\/a><strong>,\u00a0<\/strong><a href=\"https:\/\/www.facebook.com\/senoticias1\" target=\"_blank\" rel=\"noopener\"><b>Facebook\u00a0<\/b><\/a><strong>e no\u00a0<\/strong><a href=\"https:\/\/www.instagram.com\/senoticias\/\" target=\"_blank\" rel=\"noopener\"><b>Instagram<\/b><\/a><\/em><\/p>\n<p>&nbsp;<\/p>\n<p><em>Informa\u00e7\u00f5es do G1 S\u00e3o Paulo<\/em><\/p>\n","protected":false},"excerpt":{"rendered":"<p>A Mancha Verde \u00e9 a grande campe\u00e3 do carnaval 2019 de S\u00e3o Paulo. \u00c9 o primeiro t\u00edtulo da escola. Vai-Vai e Acad\u00eamicos do Tucuruvi foram rebaixadas. O G1 acompanhou ao vivo a apura\u00e7\u00e3o das notas, que aconteceu na tarde desta ter\u00e7a-feira (4), diretamente do Samb\u00f3dromo do Anhembi. Veja aqui. A escola levou o trof\u00e9u com [&hellip;]<\/p>\n","protected":false},"author":6552,"featured_media":117371,"comment_status":"closed","ping_status":"closed","sticky":false,"template":"","format":"standard","meta":{"footnotes":""},"categories":[15,21],"tags":[11734,11733,11735],"class_list":{"0":"post-117370","1":"post","2":"type-post","3":"status-publish","4":"format-standard","5":"has-post-thumbnail","7":"category-destaques","8":"category-entretenimento","9":"tag-atriz-viviane-araujo","10":"tag-mancha-verde","11":"tag-mancha-verde-e-a-campea-do-carnaval"},"_links":{"self":[{"href":"https:\/\/senoticias.com.br\/se\/wp-json\/wp\/v2\/posts\/117370"}],"collection":[{"href":"https:\/\/senoticias.com.br\/se\/wp-json\/wp\/v2\/posts"}],"about":[{"href":"https:\/\/senoticias.com.br\/se\/wp-json\/wp\/v2\/types\/post"}],"author":[{"embeddable":true,"href":"https:\/\/senoticias.com.br\/se\/wp-json\/wp\/v2\/users\/6552"}],"replies":[{"embeddable":true,"href":"https:\/\/senoticias.com.br\/se\/wp-json\/wp\/v2\/comments?post=117370"}],"version-history":[{"count":0,"href":"https:\/\/senoticias.com.br\/se\/wp-json\/wp\/v2\/posts\/117370\/revisions"}],"wp:featuredmedia":[{"embeddable":true,"href":"https:\/\/senoticias.com.br\/se\/wp-json\/wp\/v2\/media\/117371"}],"wp:attachment":[{"href":"https:\/\/senoticias.com.br\/se\/wp-json\/wp\/v2\/media?parent=117370"}],"wp:term":[{"taxonomy":"category","embeddable":true,"href":"https:\/\/senoticias.com.br\/se\/wp-json\/wp\/v2\/categories?post=117370"},{"taxonomy":"post_tag","embeddable":true,"href":"https:\/\/senoticias.com.br\/se\/wp-json\/wp\/v2\/tags?post=117370"}],"curies":[{"name":"wp","href":"https:\/\/api.w.org\/{rel}","templated":true}]}}