{"id":117353,"date":"2019-03-04T08:24:54","date_gmt":"2019-03-04T11:24:54","guid":{"rendered":"https:\/\/senoticias.com.br\/se\/?p=117353"},"modified":"2019-03-04T08:31:42","modified_gmt":"2019-03-04T11:31:42","slug":"cantor-diz-que-o-tenente-coronel-eliezer-foi-agredido-no-presidio-militar","status":"publish","type":"post","link":"https:\/\/senoticias.com.br\/se\/cantor-diz-que-o-tenente-coronel-eliezer-foi-agredido-no-presidio-militar\/","title":{"rendered":"Cantor diz que o tenente-coronel foi agredido no Pres\u00eddio Militar"},"content":{"rendered":"<p style=\"text-align: justify;\">No Instagram, o autor George Sants denunciou que o tenente-coronel Eliezer foi agredido no Presmil, Pres\u00eddio Militar, em Aracaju.<\/p>\n<p style=\"text-align: justify;\">Inicialmente, a informa\u00e7\u00e3o era a de que Eliezer escorregou na quadra e caiu. George Sants assegura que n\u00e3o houve escorreg\u00e3o. As informa\u00e7\u00f5es s\u00e3o site <a href=\"https:\/\/www.nenoticias.com.br\/cantor-diz-que-o-tenente-coronel-eliezer-foi-agredido-no-presmil\/\">NE<\/a> Not\u00edcias<\/p>\n<div id=\"attachment_117354\" style=\"width: 609px\" class=\"wp-caption aligncenter\"><a href=\"https:\/\/senoticias.com.br\/se\/wp-content\/uploads\/2019\/03\/grande-Eliezer-tenente-coronel12032013.jpg\"><img loading=\"lazy\" decoding=\"async\" aria-describedby=\"caption-attachment-117354\" class=\"size-full wp-image-117354\" src=\"https:\/\/senoticias.com.br\/se\/wp-content\/uploads\/2019\/03\/grande-Eliezer-tenente-coronel12032013-e1551698506823.jpg\" alt=\"\" width=\"599\" height=\"398\" \/><\/a><p id=\"caption-attachment-117354\" class=\"wp-caption-text\">Tenente coronel Eliezer Santana (Foto: Arquivo Portal Infonet)<\/p><\/div>\n<p>Veja que o cantor postou no Instagram:<\/p>\n<p style=\"text-align: justify;\">Eu n\u00e3o abro espa\u00e7o pra not\u00edcias como essas no meu perfil porque sou cantor e n\u00e3o rep\u00f3rter! Mas a informa\u00e7\u00e3o a que tive conhecimento me estarreceu: o Tenente Coronel Eliezer Santana foi agredido durante uma partida de futebol por outro interno do PRESMIL. Mas n\u00e3o \u00e9 s\u00f3 isso, foi divulgada uma informa\u00e7\u00e3o falsa de que o Coronel sofreu uma queda, quando o que houve foi uma agress\u00e3o por parte de outro preso, testemunhas atestam. Por que relatar uma informa\u00e7\u00e3o falsa \u00e0 imprensa? Por que n\u00e3o liberam as c\u00e2meras? Por que homicidas s\u00e3o colocados com internos respondendo a crimes administrativos? Queremos respostas!!<\/p>\n<p>&nbsp;<\/p>\n<p><a href=\"https:\/\/senoticias.com.br\/se\/wp-content\/uploads\/2019\/03\/Logomarca-fone-SE-4-2-1-1-1-1-1-1-1.jpg\"><img loading=\"lazy\" decoding=\"async\" class=\"aligncenter size-full wp-image-117345\" src=\"https:\/\/senoticias.com.br\/se\/wp-content\/uploads\/2019\/03\/Logomarca-fone-SE-4-2-1-1-1-1-1-1-1.jpg\" alt=\"\" width=\"599\" height=\"78\" srcset=\"https:\/\/senoticias.com.br\/se\/wp-content\/uploads\/2019\/03\/Logomarca-fone-SE-4-2-1-1-1-1-1-1-1.jpg 599w, https:\/\/senoticias.com.br\/se\/wp-content\/uploads\/2019\/03\/Logomarca-fone-SE-4-2-1-1-1-1-1-1-1-300x39.jpg 300w\" sizes=\"(max-width: 599px) 100vw, 599px\" \/><\/a><\/p>\n<p>&nbsp;<\/p>\n<p>&nbsp;<\/p>\n<p><em><strong>Acompanhe o SE Not\u00edcias no\u00a0<\/strong><a href=\"https:\/\/twitter.com\/Senoticias\" target=\"_blank\" rel=\"noopener\"><b>Twitter<\/b><\/a><strong>,\u00a0<\/strong><a href=\"https:\/\/www.facebook.com\/senoticias1\" target=\"_blank\" rel=\"noopener\"><b>Facebook\u00a0<\/b><\/a><strong>e no\u00a0<\/strong><a href=\"https:\/\/www.instagram.com\/senoticias\/\" target=\"_blank\" rel=\"noopener\"><b>Instagram<\/b><\/a><\/em><\/p>\n<p>&nbsp;<\/p>\n<p>&nbsp;<\/p>\n","protected":false},"excerpt":{"rendered":"<p>No Instagram, o autor George Sants denunciou que o tenente-coronel Eliezer foi agredido no Presmil, Pres\u00eddio Militar, em Aracaju. Inicialmente, a informa\u00e7\u00e3o era a de que Eliezer escorregou na quadra e caiu. George Sants assegura que n\u00e3o houve escorreg\u00e3o. As informa\u00e7\u00f5es s\u00e3o site NE Not\u00edcias Veja que o cantor postou no Instagram: Eu n\u00e3o abro [&hellip;]<\/p>\n","protected":false},"author":6552,"featured_media":117354,"comment_status":"closed","ping_status":"closed","sticky":false,"template":"","format":"standard","meta":{"footnotes":""},"categories":[15,7],"tags":[11729,11728,11730],"class_list":{"0":"post-117353","1":"post","2":"type-post","3":"status-publish","4":"format-standard","5":"has-post-thumbnail","7":"category-destaques","8":"category-policia","9":"tag-presidio-militar","10":"tag-presmil","11":"tag-tenente-coronel-eliezer-santana"},"_links":{"self":[{"href":"https:\/\/senoticias.com.br\/se\/wp-json\/wp\/v2\/posts\/117353"}],"collection":[{"href":"https:\/\/senoticias.com.br\/se\/wp-json\/wp\/v2\/posts"}],"about":[{"href":"https:\/\/senoticias.com.br\/se\/wp-json\/wp\/v2\/types\/post"}],"author":[{"embeddable":true,"href":"https:\/\/senoticias.com.br\/se\/wp-json\/wp\/v2\/users\/6552"}],"replies":[{"embeddable":true,"href":"https:\/\/senoticias.com.br\/se\/wp-json\/wp\/v2\/comments?post=117353"}],"version-history":[{"count":0,"href":"https:\/\/senoticias.com.br\/se\/wp-json\/wp\/v2\/posts\/117353\/revisions"}],"wp:featuredmedia":[{"embeddable":true,"href":"https:\/\/senoticias.com.br\/se\/wp-json\/wp\/v2\/media\/117354"}],"wp:attachment":[{"href":"https:\/\/senoticias.com.br\/se\/wp-json\/wp\/v2\/media?parent=117353"}],"wp:term":[{"taxonomy":"category","embeddable":true,"href":"https:\/\/senoticias.com.br\/se\/wp-json\/wp\/v2\/categories?post=117353"},{"taxonomy":"post_tag","embeddable":true,"href":"https:\/\/senoticias.com.br\/se\/wp-json\/wp\/v2\/tags?post=117353"}],"curies":[{"name":"wp","href":"https:\/\/api.w.org\/{rel}","templated":true}]}}