{"id":117343,"date":"2019-03-02T15:40:33","date_gmt":"2019-03-02T18:40:33","guid":{"rendered":"https:\/\/senoticias.com.br\/se\/?p=117343"},"modified":"2019-03-02T15:40:33","modified_gmt":"2019-03-02T18:40:33","slug":"prefeito-de-lagarto-tem-habeas-corpus-negado-e-vice-assume-prefeitura","status":"publish","type":"post","link":"https:\/\/senoticias.com.br\/se\/prefeito-de-lagarto-tem-habeas-corpus-negado-e-vice-assume-prefeitura\/","title":{"rendered":"Prefeito de Lagarto tem habeas corpus negado e vice assume prefeitura"},"content":{"rendered":"<div id=\"attachment_117344\" style=\"width: 310px\" class=\"wp-caption alignright\"><a href=\"https:\/\/senoticias.com.br\/se\/wp-content\/uploads\/2019\/03\/vice_prefeita_hilda_ribeiro-300x237.jpg\"><img loading=\"lazy\" decoding=\"async\" aria-describedby=\"caption-attachment-117344\" class=\"size-full wp-image-117344\" src=\"https:\/\/senoticias.com.br\/se\/wp-content\/uploads\/2019\/03\/vice_prefeita_hilda_ribeiro-300x237.jpg\" alt=\"\" width=\"300\" height=\"237\" srcset=\"https:\/\/senoticias.com.br\/se\/wp-content\/uploads\/2019\/03\/vice_prefeita_hilda_ribeiro-300x237.jpg 300w, https:\/\/senoticias.com.br\/se\/wp-content\/uploads\/2019\/03\/vice_prefeita_hilda_ribeiro-300x237-45x35.jpg 45w\" sizes=\"(max-width: 300px) 100vw, 300px\" \/><\/a><p id=\"caption-attachment-117344\" class=\"wp-caption-text\">Hilda Ribeiro passa a assumir prefeitura interinamente (Foto: ascom\/Lagarto)<\/p><\/div>\n<p style=\"text-align: justify;\">A presid\u00eancia da C\u00e2mara de Vereadores de Lagarto concedeu, nesta \u00faltima sexta-feira, 1\u00ba de mar\u00e7o, licen\u00e7a do cargo de prefeito a Valmir Monteiro, que est\u00e1 preso desde o dia 22 de fevereiro no Pres\u00eddio Militar (Presmil), e teve o pedido de habeas corpus negado pelo Superior Tribunal de Justi\u00e7a (STJ). O documento convoca a vice-prefeita Hilda Rollemberg Ribeiro a assumir a administra\u00e7\u00e3o.<\/p>\n<p style=\"text-align: justify;\">Conforme aponta o of\u00edcio, assinado monocraticamente pelo presidente da C\u00e2mara Carlos Eduardo Pereira de Santana, o pedido foi feito pelo ent\u00e3o prefeito, informando oficialmente impedimento tempor\u00e1rio em continuar \u00e0 frente da administra\u00e7\u00e3o. De acordo com o vice-presidente da Casa, o vereador Washington da Cruz Silva, a partir da publica\u00e7\u00e3o do documento, a vice-prefeita passa a assumir a gest\u00e3o interinamente.<\/p>\n<p style=\"text-align: justify;\">A posse deve ocorrer na pr\u00f3xima quinta-feira, 7, em virtude do ponto facultativo da Quarta de Cinzas, segundo a assessoria de comunica\u00e7\u00e3o da Prefeitura de Lagarto.<\/p>\n<p style=\"text-align: justify;\"><strong>Relembre<\/strong><\/p>\n<p style=\"text-align: justify;\">O prefeito, seu genro e dois empres\u00e1rios foram presos a pedido de promotores de Justi\u00e7a do Grupo de Atua\u00e7\u00e3o Especial de Repress\u00e3o ao Crime Organizado (Gaeco) do Minist\u00e9rio P\u00fablico do Estado de Sergipe (MP-SE), a partir da \u2018Opera\u00e7\u00e3o Leak\u2019. A a\u00e7\u00e3o investiga desvios de verbas p\u00fablicas do matadouro de Lagarto e pr\u00e1ticas do crime de lavagem de dinheiro pelo gestor e demais acusados. \u00d3rg\u00e3os p\u00fablicos de Lagarto, al\u00e9m das resid\u00eancias dos acusados foram alvos de buscas e apreens\u00e3o.<\/p>\n<p style=\"text-align: justify;\"><strong>Leak<\/strong><\/p>\n<p style=\"text-align: justify;\">A opera\u00e7\u00e3o recebeu o nome em ingl\u00eas \u2013 que significa \u201cvazamento\u201d \u2013 ap\u00f3s informa\u00e7\u00f5es sigilosas terem sido espalhadas. Os promotores encaminharam of\u00edcio a Corregedoria do Tribunal de Justi\u00e7a de Sergipe para que uma investiga\u00e7\u00e3o seja iniciada e aponte o autor do vazamento.<\/p>\n<p>&nbsp;<\/p>\n<p><em><strong>Acompanhe o SE Not\u00edcias no\u00a0<\/strong><a href=\"https:\/\/twitter.com\/Senoticias\" target=\"_blank\" rel=\"noopener\"><b>Twitter<\/b><\/a><strong>,\u00a0<\/strong><a href=\"https:\/\/www.facebook.com\/senoticias1\" target=\"_blank\" rel=\"noopener\"><b>Facebook\u00a0<\/b><\/a><strong>e no\u00a0<\/strong><a href=\"https:\/\/www.instagram.com\/senoticias\/\" target=\"_blank\" rel=\"noopener\"><b>Instagram<\/b><\/a><\/em><\/p>\n<p>&nbsp;<\/p>\n<p><a href=\"https:\/\/senoticias.com.br\/se\/wp-content\/uploads\/2019\/03\/Logomarca-fone-SE-4-2-1-1-1-1-1-1-1.jpg\"><img loading=\"lazy\" decoding=\"async\" class=\"aligncenter size-full wp-image-117345\" src=\"https:\/\/senoticias.com.br\/se\/wp-content\/uploads\/2019\/03\/Logomarca-fone-SE-4-2-1-1-1-1-1-1-1.jpg\" alt=\"\" width=\"599\" height=\"78\" srcset=\"https:\/\/senoticias.com.br\/se\/wp-content\/uploads\/2019\/03\/Logomarca-fone-SE-4-2-1-1-1-1-1-1-1.jpg 599w, https:\/\/senoticias.com.br\/se\/wp-content\/uploads\/2019\/03\/Logomarca-fone-SE-4-2-1-1-1-1-1-1-1-300x39.jpg 300w\" sizes=\"(max-width: 599px) 100vw, 599px\" \/><\/a><\/p>\n<p>&nbsp;<\/p>\n<p><em>por J\u00e9ssica Fran\u00e7a, do portal Infonet<\/em><\/p>\n","protected":false},"excerpt":{"rendered":"<p>A presid\u00eancia da C\u00e2mara de Vereadores de Lagarto concedeu, nesta \u00faltima sexta-feira, 1\u00ba de mar\u00e7o, licen\u00e7a do cargo de prefeito a Valmir Monteiro, que est\u00e1 preso desde o dia 22 de fevereiro no Pres\u00eddio Militar (Presmil), e teve o pedido de habeas corpus negado pelo Superior Tribunal de Justi\u00e7a (STJ). O documento convoca a vice-prefeita [&hellip;]<\/p>\n","protected":false},"author":6552,"featured_media":117344,"comment_status":"closed","ping_status":"closed","sticky":false,"template":"","format":"standard","meta":{"footnotes":""},"categories":[15,6],"tags":[],"class_list":{"0":"post-117343","1":"post","2":"type-post","3":"status-publish","4":"format-standard","5":"has-post-thumbnail","7":"category-destaques","8":"category-politica"},"_links":{"self":[{"href":"https:\/\/senoticias.com.br\/se\/wp-json\/wp\/v2\/posts\/117343"}],"collection":[{"href":"https:\/\/senoticias.com.br\/se\/wp-json\/wp\/v2\/posts"}],"about":[{"href":"https:\/\/senoticias.com.br\/se\/wp-json\/wp\/v2\/types\/post"}],"author":[{"embeddable":true,"href":"https:\/\/senoticias.com.br\/se\/wp-json\/wp\/v2\/users\/6552"}],"replies":[{"embeddable":true,"href":"https:\/\/senoticias.com.br\/se\/wp-json\/wp\/v2\/comments?post=117343"}],"version-history":[{"count":0,"href":"https:\/\/senoticias.com.br\/se\/wp-json\/wp\/v2\/posts\/117343\/revisions"}],"wp:featuredmedia":[{"embeddable":true,"href":"https:\/\/senoticias.com.br\/se\/wp-json\/wp\/v2\/media\/117344"}],"wp:attachment":[{"href":"https:\/\/senoticias.com.br\/se\/wp-json\/wp\/v2\/media?parent=117343"}],"wp:term":[{"taxonomy":"category","embeddable":true,"href":"https:\/\/senoticias.com.br\/se\/wp-json\/wp\/v2\/categories?post=117343"},{"taxonomy":"post_tag","embeddable":true,"href":"https:\/\/senoticias.com.br\/se\/wp-json\/wp\/v2\/tags?post=117343"}],"curies":[{"name":"wp","href":"https:\/\/api.w.org\/{rel}","templated":true}]}}