{"id":117338,"date":"2019-03-01T15:40:42","date_gmt":"2019-03-01T18:40:42","guid":{"rendered":"https:\/\/senoticias.com.br\/se\/?p=117338"},"modified":"2019-03-01T21:03:18","modified_gmt":"2019-03-02T00:03:18","slug":"defesa-de-lula-pede-a-justica-que-autorize-saida-do-ex-presidente-da-prisao-para-enterro-do-neto","status":"publish","type":"post","link":"https:\/\/senoticias.com.br\/se\/defesa-de-lula-pede-a-justica-que-autorize-saida-do-ex-presidente-da-prisao-para-enterro-do-neto\/","title":{"rendered":"Justi\u00e7a autoriza Lula a deixar a pris\u00e3o para ir ao vel\u00f3rio do neto em S\u00e3o Paulo"},"content":{"rendered":"<p style=\"text-align: justify;\">A Justi\u00e7a Federal autorizou o ex-presidente Luiz In\u00e1cio Lula da Silva a ir ao vel\u00f3rio do neto. Arthur Lula da Silva, de 7 anos, morreu nesta sexta-feira (1\u00ba) v\u00edtima de meningite meningoc\u00f3cica, em S\u00e3o Paulo.<\/p>\n<div id=\"attachment_117340\" style=\"width: 609px\" class=\"wp-caption alignnone\"><a href=\"https:\/\/senoticias.com.br\/se\/wp-content\/uploads\/2019\/03\/netolula-3--e1551484849519.jpeg\"><img loading=\"lazy\" decoding=\"async\" aria-describedby=\"caption-attachment-117340\" class=\"size-full wp-image-117340\" src=\"https:\/\/senoticias.com.br\/se\/wp-content\/uploads\/2019\/03\/netolula-3--e1551484849519.jpeg\" alt=\"\" width=\"599\" height=\"683\" \/><\/a><p id=\"caption-attachment-117340\" class=\"wp-caption-text\">Arthur Lula da Silva, de 7 anos, neto do ex-presidente Lula, morre de meningite \u2014 Foto: Reprodu\u00e7\u00e3o\/Facebook<\/p><\/div>\n<p style=\"text-align: justify;\">Em nota, a Justi\u00e7a Federal informou que a \u00edntegra da decis\u00e3o n\u00e3o ser\u00e1 divulgada:<\/p>\n<p style=\"text-align: justify;\">&#8220;Foi autorizada a participa\u00e7\u00e3o de Lula no vel\u00f3rio e que, a fim de preservar a intimidade da fam\u00edlia e garantir n\u00e3o apenas a integridade do preso, mas a seguran\u00e7a p\u00fablica, os detalhes do deslocamento ser\u00e3o mantidos em sigilo&#8221;.<\/p>\n<p style=\"text-align: justify;\">O processo de execu\u00e7\u00e3o penal do ex-presidente est\u00e1 sob sigilo. Mais cedo, o Minist\u00e9rio P\u00fablico Federal deu parecer favor\u00e1vel \u00e0 sa\u00edda.<\/p>\n<p style=\"text-align: justify;\">O vel\u00f3rio do corpo de Arthur come\u00e7ar\u00e1 \u00e0s 22h no Cemit\u00e9rio Jardim da Colina, em S\u00e3o Bernardo do Campo.<\/p>\n<p style=\"text-align: justify;\">O pedido feito pela defesa citava o artigo 120 da Lei de Execu\u00e7\u00e3o Penal, que diz que &#8220;os condenados que cumprem pena em regime fechado ou semiaberto e os presos provis\u00f3rios poder\u00e3o obter permiss\u00e3o para sair do estabelecimento, mediante escolta, quando ocorrer falecimento ou doen\u00e7a grave do c\u00f4njuge, companheira, ascendente, descendente ou irm\u00e3o&#8221;.<\/p>\n<p style=\"text-align: justify;\">Na peti\u00e7\u00e3o, a defesa de Lula se compromete &#8220;a n\u00e3o divulgar qualquer informa\u00e7\u00e3o relativa ao trajeto que ser\u00e1 realizado&#8221;. O vel\u00f3rio ocorre a partir da noite desta sexta no cemit\u00e9rio Jardim da Colina, em S\u00e3o Bernardo do Campo (SP).<\/p>\n<p>O ex-presidente est\u00e1 preso em uma sala especial na Pol\u00edcia Federal (PF) desde 7 de abril de 2018.<\/p>\n<p>Neste per\u00edodo, Lula recebeu a visita do neto em duas oportunidades.<\/p>\n<p>Em 29 de janeiro, o Supremo Tribunal Federal autorizou Lula a sair da carceragem da PF para ir ao funeral do irm\u00e3o Vav\u00e1. A decis\u00e3o saiu pouco antes de o corpo de Vav\u00e1 ser sepultado e, por isso, Lula n\u00e3o conseguiu ir ao enterro.<\/p>\n<p style=\"text-align: justify;\">Na oportunidade, a autoriza\u00e7\u00e3o saiu ap\u00f3s o pedido ser negado pela Justi\u00e7a Federal, na 1\u00aa inst\u00e2ncia pela ju\u00edza Carolina Lebbos, e na 2\u00aa inst\u00e2ncia pelo desembargador Leandro Paulsen.<\/p>\n<p style=\"text-align: justify;\"><strong>Condena\u00e7\u00f5es e processos<\/strong><\/p>\n<p>Lula cumpre pena por duas condena\u00e7\u00f5es na Opera\u00e7\u00e3o Lava Jato. A primeira, de 24 de janeiro de 2018, \u00e9 referente ao caso do triplex em Guaruj\u00e1 (SP), em que o ex-presidente foi condenado a 12 anos e 1 m\u00eas de pris\u00e3o pelo Tribunal Regional Federal da 4\u00aa Regi\u00e3o (TRF-4) por corrup\u00e7\u00e3o passiva e lavagem de dinheiro.<\/p>\n<p style=\"text-align: justify;\">Para a Justi\u00e7a, Lula recebeu propina da empreiteira OAS na forma de um apartamento no Guaruj\u00e1, em troca de favores na Petrobras. A defesa do ex-presidente nega.<\/p>\n<p style=\"text-align: justify;\">Em 6 de fevereiro, Lula foi condenado em outra a\u00e7\u00e3o da Lava Jato: a ju\u00edza substituta da 13\u00aa Vara da Justi\u00e7a Federal de Curitiba, Gabriela Hardt, condenou o ex-presidente a 12 anos e 11 meses de pris\u00e3o por corrup\u00e7\u00e3o e lavagem de dinheiro, por receber propina por meio de uma reforma em um s\u00edtio em Atibaia (SP). A defesa nega.<\/p>\n<p style=\"text-align: justify;\">Lula ainda \u00e9 r\u00e9u em outro processo da Opera\u00e7\u00e3o Lava Jato em Curitiba, que apura se ele recebeu vantagens por meio de um apartamento e de um terreno onde seria constru\u00edda a sede do Instituto Lula. A obra n\u00e3o saiu do papel.<\/p>\n<p>&nbsp;<\/p>\n<p><a href=\"https:\/\/senoticias.com.br\/se\/wp-content\/uploads\/2019\/01\/Logomarca-fone-SE-4-2-1-1-1-1-1-1.jpg\"><img loading=\"lazy\" decoding=\"async\" class=\"alignnone size-full wp-image-116985\" src=\"https:\/\/senoticias.com.br\/se\/wp-content\/uploads\/2019\/01\/Logomarca-fone-SE-4-2-1-1-1-1-1-1.jpg\" alt=\"\" width=\"599\" height=\"78\" srcset=\"https:\/\/senoticias.com.br\/se\/wp-content\/uploads\/2019\/01\/Logomarca-fone-SE-4-2-1-1-1-1-1-1.jpg 599w, https:\/\/senoticias.com.br\/se\/wp-content\/uploads\/2019\/01\/Logomarca-fone-SE-4-2-1-1-1-1-1-1-300x39.jpg 300w\" sizes=\"(max-width: 599px) 100vw, 599px\" \/><\/a><\/p>\n<p>&nbsp;<\/p>\n<p><em>Por Fernando Castro e Pedro Brodbeck, <a href=\"https:\/\/g1.globo.com\/pr\/parana\/noticia\/2019\/03\/01\/justica-autoriza-lula-a-deixar-a-prisao-para-ir-ao-funeral-do-neto-em-sp.ghtml\"><strong>G1<\/strong><\/a> PR<\/em><\/p>\n<p><em><strong>Acompanhe o SE Not\u00edcias no\u00a0<\/strong><a href=\"https:\/\/twitter.com\/Senoticias\" target=\"_blank\" rel=\"noopener\"><b>Twitter<\/b><\/a><strong>,\u00a0<\/strong><a href=\"https:\/\/www.facebook.com\/senoticias1\" target=\"_blank\" rel=\"noopener\"><b>Facebook\u00a0<\/b><\/a><strong>e no\u00a0<\/strong><a href=\"https:\/\/www.instagram.com\/senoticias\/\" target=\"_blank\" rel=\"noopener\"><b>Instagram<\/b><\/a><\/em><\/p>\n","protected":false},"excerpt":{"rendered":"<p>A Justi\u00e7a Federal autorizou o ex-presidente Luiz In\u00e1cio Lula da Silva a ir ao vel\u00f3rio do neto. Arthur Lula da Silva, de 7 anos, morreu nesta sexta-feira (1\u00ba) v\u00edtima de meningite meningoc\u00f3cica, em S\u00e3o Paulo. Em nota, a Justi\u00e7a Federal informou que a \u00edntegra da decis\u00e3o n\u00e3o ser\u00e1 divulgada: &#8220;Foi autorizada a participa\u00e7\u00e3o de Lula [&hellip;]<\/p>\n","protected":false},"author":6552,"featured_media":117340,"comment_status":"closed","ping_status":"closed","sticky":false,"template":"","format":"standard","meta":{"footnotes":""},"categories":[15,6,1],"tags":[11724,4654,90,11723],"class_list":{"0":"post-117338","1":"post","2":"type-post","3":"status-publish","4":"format-standard","5":"has-post-thumbnail","7":"category-destaques","8":"category-politica","9":"category-sem-categoria","10":"tag-arthur-lula-da-silva","11":"tag-justica-federal","12":"tag-lula","13":"tag-neto-de-lula"},"_links":{"self":[{"href":"https:\/\/senoticias.com.br\/se\/wp-json\/wp\/v2\/posts\/117338"}],"collection":[{"href":"https:\/\/senoticias.com.br\/se\/wp-json\/wp\/v2\/posts"}],"about":[{"href":"https:\/\/senoticias.com.br\/se\/wp-json\/wp\/v2\/types\/post"}],"author":[{"embeddable":true,"href":"https:\/\/senoticias.com.br\/se\/wp-json\/wp\/v2\/users\/6552"}],"replies":[{"embeddable":true,"href":"https:\/\/senoticias.com.br\/se\/wp-json\/wp\/v2\/comments?post=117338"}],"version-history":[{"count":0,"href":"https:\/\/senoticias.com.br\/se\/wp-json\/wp\/v2\/posts\/117338\/revisions"}],"wp:featuredmedia":[{"embeddable":true,"href":"https:\/\/senoticias.com.br\/se\/wp-json\/wp\/v2\/media\/117340"}],"wp:attachment":[{"href":"https:\/\/senoticias.com.br\/se\/wp-json\/wp\/v2\/media?parent=117338"}],"wp:term":[{"taxonomy":"category","embeddable":true,"href":"https:\/\/senoticias.com.br\/se\/wp-json\/wp\/v2\/categories?post=117338"},{"taxonomy":"post_tag","embeddable":true,"href":"https:\/\/senoticias.com.br\/se\/wp-json\/wp\/v2\/tags?post=117338"}],"curies":[{"name":"wp","href":"https:\/\/api.w.org\/{rel}","templated":true}]}}