{"id":117317,"date":"2019-02-27T20:23:38","date_gmt":"2019-02-27T23:23:38","guid":{"rendered":"https:\/\/senoticias.com.br\/se\/?p=117317"},"modified":"2019-02-27T20:25:30","modified_gmt":"2019-02-27T23:25:30","slug":"prefeitura-de-sao-cristovao-paga-salarios-de-todos-os-servidores-nesta-quinta-feira-28","status":"publish","type":"post","link":"https:\/\/senoticias.com.br\/se\/prefeitura-de-sao-cristovao-paga-salarios-de-todos-os-servidores-nesta-quinta-feira-28\/","title":{"rendered":"Prefeitura de S\u00e3o Crist\u00f3v\u00e3o paga sal\u00e1rios de fevereiro nesta quinta-feira, 28"},"content":{"rendered":"<p>&nbsp;<\/p>\n<p style=\"text-align: justify;\">A Prefeitura de S\u00e3o Crist\u00f3v\u00e3o vai efetuar o pagamento, nesta quinta-feira (28), dos sal\u00e1rios dos servidores p\u00fablicos municipais referentes ao m\u00eas de fevereiro. O pagamento foi confirmado pelo prefeito Marcos Santana.<\/p>\n<p><strong>Carnaval<\/strong><\/p>\n<div id=\"attachment_110388\" style=\"width: 510px\" class=\"wp-caption alignnone\"><a href=\"https:\/\/senoticias.com.br\/se\/wp-content\/uploads\/2018\/01\/Marcos-Santana-prefeito-de-Sao-Cristovao-SE-NOTICIAS.jpeg\"><img loading=\"lazy\" decoding=\"async\" aria-describedby=\"caption-attachment-110388\" class=\"size-full wp-image-110388\" src=\"https:\/\/senoticias.com.br\/se\/wp-content\/uploads\/2018\/01\/Marcos-Santana-prefeito-de-Sao-Cristovao-SE-NOTICIAS.jpeg\" alt=\"\" width=\"500\" height=\"330\" srcset=\"https:\/\/senoticias.com.br\/se\/wp-content\/uploads\/2018\/01\/Marcos-Santana-prefeito-de-Sao-Cristovao-SE-NOTICIAS.jpeg 500w, https:\/\/senoticias.com.br\/se\/wp-content\/uploads\/2018\/01\/Marcos-Santana-prefeito-de-Sao-Cristovao-SE-NOTICIAS-300x198.jpeg 300w, https:\/\/senoticias.com.br\/se\/wp-content\/uploads\/2018\/01\/Marcos-Santana-prefeito-de-Sao-Cristovao-SE-NOTICIAS-90x60.jpeg 90w, https:\/\/senoticias.com.br\/se\/wp-content\/uploads\/2018\/01\/Marcos-Santana-prefeito-de-Sao-Cristovao-SE-NOTICIAS-180x120.jpeg 180w, https:\/\/senoticias.com.br\/se\/wp-content\/uploads\/2018\/01\/Marcos-Santana-prefeito-de-Sao-Cristovao-SE-NOTICIAS-95x64.jpeg 95w\" sizes=\"(max-width: 500px) 100vw, 500px\" \/><\/a><p id=\"caption-attachment-110388\" class=\"wp-caption-text\">Mais uma vez o sal\u00e1rio estar\u00e1 dispon\u00edvel para saque dentro do m\u00eas trabalhado, garantiu o prefeito Marcos Santana. (Foto: M\u00e1rcio Garcez)<\/p><\/div>\n<p style=\"text-align: justify;\">Segundo o prefeito Marcos Santana, mais uma vez o pagamento ser\u00e1 feito dentro do m\u00eas trabalhado e representa uma inje\u00e7\u00e3o de mais R$ 4,2 milh\u00f5es na economia local. Com a libera\u00e7\u00e3o dos vencimentos nesta quinta-feira, os servidores estar\u00e3o mais tranquilos para descansar ou cair na folia momesca na certeza de que seu sal\u00e1rio estar\u00e1 na conta.<\/p>\n<p style=\"text-align: justify;\">\u201cEstamos cumprindo o nosso compromisso de priorizar a folha de pessoal em dia e dentro do m\u00eas trabalhado. A nossa gest\u00e3o tem o compromisso e a responsabilidade com o dinheiro p\u00fablico para que n\u00e3o comprometa o pagamento dos servidores nem prejudique os servi\u00e7os prestados \u00e0 popula\u00e7\u00e3o\u201d, comentou o prefeito.<\/p>\n<p style=\"text-align: justify;\">De acordo com o secret\u00e1rio municipal de Fazenda, Eldro Fran\u00e7a, os valores estar\u00e3o dispon\u00edveis para saque nas ag\u00eancias da Caixa Econ\u00f4mica Federal a partir das 12 horas.<\/p>\n<p style=\"text-align: justify;\">O secret\u00e1rio tamb\u00e9m reiterou que o pagamento da folha dentro do m\u00eas trabalhado \u00e9 uma determina\u00e7\u00e3o do prefeito Marcos Santana, e s\u00f3 \u00e9 poss\u00edvel gra\u00e7as ao controle rigoroso das despesas e gastos da Administra\u00e7\u00e3o municipal.<\/p>\n<p>&nbsp;<\/p>\n<p><a href=\"https:\/\/senoticias.com.br\/se\/wp-content\/uploads\/2019\/01\/Logomarca-fone-SE-4-2-1-1-1-1-1-1.jpg\"><img loading=\"lazy\" decoding=\"async\" class=\"alignnone size-full wp-image-116985\" src=\"https:\/\/senoticias.com.br\/se\/wp-content\/uploads\/2019\/01\/Logomarca-fone-SE-4-2-1-1-1-1-1-1.jpg\" alt=\"\" width=\"599\" height=\"78\" srcset=\"https:\/\/senoticias.com.br\/se\/wp-content\/uploads\/2019\/01\/Logomarca-fone-SE-4-2-1-1-1-1-1-1.jpg 599w, https:\/\/senoticias.com.br\/se\/wp-content\/uploads\/2019\/01\/Logomarca-fone-SE-4-2-1-1-1-1-1-1-300x39.jpg 300w\" sizes=\"(max-width: 599px) 100vw, 599px\" \/><\/a><\/p>\n<p>&nbsp;<\/p>\n<p><em><strong>Acompanhe o SE Not\u00edcias no<\/strong><span class=\"apple-converted-space\"><b>\u00a0<\/b><\/span><a href=\"https:\/\/twitter.com\/Senoticias\" target=\"_blank\" rel=\"noopener\"><b>Twitter<\/b><\/a><strong>,<\/strong><span class=\"apple-converted-space\"><b>\u00a0<\/b><\/span><a href=\"https:\/\/www.facebook.com\/senoticias1\" target=\"_blank\" rel=\"noopener\"><b>Facebook<\/b><span class=\"apple-converted-space\"><b>\u00a0<\/b><\/span><\/a><strong>e no<\/strong><span class=\"apple-converted-space\"><b>\u00a0<\/b><\/span><b><a href=\"https:\/\/www.instagram.com\/senoticias\/\" target=\"_blank\" rel=\"noopener\">Instagram<\/a><\/b><\/em><\/p>\n<p><em>Reda\u00e7\u00e3o SE Not\u00edcias<\/em><\/p>\n","protected":false},"excerpt":{"rendered":"<p>&nbsp; A Prefeitura de S\u00e3o Crist\u00f3v\u00e3o vai efetuar o pagamento, nesta quinta-feira (28), dos sal\u00e1rios dos servidores p\u00fablicos municipais referentes ao m\u00eas de fevereiro. O pagamento foi confirmado pelo prefeito Marcos Santana. Carnaval Segundo o prefeito Marcos Santana, mais uma vez o pagamento ser\u00e1 feito dentro do m\u00eas trabalhado e representa uma inje\u00e7\u00e3o de mais [&hellip;]<\/p>\n","protected":false},"author":6552,"featured_media":110388,"comment_status":"closed","ping_status":"closed","sticky":false,"template":"","format":"standard","meta":{"footnotes":""},"categories":[15,38],"tags":[1498,675],"class_list":{"0":"post-117317","1":"post","2":"type-post","3":"status-publish","4":"format-standard","5":"has-post-thumbnail","7":"category-destaques","8":"category-municipios","9":"tag-marcos-santana","10":"tag-prefeito-de-sao-cristovao"},"_links":{"self":[{"href":"https:\/\/senoticias.com.br\/se\/wp-json\/wp\/v2\/posts\/117317"}],"collection":[{"href":"https:\/\/senoticias.com.br\/se\/wp-json\/wp\/v2\/posts"}],"about":[{"href":"https:\/\/senoticias.com.br\/se\/wp-json\/wp\/v2\/types\/post"}],"author":[{"embeddable":true,"href":"https:\/\/senoticias.com.br\/se\/wp-json\/wp\/v2\/users\/6552"}],"replies":[{"embeddable":true,"href":"https:\/\/senoticias.com.br\/se\/wp-json\/wp\/v2\/comments?post=117317"}],"version-history":[{"count":0,"href":"https:\/\/senoticias.com.br\/se\/wp-json\/wp\/v2\/posts\/117317\/revisions"}],"wp:featuredmedia":[{"embeddable":true,"href":"https:\/\/senoticias.com.br\/se\/wp-json\/wp\/v2\/media\/110388"}],"wp:attachment":[{"href":"https:\/\/senoticias.com.br\/se\/wp-json\/wp\/v2\/media?parent=117317"}],"wp:term":[{"taxonomy":"category","embeddable":true,"href":"https:\/\/senoticias.com.br\/se\/wp-json\/wp\/v2\/categories?post=117317"},{"taxonomy":"post_tag","embeddable":true,"href":"https:\/\/senoticias.com.br\/se\/wp-json\/wp\/v2\/tags?post=117317"}],"curies":[{"name":"wp","href":"https:\/\/api.w.org\/{rel}","templated":true}]}}