{"id":117314,"date":"2019-02-27T18:52:10","date_gmt":"2019-02-27T21:52:10","guid":{"rendered":"https:\/\/senoticias.com.br\/se\/?p=117314"},"modified":"2019-02-27T19:47:45","modified_gmt":"2019-02-27T22:47:45","slug":"fechamento-e-liberacao-de-vias-durante-rasgadinho-2019-ocorrerao-de-forma-dinamica","status":"publish","type":"post","link":"https:\/\/senoticias.com.br\/se\/fechamento-e-liberacao-de-vias-durante-rasgadinho-2019-ocorrerao-de-forma-dinamica\/","title":{"rendered":"Fechamento e libera\u00e7\u00e3o de vias durante Rasgadinho 2019 ocorrer\u00e3o de forma din\u00e2mica"},"content":{"rendered":"<div style=\"text-align: justify;\">Entre os dias 2 e 5 de mar\u00e7o (de s\u00e1bado a ter\u00e7a-feira), milhares de pessoas devem aproveitar a folia no bloco Rasgadinho, tradicional evento carnavalesco que acontece na regi\u00e3o central de Aracaju. Para garantir organiza\u00e7\u00e3o, seguran\u00e7a e mobilidade para condutores e pedestres, a Superintend\u00eancia Municipal de Transportes e Tr\u00e2nsito (SMTT) da capital montou um esquema especial de trabalho denominado \u2018Opera\u00e7\u00e3o Carnaval 2019\u2019.<\/div>\n<div>\n<div id=\"attachment_117315\" style=\"width: 609px\" class=\"wp-caption alignnone\"><a href=\"https:\/\/senoticias.com.br\/se\/wp-content\/uploads\/2019\/02\/rasgadinho-2019-e1551307505636.jpg\"><img loading=\"lazy\" decoding=\"async\" aria-describedby=\"caption-attachment-117315\" class=\"size-full wp-image-117315\" src=\"https:\/\/senoticias.com.br\/se\/wp-content\/uploads\/2019\/02\/rasgadinho-2019-e1551307505636.jpg\" alt=\"\" width=\"599\" height=\"337\" \/><\/a><p id=\"caption-attachment-117315\" class=\"wp-caption-text\">Os trabalhos come\u00e7ar\u00e3o sempre \u00e0s 13h com o bloqueio do tr\u00e2nsito na rua Maruim (entre a avenida Pedro Calazans e rua Dom Bosco), onde ficar\u00e1 a concentra\u00e7\u00e3o do bloco.<\/p><\/div>\n<\/div>\n<div><\/div>\n<div style=\"text-align: justify;\">Os trabalhos come\u00e7ar\u00e3o sempre \u00e0s 13h com o bloqueio do tr\u00e2nsito na rua Maruim (entre a avenida Pedro Calazans e rua Dom Bosco), onde ficar\u00e1 a concentra\u00e7\u00e3o do bloco. O cortejo sair\u00e1 por volta das 15h e seguir\u00e1 pelas seguintes vias: avenida Pedro Calazans, rua Est\u00e2ncia, rua Gararu, avenida Ed\u00e9zio Vieira de Melo, faz o retorno na altura do cruzamento com a rua Japoat\u00e3, seguindo por um trecho da avenida Hermes Fontes e finalizando na rua Maruim.<\/div>\n<div style=\"text-align: justify;\"><\/div>\n<div style=\"text-align: justify;\"><\/div>\n<div style=\"text-align: justify;\">Um grupo de agentes de tr\u00e2nsito acompanhar\u00e1 o percurso e far\u00e1 o bloqueio e libera\u00e7\u00e3o das vias do itiner\u00e1rio conforme a passagem dos foli\u00f5es e do trio el\u00e9trico. \u201cDessa forma, n\u00e3o ser\u00e1 necess\u00e1ria a interrup\u00e7\u00e3o do fluxo de ve\u00edculos durante todo o tempo de dura\u00e7\u00e3o do bloco. Ser\u00e1 um trabalho din\u00e2mico e que garantir\u00e1 mobilidade para os condutores que n\u00e3o participam da festa\u201d, garante o coordenador de Tr\u00e2nsito da SMTT, major Alexandre Cardoso.<\/div>\n<div><\/div>\n<div><\/div>\n<div style=\"text-align: justify;\">Os trabalhos dever\u00e3o ser conclu\u00eddos todos os dias \u00e0s 21h. Mais de 20 agentes dar\u00e3o suporte ao evento com o aux\u00edlio de tr\u00eas viaturas e oito motocicletas. Os ve\u00edculos de tr\u00eas linhas do transporte p\u00fablico ser\u00e3o desviados durante a realiza\u00e7\u00e3o do Rasgadinho: 001-Augusto Franco\/Bugio; 002-Fernando Collor\/DIA; e 005-Maracaju\/DIA.<\/div>\n<div style=\"text-align: justify;\"><strong>\u00a0<\/strong><\/div>\n<div style=\"text-align: justify;\"><strong>Orienta\u00e7\u00f5es de seguran\u00e7a<\/strong><\/div>\n<div style=\"text-align: justify;\"><strong>\u00a0<\/strong><\/div>\n<div style=\"text-align: justify;\">Garantir um Carnaval tranquilo e sem acidentes no tr\u00e2nsito \u00e9 responsabilidade de todos. Por isso, a SMTT refor\u00e7a que o condutor precisa respeitar os limites de velocidade, certificar-se de que todos no autom\u00f3vel est\u00e3o usando cinto de seguran\u00e7a (ou capacete, no caso de motociclistas), al\u00e9m de n\u00e3o utilizar o telefone celular enquanto estiver na condu\u00e7\u00e3o do ve\u00edculo e n\u00e3o misturar \u00e1lcool e dire\u00e7\u00e3o.<\/div>\n<div><\/div>\n<div><\/div>\n<div><a href=\"https:\/\/senoticias.com.br\/se\/wp-content\/uploads\/2019\/01\/Logomarca-fone-SE-4-2-1-1-1-1-1-1.jpg\"><img loading=\"lazy\" decoding=\"async\" class=\"alignnone size-full wp-image-116985\" src=\"https:\/\/senoticias.com.br\/se\/wp-content\/uploads\/2019\/01\/Logomarca-fone-SE-4-2-1-1-1-1-1-1.jpg\" alt=\"\" width=\"599\" height=\"78\" srcset=\"https:\/\/senoticias.com.br\/se\/wp-content\/uploads\/2019\/01\/Logomarca-fone-SE-4-2-1-1-1-1-1-1.jpg 599w, https:\/\/senoticias.com.br\/se\/wp-content\/uploads\/2019\/01\/Logomarca-fone-SE-4-2-1-1-1-1-1-1-300x39.jpg 300w\" sizes=\"(max-width: 599px) 100vw, 599px\" \/><\/a><\/div>\n<div><\/div>\n<div><em><strong>Acompanhe o SE Not\u00edcias no\u00a0<\/strong><a href=\"https:\/\/twitter.com\/Senoticias\" target=\"_blank\" rel=\"noopener\"><b>Twitter<\/b><\/a><strong>,\u00a0<\/strong><a href=\"https:\/\/www.facebook.com\/senoticias1\" target=\"_blank\" rel=\"noopener\"><b>Facebook\u00a0<\/b><\/a><strong>e no\u00a0<\/strong><a href=\"https:\/\/www.instagram.com\/senoticias\/\" target=\"_blank\" rel=\"noopener\"><b>Instagram<\/b><\/a><\/em><\/div>\n<div><\/div>\n<div><em>Por ascom\/SMTT<\/em><\/div>\n","protected":false},"excerpt":{"rendered":"<p>Entre os dias 2 e 5 de mar\u00e7o (de s\u00e1bado a ter\u00e7a-feira), milhares de pessoas devem aproveitar a folia no bloco Rasgadinho, tradicional evento carnavalesco que acontece na regi\u00e3o central de Aracaju. Para garantir organiza\u00e7\u00e3o, seguran\u00e7a e mobilidade para condutores e pedestres, a Superintend\u00eancia Municipal de Transportes e Tr\u00e2nsito (SMTT) da capital montou um esquema [&hellip;]<\/p>\n","protected":false},"author":6552,"featured_media":117315,"comment_status":"closed","ping_status":"closed","sticky":false,"template":"","format":"standard","meta":{"footnotes":""},"categories":[15,6],"tags":[11715,11413,11714],"class_list":{"0":"post-117314","1":"post","2":"type-post","3":"status-publish","4":"format-standard","5":"has-post-thumbnail","7":"category-destaques","8":"category-politica","9":"tag-bloco-rasgadinho","10":"tag-carnaval-2019","11":"tag-operacao-carnaval-2019"},"_links":{"self":[{"href":"https:\/\/senoticias.com.br\/se\/wp-json\/wp\/v2\/posts\/117314"}],"collection":[{"href":"https:\/\/senoticias.com.br\/se\/wp-json\/wp\/v2\/posts"}],"about":[{"href":"https:\/\/senoticias.com.br\/se\/wp-json\/wp\/v2\/types\/post"}],"author":[{"embeddable":true,"href":"https:\/\/senoticias.com.br\/se\/wp-json\/wp\/v2\/users\/6552"}],"replies":[{"embeddable":true,"href":"https:\/\/senoticias.com.br\/se\/wp-json\/wp\/v2\/comments?post=117314"}],"version-history":[{"count":0,"href":"https:\/\/senoticias.com.br\/se\/wp-json\/wp\/v2\/posts\/117314\/revisions"}],"wp:featuredmedia":[{"embeddable":true,"href":"https:\/\/senoticias.com.br\/se\/wp-json\/wp\/v2\/media\/117315"}],"wp:attachment":[{"href":"https:\/\/senoticias.com.br\/se\/wp-json\/wp\/v2\/media?parent=117314"}],"wp:term":[{"taxonomy":"category","embeddable":true,"href":"https:\/\/senoticias.com.br\/se\/wp-json\/wp\/v2\/categories?post=117314"},{"taxonomy":"post_tag","embeddable":true,"href":"https:\/\/senoticias.com.br\/se\/wp-json\/wp\/v2\/tags?post=117314"}],"curies":[{"name":"wp","href":"https:\/\/api.w.org\/{rel}","templated":true}]}}