{"id":117307,"date":"2019-02-27T15:18:06","date_gmt":"2019-02-27T18:18:06","guid":{"rendered":"https:\/\/senoticias.com.br\/se\/?p=117307"},"modified":"2019-02-27T15:43:02","modified_gmt":"2019-02-27T18:43:02","slug":"capitao-samuel-segue-na-luta-para-a-convocacao-de-guardas-prisionais","status":"publish","type":"post","link":"https:\/\/senoticias.com.br\/se\/capitao-samuel-segue-na-luta-para-a-convocacao-de-guardas-prisionais\/","title":{"rendered":"Capit\u00e3o Samuel segue na luta para a convoca\u00e7\u00e3o de Guardas Prisionais"},"content":{"rendered":"<p style=\"text-align: justify;\">Na manh\u00e3 desta quarta-feira, 27, o deputado Capit\u00e3o Samuel recebeu, em seu gabinete, homens e mulheres aprovados no concurso para p\u00fablico para guardas Prisionais. Os concursados aproveitaram o momento para agradecer e reconhecer o apoio do parlamentar na luta em busca das nomea\u00e7\u00f5es.<\/p>\n<div id=\"attachment_117310\" style=\"width: 609px\" class=\"wp-caption alignnone\"><a href=\"https:\/\/senoticias.com.br\/se\/wp-content\/uploads\/2019\/02\/capitao-samuel-se-noticias-e1551292716306.png\"><img loading=\"lazy\" decoding=\"async\" aria-describedby=\"caption-attachment-117310\" class=\"size-full wp-image-117310\" src=\"https:\/\/senoticias.com.br\/se\/wp-content\/uploads\/2019\/02\/capitao-samuel-se-noticias-e1551292716306.png\" alt=\"\" width=\"599\" height=\"321\" \/><\/a><p id=\"caption-attachment-117310\" class=\"wp-caption-text\">Deputado Samuel segue na luta para a convoca\u00e7\u00e3o de Guardas Prisionais (Foto: ascom)<\/p><\/div>\n<p style=\"text-align: justify;\">Bastante preocupados com o momento, eles pediram para que o parlamentar n\u00e3o abandone a luta da categoria. De forma imediata, o Capit\u00e3o Samuel entrou em contato com secret\u00e1rio de estado de justi\u00e7a, Cristiano Barreto, onde se descolocou, no mesmo momento, acompanhado da comiss\u00e3o de Guardas aprovados, para uma reuni\u00e3o.<\/p>\n<p style=\"text-align: justify;\">Segundo o Capit\u00e3o Samuel a uni\u00e3o da categoria \u00e9 de fundamental import\u00e2ncia. \u201cS\u00e3o mais de 600 pessoas aguardando esta convoca\u00e7\u00e3o, aqui tivemos cerca de 10 ou 12 representantes. Eles precisam entender que quanto maior a representatividade, melhor o resultado\u201d, declara.<\/p>\n<p style=\"text-align: justify;\">O secret\u00e1rio Cristiano Barreto existe uma necessidade grande de convocar todos os aprovados. \u201cO estado est\u00e1 passando por um momento de grande dificuldade e, no momento, dependemos das resolu\u00e7\u00f5es do governador Belivaldo Chagas. Mesmo assim, reconhe\u00e7o a necessidade de termos mais efetivos em todos os setores da seguran\u00e7a p\u00fablica\u201d, afirma.<\/p>\n<p>&nbsp;<\/p>\n<p><em><strong>Acompanhe o SE Not\u00edcias no\u00a0<\/strong><a href=\"https:\/\/twitter.com\/Senoticias\" target=\"_blank\" rel=\"noopener\"><b>Twitter<\/b><\/a><strong>,\u00a0<\/strong><a href=\"https:\/\/www.facebook.com\/senoticias1\" target=\"_blank\" rel=\"noopener\"><b>Facebook\u00a0<\/b><\/a><strong>e no\u00a0<\/strong><a href=\"https:\/\/www.instagram.com\/senoticias\/\" target=\"_blank\" rel=\"noopener\"><b>Instagram<\/b><\/a><\/em><\/p>\n<p>&nbsp;<\/p>\n<p><a href=\"https:\/\/senoticias.com.br\/se\/wp-content\/uploads\/2019\/01\/Logomarca-fone-SE-4-2-1-1-1-1-1-1.jpg\"><img loading=\"lazy\" decoding=\"async\" class=\"alignnone size-full wp-image-116985\" src=\"https:\/\/senoticias.com.br\/se\/wp-content\/uploads\/2019\/01\/Logomarca-fone-SE-4-2-1-1-1-1-1-1.jpg\" alt=\"\" width=\"599\" height=\"78\" srcset=\"https:\/\/senoticias.com.br\/se\/wp-content\/uploads\/2019\/01\/Logomarca-fone-SE-4-2-1-1-1-1-1-1.jpg 599w, https:\/\/senoticias.com.br\/se\/wp-content\/uploads\/2019\/01\/Logomarca-fone-SE-4-2-1-1-1-1-1-1-300x39.jpg 300w\" sizes=\"(max-width: 599px) 100vw, 599px\" \/><\/a><\/p>\n<p>&nbsp;<\/p>\n<p><em>Da Assessoria de Imprensa<\/em><\/p>\n","protected":false},"excerpt":{"rendered":"<p>Na manh\u00e3 desta quarta-feira, 27, o deputado Capit\u00e3o Samuel recebeu, em seu gabinete, homens e mulheres aprovados no concurso para p\u00fablico para guardas Prisionais. Os concursados aproveitaram o momento para agradecer e reconhecer o apoio do parlamentar na luta em busca das nomea\u00e7\u00f5es. Bastante preocupados com o momento, eles pediram para que o parlamentar n\u00e3o [&hellip;]<\/p>\n","protected":false},"author":6552,"featured_media":117310,"comment_status":"closed","ping_status":"closed","sticky":false,"template":"","format":"standard","meta":{"footnotes":""},"categories":[15,6],"tags":[],"class_list":{"0":"post-117307","1":"post","2":"type-post","3":"status-publish","4":"format-standard","5":"has-post-thumbnail","7":"category-destaques","8":"category-politica"},"_links":{"self":[{"href":"https:\/\/senoticias.com.br\/se\/wp-json\/wp\/v2\/posts\/117307"}],"collection":[{"href":"https:\/\/senoticias.com.br\/se\/wp-json\/wp\/v2\/posts"}],"about":[{"href":"https:\/\/senoticias.com.br\/se\/wp-json\/wp\/v2\/types\/post"}],"author":[{"embeddable":true,"href":"https:\/\/senoticias.com.br\/se\/wp-json\/wp\/v2\/users\/6552"}],"replies":[{"embeddable":true,"href":"https:\/\/senoticias.com.br\/se\/wp-json\/wp\/v2\/comments?post=117307"}],"version-history":[{"count":0,"href":"https:\/\/senoticias.com.br\/se\/wp-json\/wp\/v2\/posts\/117307\/revisions"}],"wp:featuredmedia":[{"embeddable":true,"href":"https:\/\/senoticias.com.br\/se\/wp-json\/wp\/v2\/media\/117310"}],"wp:attachment":[{"href":"https:\/\/senoticias.com.br\/se\/wp-json\/wp\/v2\/media?parent=117307"}],"wp:term":[{"taxonomy":"category","embeddable":true,"href":"https:\/\/senoticias.com.br\/se\/wp-json\/wp\/v2\/categories?post=117307"},{"taxonomy":"post_tag","embeddable":true,"href":"https:\/\/senoticias.com.br\/se\/wp-json\/wp\/v2\/tags?post=117307"}],"curies":[{"name":"wp","href":"https:\/\/api.w.org\/{rel}","templated":true}]}}