{"id":117303,"date":"2019-02-27T13:09:51","date_gmt":"2019-02-27T16:09:51","guid":{"rendered":"https:\/\/senoticias.com.br\/se\/?p=117303"},"modified":"2019-02-27T13:31:45","modified_gmt":"2019-02-27T16:31:45","slug":"previa-carnavalesca-sera-nesta-quarta-27-em-neopolis-confira-a-p","status":"publish","type":"post","link":"https:\/\/senoticias.com.br\/se\/previa-carnavalesca-sera-nesta-quarta-27-em-neopolis-confira-a-p\/","title":{"rendered":"Pr\u00e9via carnavalesca ser\u00e1 nesta quarta, 27, em Ne\u00f3polis; confira a programa\u00e7\u00e3o"},"content":{"rendered":"<p style=\"text-align: justify;\">Nesta quarta-feira, 27, acontece a pr\u00e9via carnavalesca do Z\u00e9 Pereira \u2013 festa tradicional do munic\u00edpio de Ne\u00f3polis, considerada a capital do Frevo de Sergipe. O evento come\u00e7a \u00e0s 19h30 com blocos de rua e \u2018mela-mela\u2019.<\/p>\n<p style=\"text-align: justify;\">A festa segue na pr\u00f3xima sexta, 1\u00ba de mar\u00e7o, e vai at\u00e9 o dia 5. Diariamente, sete bandas de frevo v\u00e3o animar as ruas da cidade.<\/p>\n<div id=\"attachment_117305\" style=\"width: 609px\" class=\"wp-caption alignnone\"><a href=\"https:\/\/senoticias.com.br\/se\/wp-content\/uploads\/2019\/02\/neopolis_c920d6b73f894ee6c295443-e1551284502376.jpg\"><img loading=\"lazy\" decoding=\"async\" aria-describedby=\"caption-attachment-117305\" class=\"size-full wp-image-117305\" src=\"https:\/\/senoticias.com.br\/se\/wp-content\/uploads\/2019\/02\/neopolis_c920d6b73f894ee6c295443-e1551284502376.jpg\" alt=\"\" width=\"599\" height=\"368\" \/><\/a><p id=\"caption-attachment-117305\" class=\"wp-caption-text\">Pr\u00e9via carnavalesca ser\u00e1 nesta quarta, 27, em Ne\u00f3polis. (Foto: arquivo\/PMN)<\/p><\/div>\n<p style=\"text-align: justify;\"><strong>Confira a programa\u00e7\u00e3o:<\/strong><\/p>\n<p><strong>Sexta-feira, 01\/03<\/strong><\/p>\n<p>Desfile do Rei Momo<br \/>\nBanda Altas Horas<br \/>\nAlex Safad\u00e3o<br \/>\nSeeway<\/p>\n<p><strong>S\u00e1bado, 02\/03<\/strong><\/p>\n<p>Forte Desejo<br \/>\nLuanzinho<br \/>\nBanana Nativa<br \/>\nChegada do Z\u00e9 Pereira \u2013 Matin\u00ea: Joan Felipe<\/p>\n<p><strong>Domingo 03\/03<\/strong><\/p>\n<p>Luiz Moral<br \/>\nEdson Gomes<br \/>\nAndr\u00e9 Marreta<br \/>\nChegada do Z\u00e9 Pereira \u2013 Matin\u00ea: Carlinhos Pow<\/p>\n<p><strong>Segunda-feira 04\/03<\/strong><\/p>\n<p>Dennyz Lima<br \/>\nTony Canabrava<br \/>\nQuinto Round<br \/>\nChegada do Z\u00e9 Pereira \u2013 Matin\u00ea: Mesbla Caldas e Louco Romance<\/p>\n<p><strong>Ter\u00e7a-feira 05\/03<\/strong><\/p>\n<p>Maxylene e Banda<br \/>\nGal\u00e3<br \/>\nValneij\u00f3s<br \/>\nChegada do Z\u00e9 Pereira \u2013 Matin\u00ea: Vaguinho Rocha<\/p>\n<p>&nbsp;<\/p>\n<p>&nbsp;<\/p>\n<p><a href=\"https:\/\/senoticias.com.br\/se\/wp-content\/uploads\/2019\/01\/Logomarca-fone-SE-4-2-1-1-1-1-1-1.jpg\"><img loading=\"lazy\" decoding=\"async\" class=\"alignnone size-full wp-image-116985\" src=\"https:\/\/senoticias.com.br\/se\/wp-content\/uploads\/2019\/01\/Logomarca-fone-SE-4-2-1-1-1-1-1-1.jpg\" alt=\"\" width=\"599\" height=\"78\" srcset=\"https:\/\/senoticias.com.br\/se\/wp-content\/uploads\/2019\/01\/Logomarca-fone-SE-4-2-1-1-1-1-1-1.jpg 599w, https:\/\/senoticias.com.br\/se\/wp-content\/uploads\/2019\/01\/Logomarca-fone-SE-4-2-1-1-1-1-1-1-300x39.jpg 300w\" sizes=\"(max-width: 599px) 100vw, 599px\" \/><\/a><\/p>\n<p><em><strong>Acompanhe o SE Not\u00edcias no\u00a0<\/strong><a href=\"https:\/\/twitter.com\/Senoticias\" target=\"_blank\" rel=\"noopener\"><b>Twitter<\/b><\/a><strong>,\u00a0<\/strong><a href=\"https:\/\/www.facebook.com\/senoticias1\" target=\"_blank\" rel=\"noopener\"><b>Facebook\u00a0<\/b><\/a><strong>e no\u00a0<\/strong><a href=\"https:\/\/www.instagram.com\/senoticias\/\" target=\"_blank\" rel=\"noopener\"><b>Instagram<\/b><\/a><\/em><\/p>\n<p><em>Com informa\u00e7\u00f5es da organiza\u00e7\u00e3o do evento<\/em><\/p>\n","protected":false},"excerpt":{"rendered":"<p>Nesta quarta-feira, 27, acontece a pr\u00e9via carnavalesca do Z\u00e9 Pereira \u2013 festa tradicional do munic\u00edpio de Ne\u00f3polis, considerada a capital do Frevo de Sergipe. O evento come\u00e7a \u00e0s 19h30 com blocos de rua e \u2018mela-mela\u2019. A festa segue na pr\u00f3xima sexta, 1\u00ba de mar\u00e7o, e vai at\u00e9 o dia 5. Diariamente, sete bandas de frevo [&hellip;]<\/p>\n","protected":false},"author":6552,"featured_media":117305,"comment_status":"closed","ping_status":"closed","sticky":false,"template":"","format":"standard","meta":{"footnotes":""},"categories":[15,21],"tags":[11413,2300],"class_list":{"0":"post-117303","1":"post","2":"type-post","3":"status-publish","4":"format-standard","5":"has-post-thumbnail","7":"category-destaques","8":"category-entretenimento","9":"tag-carnaval-2019","10":"tag-carnaval-de-neopolis"},"_links":{"self":[{"href":"https:\/\/senoticias.com.br\/se\/wp-json\/wp\/v2\/posts\/117303"}],"collection":[{"href":"https:\/\/senoticias.com.br\/se\/wp-json\/wp\/v2\/posts"}],"about":[{"href":"https:\/\/senoticias.com.br\/se\/wp-json\/wp\/v2\/types\/post"}],"author":[{"embeddable":true,"href":"https:\/\/senoticias.com.br\/se\/wp-json\/wp\/v2\/users\/6552"}],"replies":[{"embeddable":true,"href":"https:\/\/senoticias.com.br\/se\/wp-json\/wp\/v2\/comments?post=117303"}],"version-history":[{"count":0,"href":"https:\/\/senoticias.com.br\/se\/wp-json\/wp\/v2\/posts\/117303\/revisions"}],"wp:featuredmedia":[{"embeddable":true,"href":"https:\/\/senoticias.com.br\/se\/wp-json\/wp\/v2\/media\/117305"}],"wp:attachment":[{"href":"https:\/\/senoticias.com.br\/se\/wp-json\/wp\/v2\/media?parent=117303"}],"wp:term":[{"taxonomy":"category","embeddable":true,"href":"https:\/\/senoticias.com.br\/se\/wp-json\/wp\/v2\/categories?post=117303"},{"taxonomy":"post_tag","embeddable":true,"href":"https:\/\/senoticias.com.br\/se\/wp-json\/wp\/v2\/tags?post=117303"}],"curies":[{"name":"wp","href":"https:\/\/api.w.org\/{rel}","templated":true}]}}