{"id":117264,"date":"2019-02-24T08:51:33","date_gmt":"2019-02-24T11:51:33","guid":{"rendered":"https:\/\/senoticias.com.br\/se\/?p=117264"},"modified":"2019-02-24T08:52:39","modified_gmt":"2019-02-24T11:52:39","slug":"inscricoes-para-o-pss-da-educacao-em-sao-cristovao-terminam-neste-domingo","status":"publish","type":"post","link":"https:\/\/senoticias.com.br\/se\/inscricoes-para-o-pss-da-educacao-em-sao-cristovao-terminam-neste-domingo\/","title":{"rendered":"Inscri\u00e7\u00f5es para o  Processo Seletivo da Educa\u00e7\u00e3o em S\u00e3o Crist\u00f3v\u00e3o terminam neste domingo"},"content":{"rendered":"<p style=\"text-align: justify;\">As inscri\u00e7\u00f5es para o Processo Seletivo Simplificado (PSS) da Secretaria Municipal da Educa\u00e7\u00e3o (Semed) de S\u00e3o Crist\u00f3v\u00e3o terminar\u00e3o \u00e0s <strong>23h e 59min<\/strong> deste domingo, 24. As vagas s\u00e3o para\u00a0contrata\u00e7\u00e3o de professor, cuidador educador, merendeiro, executor de servi\u00e7os b\u00e1sicos, motorista de transporte escolar e int\u00e9rprete de libras. Os profissionais ir\u00e3o\u00a0atuar\u00a0na Educa\u00e7\u00e3o Infantil e no Ensino Fundamental, por tempo determinado. <a href=\"https:\/\/senoticias.com.br\/se\/prefeitura-de-sao-cristovao-lanca-edital-de-processo-seletivo-simplificado-para-varios-cargos\/\"><strong>As inscri\u00e7\u00f5es come\u00e7aram no \u00faltimo dia 19<\/strong><\/a>.<\/p>\n<div id=\"attachment_101733\" style=\"width: 609px\" class=\"wp-caption alignnone\"><a href=\"https:\/\/senoticias.com.br\/se\/wp-content\/uploads\/2017\/03\/processo-seletivo-senoticias-e1490185244744.jpg\"><img loading=\"lazy\" decoding=\"async\" aria-describedby=\"caption-attachment-101733\" class=\"size-full wp-image-101733\" src=\"https:\/\/senoticias.com.br\/se\/wp-content\/uploads\/2017\/03\/processo-seletivo-senoticias-e1490185244744.jpg\" alt=\"\" width=\"599\" height=\"356\" \/><\/a><p id=\"caption-attachment-101733\" class=\"wp-caption-text\">As inscri\u00e7\u00f5es s\u00e3o gratuitas. (Foto arte: arquivo)<\/p><\/div>\n<p style=\"text-align: justify;\">Ser\u00e1 admitida a inscri\u00e7\u00e3o somente via internet, atrav\u00e9s do preenchimento de formul\u00e1rio eletr\u00f4nico para inscri\u00e7\u00e3o, dispon\u00edvel no site da Prefeitura de S\u00e3o Crist\u00f3v\u00e3o no endere\u00e7o eletr\u00f4nico\u00a0<a class=\"vglnk\" href=\"http:\/\/www.saocristovao.se.gov.br\/\" rel=\"nofollow\">www.saocristovao.se.gov.br<\/a>. Os candidatos devem realizar a inscri\u00e7\u00e3o, imprimir duas vias do comprovante de inscri\u00e7\u00e3o e \u00a0apresent\u00e1-las no ato da entrega da documenta\u00e7\u00e3o. <strong>As inscri\u00e7\u00f5es para o PSS s\u00e3o gratuitas<\/strong>.<\/p>\n<p style=\"text-align: justify;\">Entre os requisitos, \u00e9 exigido que o candidato possua habilita\u00e7\u00e3o ou forma\u00e7\u00e3o profissional para o exerc\u00edcio do cargo ou fun\u00e7\u00e3o. As \u00e1reas de atua\u00e7\u00e3o ser\u00e3o as seguintes: Educa\u00e7\u00e3o Infantil e 1\u00ba segmento do Ensino Fundamental (1\u00ba ao 5\u00ba ano); Portugu\u00eas (6\u00ba ao 9\u00ba ano) Matem\u00e1tica (6\u00ba ao 9\u00ba ano); Hist\u00f3ria (6\u00ba ao 9\u00ba ano); Geografia (6\u00ba ao 9\u00ba ano); Ci\u00eancias (6\u00ba ao 9\u00ba ano) e Ingl\u00eas (6\u00ba ao 9\u00ba ano); Arte (6\u00ba ao 9\u00ba ano); Educa\u00e7\u00e3o F\u00edsica (6\u00ba ao 9\u00ba ano); Interprete de Libras (6\u00ba ao 9\u00baano).O candidato poder\u00e1 se inscrever em apenas uma dessas \u00e1reas. O resultado provis\u00f3rio ser\u00e1 divulgado no site da Prefeitura de S\u00e3o Crist\u00f3v\u00e3o no dia 15 de mar\u00e7o.<\/p>\n<p>&nbsp;<\/p>\n<p><a href=\"https:\/\/senoticias.com.br\/se\/wp-content\/uploads\/2019\/01\/Logomarca-fone-SE-4-2-1-1-1-1-1-1.jpg\"><img loading=\"lazy\" decoding=\"async\" class=\"alignnone size-full wp-image-116985\" src=\"https:\/\/senoticias.com.br\/se\/wp-content\/uploads\/2019\/01\/Logomarca-fone-SE-4-2-1-1-1-1-1-1.jpg\" alt=\"\" width=\"599\" height=\"78\" srcset=\"https:\/\/senoticias.com.br\/se\/wp-content\/uploads\/2019\/01\/Logomarca-fone-SE-4-2-1-1-1-1-1-1.jpg 599w, https:\/\/senoticias.com.br\/se\/wp-content\/uploads\/2019\/01\/Logomarca-fone-SE-4-2-1-1-1-1-1-1-300x39.jpg 300w\" sizes=\"(max-width: 599px) 100vw, 599px\" \/><\/a><\/p>\n<p>&nbsp;<\/p>\n<p><em><strong>Acompanhe o SE Not\u00edcias no\u00a0<\/strong><a href=\"https:\/\/twitter.com\/Senoticias\" target=\"_blank\" rel=\"noopener\"><b>Twitter<\/b><\/a><strong>,\u00a0<\/strong><a href=\"https:\/\/www.facebook.com\/senoticias1\" target=\"_blank\" rel=\"noopener\"><b>Facebook\u00a0<\/b><\/a><strong>e no\u00a0<\/strong><a href=\"https:\/\/www.instagram.com\/senoticias\/\" target=\"_blank\" rel=\"noopener\"><b>Instagram<\/b><\/a><\/em><\/p>\n<p><em>Com informa\u00e7\u00f5es da Prefeitura de S\u00e3o Crist\u00f3v\u00e3o<\/em><\/p>\n","protected":false},"excerpt":{"rendered":"<p>As inscri\u00e7\u00f5es para o Processo Seletivo Simplificado (PSS) da Secretaria Municipal da Educa\u00e7\u00e3o (Semed) de S\u00e3o Crist\u00f3v\u00e3o terminar\u00e3o \u00e0s 23h e 59min deste domingo, 24. As vagas s\u00e3o para\u00a0contrata\u00e7\u00e3o de professor, cuidador educador, merendeiro, executor de servi\u00e7os b\u00e1sicos, motorista de transporte escolar e int\u00e9rprete de libras. Os profissionais ir\u00e3o\u00a0atuar\u00a0na Educa\u00e7\u00e3o Infantil e no Ensino Fundamental, [&hellip;]<\/p>\n","protected":false},"author":6552,"featured_media":101733,"comment_status":"closed","ping_status":"closed","sticky":false,"template":"","format":"standard","meta":{"footnotes":""},"categories":[6],"tags":[],"class_list":{"0":"post-117264","1":"post","2":"type-post","3":"status-publish","4":"format-standard","5":"has-post-thumbnail","7":"category-politica"},"_links":{"self":[{"href":"https:\/\/senoticias.com.br\/se\/wp-json\/wp\/v2\/posts\/117264"}],"collection":[{"href":"https:\/\/senoticias.com.br\/se\/wp-json\/wp\/v2\/posts"}],"about":[{"href":"https:\/\/senoticias.com.br\/se\/wp-json\/wp\/v2\/types\/post"}],"author":[{"embeddable":true,"href":"https:\/\/senoticias.com.br\/se\/wp-json\/wp\/v2\/users\/6552"}],"replies":[{"embeddable":true,"href":"https:\/\/senoticias.com.br\/se\/wp-json\/wp\/v2\/comments?post=117264"}],"version-history":[{"count":0,"href":"https:\/\/senoticias.com.br\/se\/wp-json\/wp\/v2\/posts\/117264\/revisions"}],"wp:featuredmedia":[{"embeddable":true,"href":"https:\/\/senoticias.com.br\/se\/wp-json\/wp\/v2\/media\/101733"}],"wp:attachment":[{"href":"https:\/\/senoticias.com.br\/se\/wp-json\/wp\/v2\/media?parent=117264"}],"wp:term":[{"taxonomy":"category","embeddable":true,"href":"https:\/\/senoticias.com.br\/se\/wp-json\/wp\/v2\/categories?post=117264"},{"taxonomy":"post_tag","embeddable":true,"href":"https:\/\/senoticias.com.br\/se\/wp-json\/wp\/v2\/tags?post=117264"}],"curies":[{"name":"wp","href":"https:\/\/api.w.org\/{rel}","templated":true}]}}