{"id":117255,"date":"2019-02-23T17:37:29","date_gmt":"2019-02-23T20:37:29","guid":{"rendered":"https:\/\/senoticias.com.br\/se\/?p=117255"},"modified":"2019-02-23T17:37:29","modified_gmt":"2019-02-23T20:37:29","slug":"prefeitura-leva-diversos-servicos-para-comunidade-socorrense","status":"publish","type":"post","link":"https:\/\/senoticias.com.br\/se\/prefeitura-leva-diversos-servicos-para-comunidade-socorrense\/","title":{"rendered":"Prefeitura leva diversos servi\u00e7os para comunidade socorrense"},"content":{"rendered":"<p align=\"justify\">A Prefeitura de Nossa Senhora do Socorro mobilizou todas as secretarias do munic\u00edpio para realizar a 1\u00aa edi\u00e7\u00e3o do projeto \u201cPrefeitura de Socorro em A\u00e7\u00e3o\u201d. Os atendimentos foram iniciados \u00e0s 08h de forma simult\u00e2nea na Escola Municipal Maria da Concei\u00e7\u00e3o Cruz Vasconcelos, localizada no conjunto Jardim.<\/p>\n<div id=\"attachment_117256\" style=\"width: 609px\" class=\"wp-caption alignnone\"><a href=\"https:\/\/senoticias.com.br\/se\/wp-content\/uploads\/2019\/02\/mutirao-socorro-a\u00e7ao-foto-prefeitura-socorro_23022019-1024x682-e1550954145541.jpg\"><img loading=\"lazy\" decoding=\"async\" aria-describedby=\"caption-attachment-117256\" class=\"size-full wp-image-117256\" src=\"https:\/\/senoticias.com.br\/se\/wp-content\/uploads\/2019\/02\/mutirao-socorro-a\u00e7ao-foto-prefeitura-socorro_23022019-1024x682-e1550954145541.jpg\" alt=\"\" width=\"599\" height=\"399\" \/><\/a><p id=\"caption-attachment-117256\" class=\"wp-caption-text\">Evento foi a 1\u00aa edi\u00e7\u00e3o do projeto \u201cPrefeitura de Socorro em A\u00e7\u00e3o\u201d (Foto: Reprodu\u00e7\u00e3o\/Secom N. S. do Socorro)<\/p><\/div>\n<p align=\"justify\">Na oportunidade foram oferecidos atendimentos para Cl\u00ednico Geral, Ginecologia, Pediatria, exames de l\u00e2mina, ultrassonografista, atendimento odontol\u00f3gico, \u00a0teste de glicemia, press\u00e3o arterial, bem como cortes de cabelo, escova, manicure, barbeiro, orienta\u00e7\u00f5es sobre CRAS, CREAS e Conselhos Tutelares, cadastramento com vistas \u00e0 inser\u00e7\u00e3o do Cad\u00danico, palestras sobre direitos da Mulher, da Crian\u00e7a e do Adolescente, e demonstra\u00e7\u00e3o de oficinas de dan\u00e7a.<\/p>\n<p align=\"justify\">O prefeito padre Inaldo fez quest\u00e3o de chegar cedo ao local do evento e destacou a import\u00e2ncia da a\u00e7\u00e3o para a Comunidade. \u201cNosso objetivo com este projeto \u00e9 levar os servi\u00e7os prestados pela Prefeitura cada vez mais perto da popula\u00e7\u00e3o. Essas pessoas tem necessidades muito especiais e n\u00f3s, enquanto gest\u00e3o, precisamos estar atentos para atend\u00ea-las\u201d, acredita o prefeito, Padre Inaldo.<\/p>\n<p align=\"justify\">No que tange \u00e0 cidadania foram realizadas entrevistas de emprego, emiss\u00e3o de curr\u00edculos, inscri\u00e7\u00e3o para pr\u00e9-sele\u00e7\u00e3o, ID Jovem, Jovem Aprendiz, e visando a capacita\u00e7\u00e3o da popula\u00e7\u00e3o tamb\u00e9m ocorrer\u00e1 a inscri\u00e7\u00e3o para cursos profissionalizantes, bem como agendamento para emiss\u00e3o da \u00a0primeira e segunda via da Carteira de Identidade (RG), al\u00e9m de consultoria jur\u00eddica.<\/p>\n<p align=\"justify\">Um dos cidad\u00e3os que procuraram os atendimentos jur\u00eddicos foi o senhor Jos\u00e9 Pereira, que veio em busca de informa\u00e7\u00f5es sobre como dar in\u00edcio ao processo de ado\u00e7\u00e3o de seu filho. \u201cEu j\u00e1 crio ele h\u00e1 sete anos, mas quero oficializar, deixar tudo certo! Como manda a lei. Vim em busca de informa\u00e7\u00f5es e acredito que vai dar tudo certo\u201d, declara.<\/p>\n<p align=\"justify\">Al\u00e9m dos servi\u00e7os essenciais, o lazer e a divers\u00e3o n\u00e3o foram deixados de lado e todas as faixas et\u00e1rias puderam se divertir bastante no evento, que contou com atividades recreativas, brincadeiras para crian\u00e7as, m\u00e1quina de algod\u00e3o doce, aula de fitdance e apresenta\u00e7\u00f5es musicais com atra\u00e7\u00f5es locais.<\/p>\n<p align=\"justify\">\n<p align=\"justify\"><a href=\"https:\/\/senoticias.com.br\/se\/wp-content\/uploads\/2019\/01\/Logomarca-fone-SE-4-2-1-1-1-1-1-1.jpg\"><img loading=\"lazy\" decoding=\"async\" class=\"alignnone size-full wp-image-116985\" src=\"https:\/\/senoticias.com.br\/se\/wp-content\/uploads\/2019\/01\/Logomarca-fone-SE-4-2-1-1-1-1-1-1.jpg\" alt=\"\" width=\"599\" height=\"78\" srcset=\"https:\/\/senoticias.com.br\/se\/wp-content\/uploads\/2019\/01\/Logomarca-fone-SE-4-2-1-1-1-1-1-1.jpg 599w, https:\/\/senoticias.com.br\/se\/wp-content\/uploads\/2019\/01\/Logomarca-fone-SE-4-2-1-1-1-1-1-1-300x39.jpg 300w\" sizes=\"(max-width: 599px) 100vw, 599px\" \/><\/a><\/p>\n<p align=\"justify\">\n<p align=\"justify\"><em><strong>Acompanhe o SE Not\u00edcias no\u00a0<\/strong><a href=\"https:\/\/twitter.com\/Senoticias\" target=\"_blank\" rel=\"noopener\"><b>Twitter<\/b><\/a><strong>,\u00a0<\/strong><a href=\"https:\/\/www.facebook.com\/senoticias1\" target=\"_blank\" rel=\"noopener\"><b>Facebook\u00a0<\/b><\/a><strong>e no\u00a0<\/strong><a href=\"https:\/\/www.instagram.com\/senoticias\/\" target=\"_blank\" rel=\"noopener\"><b>Instagram<\/b><\/a><\/em><\/p>\n<p align=\"justify\"><em>Fonte: Prefeitura de Nossa\u00a0 Senhora do Socorro<\/em><\/p>\n","protected":false},"excerpt":{"rendered":"<p>A Prefeitura de Nossa Senhora do Socorro mobilizou todas as secretarias do munic\u00edpio para realizar a 1\u00aa edi\u00e7\u00e3o do projeto \u201cPrefeitura de Socorro em A\u00e7\u00e3o\u201d. Os atendimentos foram iniciados \u00e0s 08h de forma simult\u00e2nea na Escola Municipal Maria da Concei\u00e7\u00e3o Cruz Vasconcelos, localizada no conjunto Jardim. Na oportunidade foram oferecidos atendimentos para Cl\u00ednico Geral, Ginecologia, [&hellip;]<\/p>\n","protected":false},"author":6552,"featured_media":117256,"comment_status":"closed","ping_status":"closed","sticky":false,"template":"","format":"standard","meta":{"footnotes":""},"categories":[15,38],"tags":[6741,1913,1914,11687],"class_list":{"0":"post-117255","1":"post","2":"type-post","3":"status-publish","4":"format-standard","5":"has-post-thumbnail","7":"category-destaques","8":"category-municipios","9":"tag-conjunto-jardim","10":"tag-padre-inaldo","11":"tag-prefeito-padre-inaldo","12":"tag-prefeitura-de-socorro-em-acao"},"_links":{"self":[{"href":"https:\/\/senoticias.com.br\/se\/wp-json\/wp\/v2\/posts\/117255"}],"collection":[{"href":"https:\/\/senoticias.com.br\/se\/wp-json\/wp\/v2\/posts"}],"about":[{"href":"https:\/\/senoticias.com.br\/se\/wp-json\/wp\/v2\/types\/post"}],"author":[{"embeddable":true,"href":"https:\/\/senoticias.com.br\/se\/wp-json\/wp\/v2\/users\/6552"}],"replies":[{"embeddable":true,"href":"https:\/\/senoticias.com.br\/se\/wp-json\/wp\/v2\/comments?post=117255"}],"version-history":[{"count":0,"href":"https:\/\/senoticias.com.br\/se\/wp-json\/wp\/v2\/posts\/117255\/revisions"}],"wp:featuredmedia":[{"embeddable":true,"href":"https:\/\/senoticias.com.br\/se\/wp-json\/wp\/v2\/media\/117256"}],"wp:attachment":[{"href":"https:\/\/senoticias.com.br\/se\/wp-json\/wp\/v2\/media?parent=117255"}],"wp:term":[{"taxonomy":"category","embeddable":true,"href":"https:\/\/senoticias.com.br\/se\/wp-json\/wp\/v2\/categories?post=117255"},{"taxonomy":"post_tag","embeddable":true,"href":"https:\/\/senoticias.com.br\/se\/wp-json\/wp\/v2\/tags?post=117255"}],"curies":[{"name":"wp","href":"https:\/\/api.w.org\/{rel}","templated":true}]}}