{"id":117227,"date":"2019-02-21T06:14:26","date_gmt":"2019-02-21T09:14:26","guid":{"rendered":"https:\/\/senoticias.com.br\/se\/?p=117227"},"modified":"2019-02-21T06:22:50","modified_gmt":"2019-02-21T09:22:50","slug":"gacc-lanca-marca-alusiva-aos-20-anos-da-instituicao","status":"publish","type":"post","link":"https:\/\/senoticias.com.br\/se\/gacc-lanca-marca-alusiva-aos-20-anos-da-instituicao\/","title":{"rendered":"GACC lan\u00e7a marca alusiva aos 20 anos da institui\u00e7\u00e3o"},"content":{"rendered":"<p style=\"text-align: justify;\">O Grupo de Apoio \u00e0 Crian\u00e7a com C\u00e2ncer de Sergipe comemora 20 anos e na manh\u00e3 desta quarta-feira (20) reuniu a imprensa em um caf\u00e9 da manh\u00e3 especial e apresentou as novidades durante uma entrevista coletiva. Foi apresentada a nova marca alusiva a data festiva e a diretoria da institui\u00e7\u00e3o adiantou novidades da programa\u00e7\u00e3o que ser\u00e1 realizada durante todo o ano voltada \u00e0s fam\u00edlias dos acolhidos e eventos para angariar recursos para captar recursos para a constru\u00e7\u00e3o da sede pr\u00f3pria que j\u00e1 se encontra com terraplanagem em execu\u00e7\u00e3o.<\/p>\n<div id=\"attachment_117229\" style=\"width: 609px\" class=\"wp-caption alignnone\"><a href=\"https:\/\/senoticias.com.br\/se\/wp-content\/uploads\/2019\/02\/IMG_7713-e1550740761454.jpg\"><img loading=\"lazy\" decoding=\"async\" aria-describedby=\"caption-attachment-117229\" class=\"size-full wp-image-117229\" src=\"https:\/\/senoticias.com.br\/se\/wp-content\/uploads\/2019\/02\/IMG_7713-e1550740761454.jpg\" alt=\"\" width=\"599\" height=\"400\" \/><\/a><p id=\"caption-attachment-117229\" class=\"wp-caption-text\">O Gacc comemorou 20 anos e na manh\u00e3 de quarta-feira (20). (Foto: divulga\u00e7\u00e3o\/Gacc)<\/p><\/div>\n<p style=\"text-align: justify;\">A institui\u00e7\u00e3o completa 20 anos de funda\u00e7\u00e3o no dia 21 de outubro e conta com 48 colaboradores e cerca de 100 volunt\u00e1rios que apoiam o tratamento humanizado contra o c\u00e2ncer infanto-juvenil. Atualmente, O GACC est\u00e1 acolhendo cerca de 80 crian\u00e7as e adolescentes com c\u00e2ncer e anemia falciforme, a maioria deles \u00e9 de Sergipe mas tem acolhidos tamb\u00e9m da Bahia e Alagoas.<\/p>\n<p style=\"text-align: justify;\">O ano promete uma agenda repleta de eventos em comemora\u00e7\u00e3o ao anivers\u00e1rio da institui\u00e7\u00e3o e tamb\u00e9m para arrecadar fundos para a constru\u00e7\u00e3o da nova sede que est\u00e1 or\u00e7ada em cerca de R$ 3,6 milh\u00f5es, que come\u00e7a a ser constru\u00edda pr\u00f3ximo m\u00eas.<\/p>\n<p style=\"text-align: justify;\">\u201cEstamos programando v\u00e1rios shows, entrando em contato com muitos artistas para abra\u00e7ar a nossa causa. Atrav\u00e9s de uma parceria com o Banese conseguimos R$ 200 mil, valor suficiente para custear a terraplanagem e os projetos t\u00e9cnicos da sede, mas ainda falta mais de R$ 3 milh\u00f5es, valor necess\u00e1rios para dar continuidade \u00e0 constru\u00e7\u00e3o da nossa t\u00e3o sonhada sede, ent\u00e3o mais do que nunca, pedimos a colabora\u00e7\u00e3o dos empres\u00e1rios e da sociedade civil\u201d, ressalta Fred Gomes, supervisor da Comunica\u00e7\u00e3o Social do GAAC.<\/p>\n<p style=\"text-align: justify;\">De acordo com a gerente geral do GACC, Ulla Ribeiro, foram 20 anos de muitas lutas, mas tamb\u00e9m de muitas vit\u00f3rias. \u201cTemos que agradecer a sociedade civil por abra\u00e7ar essa causa que \u00e9 t\u00e3o importante, e apesar das perdas, tiveram muitas curas e temos a certeza que a luta pela causa vale a pena. Hoje lan\u00e7amos nossa nova marca em comemora\u00e7\u00e3o aos 20 anos que completaremos em outubro, que representa a humaniza\u00e7\u00e3o, base do nosso trabalho\u201d, orgulha-se.<\/p>\n<p style=\"text-align: justify;\">A estrela da campanha \u00e9 a acolhida Kemilly Emanuele Silva, de quatro anos, moradora do munic\u00edpio de Po\u00e7o Redondo. H\u00e1 sete meses ela luta contra um rabdomiossarcoma, tipo de c\u00e2ncer que acomete os m\u00fasculos e atinge, na<br \/>\nmaioria das vezes, crian\u00e7as e adolescentes com at\u00e9 18 anos. A m\u00e3e da pequena conta que ela est\u00e1 adorando ver seu rostinho estampado em agendas, calend\u00e1rios e camisas da institui\u00e7\u00e3o.<\/p>\n<p style=\"text-align: justify;\">\u201cEla est\u00e1 muito feliz por representar o GAAC nessa campanha, e eu como m\u00e3e tamb\u00e9m fiquei muito feliz com o convite. Aqui no GACC n\u00f3s encontramos todo o apoio e assist\u00eancia que precisamos para fazer o tratamento de Kemilly, e ver minha filha sendo a estrela dessa campanha me deixa muito orgulhosa\u201d, disse Maria Cl\u00e1udia Barbosa.<\/p>\n<p style=\"text-align: justify;\">O criador da marca e da campanha foi o Web Designer do GACC, Ademar J\u00fanior, que explica o significado. \u201cA foi baseada na nossa miss\u00e3o. Levei em considera\u00e7\u00e3o no principal objetivo do GACC que \u00e9 oferecer um tratamento humanizado aos acolhidos. Trouxe esse conceito e criei baseado no cora\u00e7\u00e3o que significa a ess\u00eancia da institui\u00e7\u00e3o que oferece amor e empatia com essa mensagem\u201d, detalha.<\/p>\n<p style=\"text-align: justify;\">A gerente de Marketing do Caju Cap, Mariana Lobo, participou do lan\u00e7amento e comemorou a parceria. \u201cVai fazer um ano que o Caju Cap \u00e9 parceiro do GACC e estamos muito felizes em poder colaborar com o trabalho humanizado<br \/>\noferecido pelo GACC. J\u00e1 colaboramos muitas vezes com a viabiliza\u00e7\u00e3o de exames e medicamentos para as crian\u00e7as. O Caju Cap tem uma grande responsabilidade social e quem adquire est\u00e1 ajudando o GACC diretamente, uma parte do valor vai para a institui\u00e7\u00e3o\u201d.<\/p>\n<p>&nbsp;<\/p>\n<p>&nbsp;<\/p>\n<p><a href=\"https:\/\/senoticias.com.br\/se\/wp-content\/uploads\/2019\/01\/Logomarca-fone-SE-4-2-1-1-1-1-1-1.jpg\"><img loading=\"lazy\" decoding=\"async\" class=\"alignnone size-full wp-image-116985\" src=\"https:\/\/senoticias.com.br\/se\/wp-content\/uploads\/2019\/01\/Logomarca-fone-SE-4-2-1-1-1-1-1-1.jpg\" alt=\"\" width=\"599\" height=\"78\" srcset=\"https:\/\/senoticias.com.br\/se\/wp-content\/uploads\/2019\/01\/Logomarca-fone-SE-4-2-1-1-1-1-1-1.jpg 599w, https:\/\/senoticias.com.br\/se\/wp-content\/uploads\/2019\/01\/Logomarca-fone-SE-4-2-1-1-1-1-1-1-300x39.jpg 300w\" sizes=\"(max-width: 599px) 100vw, 599px\" \/><\/a><\/p>\n<p>&nbsp;<\/p>\n<p>&nbsp;<\/p>\n<p><em><strong>Acompanhe o SE Not\u00edcias no\u00a0<\/strong><a href=\"https:\/\/twitter.com\/Senoticias\" target=\"_blank\" rel=\"noopener\"><b>Twitter<\/b><\/a><strong>,\u00a0<\/strong><a href=\"https:\/\/www.facebook.com\/senoticias1\" target=\"_blank\" rel=\"noopener\"><b>Facebook\u00a0<\/b><\/a><strong>e no\u00a0<\/strong><a href=\"https:\/\/www.instagram.com\/senoticias\/\" target=\"_blank\" rel=\"noopener\"><b>Instagram<\/b><\/a><\/em><\/p>\n<p>&nbsp;<\/p>\n<p><em>Da Assessoria de Imprensa<\/em><\/p>\n","protected":false},"excerpt":{"rendered":"<p>O Grupo de Apoio \u00e0 Crian\u00e7a com C\u00e2ncer de Sergipe comemora 20 anos e na manh\u00e3 desta quarta-feira (20) reuniu a imprensa em um caf\u00e9 da manh\u00e3 especial e apresentou as novidades durante uma entrevista coletiva. Foi apresentada a nova marca alusiva a data festiva e a diretoria da institui\u00e7\u00e3o adiantou novidades da programa\u00e7\u00e3o que [&hellip;]<\/p>\n","protected":false},"author":6552,"featured_media":117229,"comment_status":"closed","ping_status":"closed","sticky":false,"template":"","format":"standard","meta":{"footnotes":""},"categories":[15,8],"tags":[11668,7063,11667],"class_list":{"0":"post-117227","1":"post","2":"type-post","3":"status-publish","4":"format-standard","5":"has-post-thumbnail","7":"category-destaques","8":"category-esporte-e-cultura","9":"tag-20-anos-do-gacc","10":"tag-gacc","11":"tag-grupo-de-apoio-a-crianca-com-cancer-de-sergipe"},"_links":{"self":[{"href":"https:\/\/senoticias.com.br\/se\/wp-json\/wp\/v2\/posts\/117227"}],"collection":[{"href":"https:\/\/senoticias.com.br\/se\/wp-json\/wp\/v2\/posts"}],"about":[{"href":"https:\/\/senoticias.com.br\/se\/wp-json\/wp\/v2\/types\/post"}],"author":[{"embeddable":true,"href":"https:\/\/senoticias.com.br\/se\/wp-json\/wp\/v2\/users\/6552"}],"replies":[{"embeddable":true,"href":"https:\/\/senoticias.com.br\/se\/wp-json\/wp\/v2\/comments?post=117227"}],"version-history":[{"count":0,"href":"https:\/\/senoticias.com.br\/se\/wp-json\/wp\/v2\/posts\/117227\/revisions"}],"wp:featuredmedia":[{"embeddable":true,"href":"https:\/\/senoticias.com.br\/se\/wp-json\/wp\/v2\/media\/117229"}],"wp:attachment":[{"href":"https:\/\/senoticias.com.br\/se\/wp-json\/wp\/v2\/media?parent=117227"}],"wp:term":[{"taxonomy":"category","embeddable":true,"href":"https:\/\/senoticias.com.br\/se\/wp-json\/wp\/v2\/categories?post=117227"},{"taxonomy":"post_tag","embeddable":true,"href":"https:\/\/senoticias.com.br\/se\/wp-json\/wp\/v2\/tags?post=117227"}],"curies":[{"name":"wp","href":"https:\/\/api.w.org\/{rel}","templated":true}]}}