{"id":117224,"date":"2019-02-20T20:48:51","date_gmt":"2019-02-20T23:48:51","guid":{"rendered":"https:\/\/senoticias.com.br\/se\/?p=117224"},"modified":"2019-02-20T20:48:51","modified_gmt":"2019-02-20T23:48:51","slug":"banda-indomadas-e-roniey-pitterson-agitam-bloquinho-no-santa-lucia","status":"publish","type":"post","link":"https:\/\/senoticias.com.br\/se\/banda-indomadas-e-roniey-pitterson-agitam-bloquinho-no-santa-lucia\/","title":{"rendered":"Banda Indomadas e Roniey Pitterson agitam bloquinho no Santa L\u00facia"},"content":{"rendered":"<p style=\"text-align: justify;\">Banda Indomadas e Roniey Pitterson s\u00e3o as atra\u00e7\u00f5es do bloco \u2018Se for cair, caia no <strong>Carnal\u00facia<\/strong>\u2019, que acontece neste domingo, <strong>24, a partir das 9h<\/strong>, no conjunto Santa L\u00facia, em Aracaju. As camisas custam R$ 20 e est\u00e3o \u00e0 venda na Kakau Outlet (Galeria \u00c1urea Sampaio \u2013 13 de Julho) e na Quitares Gourmet (anexo a Associa\u00e7\u00e3o de Moradores do Santa L\u00facia).<\/p>\n<div id=\"attachment_117225\" style=\"width: 606px\" class=\"wp-caption alignnone\"><a href=\"https:\/\/senoticias.com.br\/se\/wp-content\/uploads\/2019\/02\/bloco-carnal\u00facia-foto-reprodu\u00e7\u00e3o.png\"><img loading=\"lazy\" decoding=\"async\" aria-describedby=\"caption-attachment-117225\" class=\"size-full wp-image-117225\" src=\"https:\/\/senoticias.com.br\/se\/wp-content\/uploads\/2019\/02\/bloco-carnal\u00facia-foto-reprodu\u00e7\u00e3o.png\" alt=\"\" width=\"596\" height=\"526\" srcset=\"https:\/\/senoticias.com.br\/se\/wp-content\/uploads\/2019\/02\/bloco-carnal\u00facia-foto-reprodu\u00e7\u00e3o.png 596w, https:\/\/senoticias.com.br\/se\/wp-content\/uploads\/2019\/02\/bloco-carnal\u00facia-foto-reprodu\u00e7\u00e3o-300x265.png 300w\" sizes=\"(max-width: 596px) 100vw, 596px\" \/><\/a><p id=\"caption-attachment-117225\" class=\"wp-caption-text\">As camisas custam R$ 20 (Foto: divulga\u00e7\u00e3o)<\/p><\/div>\n<p>&nbsp;<\/p>\n<p>&nbsp;<\/p>\n<p><em><strong>Acompanhe o SE Not\u00edcias no\u00a0<\/strong><a href=\"https:\/\/twitter.com\/Senoticias\" target=\"_blank\" rel=\"noopener\"><b>Twitter<\/b><\/a><strong>,\u00a0<\/strong><a href=\"https:\/\/www.facebook.com\/senoticias1\" target=\"_blank\" rel=\"noopener\"><b>Facebook\u00a0<\/b><\/a><strong>e no\u00a0<\/strong><a href=\"https:\/\/www.instagram.com\/senoticias\/\" target=\"_blank\" rel=\"noopener\"><b>Instagram<\/b><\/a><\/em><\/p>\n<p>&nbsp;<\/p>\n<p><a href=\"https:\/\/senoticias.com.br\/se\/wp-content\/uploads\/2019\/01\/Logomarca-fone-SE-4-2-1-1-1-1-1-1.jpg\"><img loading=\"lazy\" decoding=\"async\" class=\"alignnone size-full wp-image-116985\" src=\"https:\/\/senoticias.com.br\/se\/wp-content\/uploads\/2019\/01\/Logomarca-fone-SE-4-2-1-1-1-1-1-1.jpg\" alt=\"\" width=\"599\" height=\"78\" srcset=\"https:\/\/senoticias.com.br\/se\/wp-content\/uploads\/2019\/01\/Logomarca-fone-SE-4-2-1-1-1-1-1-1.jpg 599w, https:\/\/senoticias.com.br\/se\/wp-content\/uploads\/2019\/01\/Logomarca-fone-SE-4-2-1-1-1-1-1-1-300x39.jpg 300w\" sizes=\"(max-width: 599px) 100vw, 599px\" \/><\/a><\/p>\n","protected":false},"excerpt":{"rendered":"<p>Banda Indomadas e Roniey Pitterson s\u00e3o as atra\u00e7\u00f5es do bloco \u2018Se for cair, caia no Carnal\u00facia\u2019, que acontece neste domingo, 24, a partir das 9h, no conjunto Santa L\u00facia, em Aracaju. As camisas custam R$ 20 e est\u00e3o \u00e0 venda na Kakau Outlet (Galeria \u00c1urea Sampaio \u2013 13 de Julho) e na Quitares Gourmet (anexo [&hellip;]<\/p>\n","protected":false},"author":6552,"featured_media":117225,"comment_status":"closed","ping_status":"closed","sticky":false,"template":"","format":"standard","meta":{"footnotes":""},"categories":[21],"tags":[11666,11413],"class_list":{"0":"post-117224","1":"post","2":"type-post","3":"status-publish","4":"format-standard","5":"has-post-thumbnail","7":"category-entretenimento","8":"tag-carnalucia","9":"tag-carnaval-2019"},"_links":{"self":[{"href":"https:\/\/senoticias.com.br\/se\/wp-json\/wp\/v2\/posts\/117224"}],"collection":[{"href":"https:\/\/senoticias.com.br\/se\/wp-json\/wp\/v2\/posts"}],"about":[{"href":"https:\/\/senoticias.com.br\/se\/wp-json\/wp\/v2\/types\/post"}],"author":[{"embeddable":true,"href":"https:\/\/senoticias.com.br\/se\/wp-json\/wp\/v2\/users\/6552"}],"replies":[{"embeddable":true,"href":"https:\/\/senoticias.com.br\/se\/wp-json\/wp\/v2\/comments?post=117224"}],"version-history":[{"count":0,"href":"https:\/\/senoticias.com.br\/se\/wp-json\/wp\/v2\/posts\/117224\/revisions"}],"wp:featuredmedia":[{"embeddable":true,"href":"https:\/\/senoticias.com.br\/se\/wp-json\/wp\/v2\/media\/117225"}],"wp:attachment":[{"href":"https:\/\/senoticias.com.br\/se\/wp-json\/wp\/v2\/media?parent=117224"}],"wp:term":[{"taxonomy":"category","embeddable":true,"href":"https:\/\/senoticias.com.br\/se\/wp-json\/wp\/v2\/categories?post=117224"},{"taxonomy":"post_tag","embeddable":true,"href":"https:\/\/senoticias.com.br\/se\/wp-json\/wp\/v2\/tags?post=117224"}],"curies":[{"name":"wp","href":"https:\/\/api.w.org\/{rel}","templated":true}]}}