{"id":117218,"date":"2019-02-20T13:35:04","date_gmt":"2019-02-20T16:35:04","guid":{"rendered":"https:\/\/senoticias.com.br\/se\/?p=117218"},"modified":"2019-02-20T13:35:04","modified_gmt":"2019-02-20T16:35:04","slug":"camara-municipal-de-sao-cristovao-reinicia-trabalhos-legislativos","status":"publish","type":"post","link":"https:\/\/senoticias.com.br\/se\/camara-municipal-de-sao-cristovao-reinicia-trabalhos-legislativos\/","title":{"rendered":"C\u00e2mara Municipal de S\u00e3o Crist\u00f3v\u00e3o reinicia trabalhos legislativos"},"content":{"rendered":"<p style=\"text-align: justify;\">\n<p style=\"text-align: justify;\">Os trabalhos legislativos na C\u00e2mara Municipal de S\u00e3o Crist\u00f3v\u00e3o foram reiniciados nesta ter\u00e7a-feira, (19).\u00a0Na ocasi\u00e3o, o prefeito Marcos Santana compareceu \u00e0 Casa de Leis para prestigiar a abertura dos trabalhos e a apresenta\u00e7\u00e3o da nova mesa diretora para o bi\u00eanio 2019\/2020.<\/p>\n<div id=\"attachment_117219\" style=\"width: 609px\" class=\"wp-caption alignnone\"><a href=\"https:\/\/senoticias.com.br\/se\/wp-content\/uploads\/2019\/02\/WhatsApp-Image-2019-02-20-at-12.36.48.jpeg\"><img loading=\"lazy\" decoding=\"async\" aria-describedby=\"caption-attachment-117219\" class=\"size-full wp-image-117219\" src=\"https:\/\/senoticias.com.br\/se\/wp-content\/uploads\/2019\/02\/WhatsApp-Image-2019-02-20-at-12.36.48-e1550680276806.jpeg\" alt=\"\" width=\"599\" height=\"463\" \/><\/a><p id=\"caption-attachment-117219\" class=\"wp-caption-text\">Prefeito Marcos Santana participa de abertura do ano legislativo da C\u00e2mara de Vereadores (Foto: Heytor Xaxier)<\/p><\/div>\n<p style=\"text-align: justify;\">\u201cSer\u00e1 um ano de muito trabalho. Enviei para essa casa v\u00e1rios projetos de lei, dentre os quais destaco alguns\u00a0que s\u00e3o de extrema import\u00e2ncia: o primeiro institui no \u00e2mbito do munic\u00edpio de S\u00e3o Crist\u00f3v\u00e3o a pol\u00edtica p\u00fablica para garantia, prote\u00e7\u00e3o e amplia\u00e7\u00e3o dos direitos das pessoas com autismo. Tamb\u00e9m estou enviando um projeto que disp\u00f5e sobre a qualifica\u00e7\u00e3o das entidades e organiza\u00e7\u00f5es sociais e sua vincula\u00e7\u00e3o com o poder p\u00fablico municipal\u201d, declarou o prefeito Marcos Santana.<\/p>\n<p style=\"text-align: justify;\">Ainda foi destacado o encaminhamento \u00e0 C\u00e2mara do projeto que visa altera\u00e7\u00e3o da Lei Or\u00e7ament\u00e1ria Anual do munic\u00edpio. \u201cAtrav\u00e9s da altera\u00e7\u00e3o da LOA n\u00f3s poderemos encaminhar nos pr\u00f3ximos dias a lei criando o plano de cargo e sal\u00e1rios para os agentes comunit\u00e1rios de sa\u00fade, e possivelmente outras categorias. Sem a altera\u00e7\u00e3o da LOA, n\u00e3o estar\u00edamos autorizados a encaminhar esse plano porque n\u00e3o haveria no or\u00e7amento espa\u00e7o para isso. Estamos finalizando esse plano e iremos convidar os agentes comunit\u00e1rios de sa\u00fade e agentes de endemias para apresentar o que estamos criando. N\u00f3s ainda temos o\u00a0objetivo de criar um plano de cargo e sal\u00e1rio para todos os profissionais de sa\u00fade de S\u00e3o Crist\u00f3v\u00e3o\u201d, destacou o gestor.<\/p>\n<p style=\"text-align: justify;\">O prefeito utilizou a tribuna tamb\u00e9m para apresentar aos vereadores e ao p\u00fablico as conquistas dos \u00faltimos dois anos na gest\u00e3o e as perspectivas para os pr\u00f3ximos anos.<\/p>\n<p style=\"text-align: justify;\"><strong>Vereadores<\/strong><\/p>\n<p style=\"text-align: justify;\">Na ocasi\u00e3o, o presidente da C\u00e2mara Municipal, vereador Paulo J\u00fanior, agradeceu a presen\u00e7a do prefeito Marcos Santana, do vice-prefeito Adilson J\u00fanior, dos vereadores que compareceram \u00e0 casa e da sociedade em geral. \u201cEsta casa nunca faltou para com a gest\u00e3o por sempre encaminhar projetos que versassem sobre a moderniza\u00e7\u00e3o administrativa, bem como converter qualidade de vida para o nosso povo. Tenho a certeza que esta casa continuar\u00e1 dando aten\u00e7\u00e3o e apoio a todas as propostas que vierem a beneficiar o povo de S\u00e3o Crist\u00f3v\u00e3o\u201d, relatou o presidente da C\u00e2mara.<\/p>\n<p style=\"text-align: justify;\">Estiveram presentes na sess\u00e3o os seguintes vereadores: Paulo J\u00fanior, Djalma Santana, Lilo Aben\u00e7oado, Vanderlan Correia, Vanderlan Nego, Rafael Ara\u00fajo, Tony da Academia, Diego Prado, Adailton Lopes (Dito), Leandro Santos, Rege do Rosa Maria e Edson Pereira.<\/p>\n<p style=\"text-align: justify;\">Al\u00e9m do gestor municipal, o vice-prefeito Adilson J\u00fanior, e os secret\u00e1rios\u00a0 municipais M\u00e1rio Freire (Gabinete), Fernando Carvalho (Planejamento Or\u00e7amento e Gest\u00e3o) Thiago Correia (Meio Ambiente), Fernanda Santana (Sa\u00fade), Paola Santana (Governo e Rela\u00e7\u00f5es Comunit\u00e1rias),\u00a0 Elaine Barroso (Assist\u00eancia Social e Trabalho),\u00a0 Genivaldo Silva (Servi\u00e7os Urbanos) e Eldro Fran\u00e7a (Fazenda) de governo comparecem \u00e0 sess\u00e3o.<\/p>\n<p>&nbsp;<\/p>\n<p><em><strong>Acompanhe o SE Not\u00edcias no\u00a0<\/strong><a href=\"https:\/\/twitter.com\/Senoticias\" target=\"_blank\" rel=\"noopener\"><b>Twitter<\/b><\/a><strong>,\u00a0<\/strong><a href=\"https:\/\/www.facebook.com\/senoticias1\" target=\"_blank\" rel=\"noopener\"><b>Facebook\u00a0<\/b><\/a><strong>e no\u00a0<\/strong><a href=\"https:\/\/www.instagram.com\/senoticias\/\" target=\"_blank\" rel=\"noopener\"><b>Instagram<\/b><\/a><\/em><\/p>\n<p>&nbsp;<\/p>\n<p><a href=\"https:\/\/senoticias.com.br\/se\/wp-content\/uploads\/2019\/01\/Logomarca-fone-SE-4-2-1-1-1-1-1-1.jpg\"><img loading=\"lazy\" decoding=\"async\" class=\"alignnone size-full wp-image-116985\" src=\"https:\/\/senoticias.com.br\/se\/wp-content\/uploads\/2019\/01\/Logomarca-fone-SE-4-2-1-1-1-1-1-1.jpg\" alt=\"\" width=\"599\" height=\"78\" srcset=\"https:\/\/senoticias.com.br\/se\/wp-content\/uploads\/2019\/01\/Logomarca-fone-SE-4-2-1-1-1-1-1-1.jpg 599w, https:\/\/senoticias.com.br\/se\/wp-content\/uploads\/2019\/01\/Logomarca-fone-SE-4-2-1-1-1-1-1-1-300x39.jpg 300w\" sizes=\"(max-width: 599px) 100vw, 599px\" \/><\/a><\/p>\n<p>&nbsp;<\/p>\n<p><em>Com informa\u00e7\u00f5es da Ascom\/PMSC<\/em><\/p>\n","protected":false},"excerpt":{"rendered":"<p>Os trabalhos legislativos na C\u00e2mara Municipal de S\u00e3o Crist\u00f3v\u00e3o foram reiniciados nesta ter\u00e7a-feira, (19).\u00a0Na ocasi\u00e3o, o prefeito Marcos Santana compareceu \u00e0 Casa de Leis para prestigiar a abertura dos trabalhos e a apresenta\u00e7\u00e3o da nova mesa diretora para o bi\u00eanio 2019\/2020. \u201cSer\u00e1 um ano de muito trabalho. Enviei para essa casa v\u00e1rios projetos de lei, [&hellip;]<\/p>\n","protected":false},"author":6552,"featured_media":117219,"comment_status":"closed","ping_status":"closed","sticky":false,"template":"","format":"standard","meta":{"footnotes":""},"categories":[15,38],"tags":[3648,11664,4589],"class_list":{"0":"post-117218","1":"post","2":"type-post","3":"status-publish","4":"format-standard","5":"has-post-thumbnail","7":"category-destaques","8":"category-municipios","9":"tag-camara-de-vereadores","10":"tag-loa","11":"tag-prefeito-marcos-santana"},"_links":{"self":[{"href":"https:\/\/senoticias.com.br\/se\/wp-json\/wp\/v2\/posts\/117218"}],"collection":[{"href":"https:\/\/senoticias.com.br\/se\/wp-json\/wp\/v2\/posts"}],"about":[{"href":"https:\/\/senoticias.com.br\/se\/wp-json\/wp\/v2\/types\/post"}],"author":[{"embeddable":true,"href":"https:\/\/senoticias.com.br\/se\/wp-json\/wp\/v2\/users\/6552"}],"replies":[{"embeddable":true,"href":"https:\/\/senoticias.com.br\/se\/wp-json\/wp\/v2\/comments?post=117218"}],"version-history":[{"count":0,"href":"https:\/\/senoticias.com.br\/se\/wp-json\/wp\/v2\/posts\/117218\/revisions"}],"wp:featuredmedia":[{"embeddable":true,"href":"https:\/\/senoticias.com.br\/se\/wp-json\/wp\/v2\/media\/117219"}],"wp:attachment":[{"href":"https:\/\/senoticias.com.br\/se\/wp-json\/wp\/v2\/media?parent=117218"}],"wp:term":[{"taxonomy":"category","embeddable":true,"href":"https:\/\/senoticias.com.br\/se\/wp-json\/wp\/v2\/categories?post=117218"},{"taxonomy":"post_tag","embeddable":true,"href":"https:\/\/senoticias.com.br\/se\/wp-json\/wp\/v2\/tags?post=117218"}],"curies":[{"name":"wp","href":"https:\/\/api.w.org\/{rel}","templated":true}]}}