{"id":117216,"date":"2019-02-20T12:09:09","date_gmt":"2019-02-20T15:09:09","guid":{"rendered":"https:\/\/senoticias.com.br\/se\/?p=117216"},"modified":"2019-02-20T12:17:00","modified_gmt":"2019-02-20T15:17:00","slug":"carnaval-em-sergipe-favorece-comercio-e-turismo","status":"publish","type":"post","link":"https:\/\/senoticias.com.br\/se\/carnaval-em-sergipe-favorece-comercio-e-turismo\/","title":{"rendered":"Carnaval em Sergipe favorece com\u00e9rcio e turismo"},"content":{"rendered":"<p style=\"text-align: justify;\">O carnaval de 2019 deve impulsionar a receita das atividades tur\u00edsticas no Pa\u00eds, com uma alta de 2,0% na compara\u00e7\u00e3o com 2018, gerando movimenta\u00e7\u00e3o financeira de R$ 6,78 bilh\u00f5es, segundo estimativa da Confedera\u00e7\u00e3o Nacional do Com\u00e9rcio de Bens, Servi\u00e7os e Turismo (CNC).<\/p>\n<div id=\"attachment_116866\" style=\"width: 609px\" class=\"wp-caption alignnone\"><a href=\"https:\/\/senoticias.com.br\/se\/wp-content\/uploads\/2019\/01\/BBS7tu3-e1548066586486.jpg\"><img loading=\"lazy\" decoding=\"async\" aria-describedby=\"caption-attachment-116866\" class=\"size-full wp-image-116866\" src=\"https:\/\/senoticias.com.br\/se\/wp-content\/uploads\/2019\/01\/BBS7tu3-e1548066586486.jpg\" alt=\"\" width=\"599\" height=\"355\" \/><\/a><p id=\"caption-attachment-116866\" class=\"wp-caption-text\">Apesar da pouca tradi\u00e7\u00e3o, Carnaval em Sergipe favorece com\u00e9rcio e turismo. (Foto: divulga\u00e7\u00e3o)<\/p><\/div>\n<p style=\"text-align: justify;\">A combina\u00e7\u00e3o de infla\u00e7\u00e3o baixa e d\u00f3lar aproximadamente 20% mais caro, em rela\u00e7\u00e3o ao in\u00edcio do ano passado, o que favorece os gastos com o turismo no territ\u00f3rio nacional, vai gerar o primeiro crescimento na receita do setor para o per\u00edodo festivo, ap\u00f3s tr\u00eas anos de quedas consecutivas.<\/p>\n<p style=\"text-align: justify;\">Mas, apesar de a festa momesca n\u00e3o ser t\u00e3o festejada de forma popular em Sergipe, a C\u00e2mara de Dirigentes Lojistas de Aracaju (CDL), v\u00ea formas de aquecer a economia local, respeitada a individualidade de cada lugar.<\/p>\n<p style=\"text-align: justify;\">Para Brenno Barreto, que preside a entidade, os segmentos de armarinhos, supermercados, bares, restaurantes, lojas de tecidos, cal\u00e7ados, hot\u00e9is, pousadas, taxistas e transportes alternativos, \u201cpodem ganhar um pouco a mais com a festa de Momo\u201d.<\/p>\n<p style=\"text-align: justify;\">Segundo ele, Aracaju atrai principalmente turistas vindos da Bahia, Alagoas, Pernambuco e tamb\u00e9m do Sul do pa\u00eds que \u201cn\u00e3o querem a folia e sim tranquilidade, mar e paz\u201d. J\u00e1 os conterr\u00e2neos, diz, \u201cj\u00e1 est\u00e3o aquecendo a economia com os famosos bloquinhos e festas de ruas, al\u00e9m das viagens internas ao interior onde h\u00e1 folia, os cortejos que ocorrer\u00e3o em bairros, clubes e ou condom\u00ednios\u201d.<\/p>\n<p style=\"text-align: justify;\">Neste ano, a massa de rendimentos est\u00e1 mais favor\u00e1vel e mais pessoas est\u00e3o ocupadas. Isso, em um ambiente de infla\u00e7\u00e3o baixa e cr\u00e9dito mais barato, beneficia gastos n\u00e3o essenciais\u201d, explica F\u00e1bio Bentes, economista-chefe da CNC. Para ele, a conjuntura econ\u00f4mica tamb\u00e9m favorece aumento do fluxo de turistas dentro do Pa\u00eds.<\/p>\n<p><strong>Segmentos em alta<\/strong><\/p>\n<p style=\"text-align: justify;\">Os segmentos de alimenta\u00e7\u00e3o fora do lar, como bares e restaurantes, devem movimentar R$ 4,1 bilh\u00f5es, seguido pelo de transporte rodovi\u00e1rio, com R$ 859,3 milh\u00f5es, e o de servi\u00e7os de meios de hospedagem, que v\u00e3o faturar R$ 774,3 milh\u00f5es. Juntas, essas atividades v\u00e3o responder por mais de 84% da receita gerada com o carnaval.<\/p>\n<p style=\"text-align: justify;\"><strong>Regi\u00f5es<\/strong><\/p>\n<p style=\"text-align: justify;\">Os Estados do Rio de Janeiro (R$ 2,1 bilh\u00f5es) e de S\u00e3o Paulo (R$ 1,9 bilh\u00e3o) v\u00e3o ser respons\u00e1veis por 62% da movimenta\u00e7\u00e3o financeira durante a folia, seguidos por Minas Gerais (R$ 615,5 milh\u00f5es), Bahia (R$ 561,9 milh\u00f5es), Cear\u00e1 (R$ 320 milh\u00f5es) e Pernambuco (R$ 217,6 milh\u00f5es). Os demais estados, juntos, contabilizam pouco mais de R$ 1 bilh\u00e3o de reais.<\/p>\n<p>* Por Ascom\/CNC, com Ascom CDL\/Aju<\/p>\n<p><em><strong>Acompanhe o SE Not\u00edcias no\u00a0<\/strong><a href=\"https:\/\/twitter.com\/Senoticias\" target=\"_blank\" rel=\"noopener\"><b>Twitter<\/b><\/a><strong>,\u00a0<\/strong><a href=\"https:\/\/www.facebook.com\/senoticias1\" target=\"_blank\" rel=\"noopener\"><b>Facebook\u00a0<\/b><\/a><strong>e no\u00a0<\/strong><a href=\"https:\/\/www.instagram.com\/senoticias\/\" target=\"_blank\" rel=\"noopener\"><b>Instagram<\/b><\/a><\/em><\/p>\n<p>&nbsp;<\/p>\n<p><a href=\"https:\/\/senoticias.com.br\/se\/wp-content\/uploads\/2019\/01\/Logomarca-fone-SE-4-2-1-1-1-1-1-1.jpg\"><img loading=\"lazy\" decoding=\"async\" class=\"alignnone size-full wp-image-116985\" src=\"https:\/\/senoticias.com.br\/se\/wp-content\/uploads\/2019\/01\/Logomarca-fone-SE-4-2-1-1-1-1-1-1.jpg\" alt=\"\" width=\"599\" height=\"78\" srcset=\"https:\/\/senoticias.com.br\/se\/wp-content\/uploads\/2019\/01\/Logomarca-fone-SE-4-2-1-1-1-1-1-1.jpg 599w, https:\/\/senoticias.com.br\/se\/wp-content\/uploads\/2019\/01\/Logomarca-fone-SE-4-2-1-1-1-1-1-1-300x39.jpg 300w\" sizes=\"(max-width: 599px) 100vw, 599px\" \/><\/a><\/p>\n","protected":false},"excerpt":{"rendered":"<p>O carnaval de 2019 deve impulsionar a receita das atividades tur\u00edsticas no Pa\u00eds, com uma alta de 2,0% na compara\u00e7\u00e3o com 2018, gerando movimenta\u00e7\u00e3o financeira de R$ 6,78 bilh\u00f5es, segundo estimativa da Confedera\u00e7\u00e3o Nacional do Com\u00e9rcio de Bens, Servi\u00e7os e Turismo (CNC). A combina\u00e7\u00e3o de infla\u00e7\u00e3o baixa e d\u00f3lar aproximadamente 20% mais caro, em rela\u00e7\u00e3o [&hellip;]<\/p>\n","protected":false},"author":6552,"featured_media":116866,"comment_status":"closed","ping_status":"closed","sticky":false,"template":"","format":"standard","meta":{"footnotes":""},"categories":[6,1],"tags":[11663,11413,486],"class_list":{"0":"post-117216","1":"post","2":"type-post","3":"status-publish","4":"format-standard","5":"has-post-thumbnail","7":"category-politica","8":"category-sem-categoria","9":"tag-camara-de-dirigentes-lojistas-de-aracaju","10":"tag-carnaval-2019","11":"tag-cdl"},"_links":{"self":[{"href":"https:\/\/senoticias.com.br\/se\/wp-json\/wp\/v2\/posts\/117216"}],"collection":[{"href":"https:\/\/senoticias.com.br\/se\/wp-json\/wp\/v2\/posts"}],"about":[{"href":"https:\/\/senoticias.com.br\/se\/wp-json\/wp\/v2\/types\/post"}],"author":[{"embeddable":true,"href":"https:\/\/senoticias.com.br\/se\/wp-json\/wp\/v2\/users\/6552"}],"replies":[{"embeddable":true,"href":"https:\/\/senoticias.com.br\/se\/wp-json\/wp\/v2\/comments?post=117216"}],"version-history":[{"count":0,"href":"https:\/\/senoticias.com.br\/se\/wp-json\/wp\/v2\/posts\/117216\/revisions"}],"wp:featuredmedia":[{"embeddable":true,"href":"https:\/\/senoticias.com.br\/se\/wp-json\/wp\/v2\/media\/116866"}],"wp:attachment":[{"href":"https:\/\/senoticias.com.br\/se\/wp-json\/wp\/v2\/media?parent=117216"}],"wp:term":[{"taxonomy":"category","embeddable":true,"href":"https:\/\/senoticias.com.br\/se\/wp-json\/wp\/v2\/categories?post=117216"},{"taxonomy":"post_tag","embeddable":true,"href":"https:\/\/senoticias.com.br\/se\/wp-json\/wp\/v2\/tags?post=117216"}],"curies":[{"name":"wp","href":"https:\/\/api.w.org\/{rel}","templated":true}]}}