{"id":117176,"date":"2019-02-18T10:18:30","date_gmt":"2019-02-18T13:18:30","guid":{"rendered":"https:\/\/senoticias.com.br\/se\/?p=117176"},"modified":"2019-02-18T10:18:30","modified_gmt":"2019-02-18T13:18:30","slug":"irmaos-sao-mortos-a-tiros-no-municipio-de-itabaiana","status":"publish","type":"post","link":"https:\/\/senoticias.com.br\/se\/irmaos-sao-mortos-a-tiros-no-municipio-de-itabaiana\/","title":{"rendered":"Irm\u00e3os s\u00e3o mortos a tiros no munic\u00edpio de Itabaiana"},"content":{"rendered":"<div id=\"attachment_117177\" style=\"width: 390px\" class=\"wp-caption alignright\"><a href=\"https:\/\/senoticias.com.br\/se\/wp-content\/uploads\/2019\/02\/WhatsApp-Image-2019-02-18-at-09.49.43.jpeg\"><img loading=\"lazy\" decoding=\"async\" aria-describedby=\"caption-attachment-117177\" class=\"size-full wp-image-117177\" src=\"https:\/\/senoticias.com.br\/se\/wp-content\/uploads\/2019\/02\/WhatsApp-Image-2019-02-18-at-09.49.43.jpeg\" alt=\"\" width=\"380\" height=\"372\" srcset=\"https:\/\/senoticias.com.br\/se\/wp-content\/uploads\/2019\/02\/WhatsApp-Image-2019-02-18-at-09.49.43.jpeg 380w, https:\/\/senoticias.com.br\/se\/wp-content\/uploads\/2019\/02\/WhatsApp-Image-2019-02-18-at-09.49.43-300x294.jpeg 300w\" sizes=\"(max-width: 380px) 100vw, 380px\" \/><\/a><p id=\"caption-attachment-117177\" class=\"wp-caption-text\">Irm\u00e3os foram assassinados a tiros na noite de ontem, em Itabaiana. (Foto: redes sociais)<\/p><\/div>\n<p style=\"text-align: justify;\">Dois irm\u00e3os foram assassinados no conjunto Santa M\u00f4nica, em Itabaiana, na noite desse domingo, 18. De acordo com o 3\u00ba Batalh\u00e3o da Pol\u00edcia Militar (3\u00ba BPM), as v\u00edtimas trafegavam em uma motocicleta quando foram atingidas por tiros de arma de fogo.<\/p>\n<p style=\"text-align: justify;\">O crime ocorreu por volta das 20h30, quando um homem, ainda n\u00e3o identificado, atirou pelas costas dos irm\u00e3os. Ambos morreram no local. Circulam informa\u00e7\u00f5es de que, no momento do duplo homic\u00eddio, ocorria uma festa. O 3\u00ba BPM n\u00e3o confirma, mas diz que no local se formou uma grande aglomera\u00e7\u00e3o de pessoas.<\/p>\n<p style=\"text-align: justify;\">Os irm\u00e3os foram identificados como Ant\u00f4nio Bruno dos Santos, 25 anos, e Jo\u00e3o Vitor Costa dos Santos, 20 anos. Eles morreram no local.<\/p>\n<p>&nbsp;<\/p>\n<p><em>Com informa\u00e7\u00f5es de\u00a0 J\u00e9ssica Fran\u00e7a, do portal Infonet<\/em><\/p>\n<p>&nbsp;<\/p>\n<p>&nbsp;<\/p>\n<p><em><strong>Acompanhe o SE Not\u00edcias no\u00a0<\/strong><a href=\"https:\/\/twitter.com\/Senoticias\" target=\"_blank\" rel=\"noopener\"><b>Twitter<\/b><\/a><strong>,\u00a0<\/strong><a href=\"https:\/\/www.facebook.com\/senoticias1\" target=\"_blank\" rel=\"noopener\"><b>Facebook\u00a0<\/b><\/a><strong>e no\u00a0<\/strong><b><a href=\"https:\/\/www.instagram.com\/senoticias\/\" target=\"_blank\" rel=\"noopener\">Instagram<\/a><\/b><\/em><\/p>\n<p>&nbsp;<\/p>\n<p><a href=\"https:\/\/senoticias.com.br\/se\/wp-content\/uploads\/2019\/01\/Logomarca-fone-SE-4-2-1-1-1-1-1-1.jpg\"><img loading=\"lazy\" decoding=\"async\" class=\"aligncenter size-full wp-image-116985\" src=\"https:\/\/senoticias.com.br\/se\/wp-content\/uploads\/2019\/01\/Logomarca-fone-SE-4-2-1-1-1-1-1-1.jpg\" alt=\"\" width=\"599\" height=\"78\" srcset=\"https:\/\/senoticias.com.br\/se\/wp-content\/uploads\/2019\/01\/Logomarca-fone-SE-4-2-1-1-1-1-1-1.jpg 599w, https:\/\/senoticias.com.br\/se\/wp-content\/uploads\/2019\/01\/Logomarca-fone-SE-4-2-1-1-1-1-1-1-300x39.jpg 300w\" sizes=\"(max-width: 599px) 100vw, 599px\" \/><\/a><\/p>\n<p>&nbsp;<\/p>\n","protected":false},"excerpt":{"rendered":"<p>Dois irm\u00e3os foram assassinados no conjunto Santa M\u00f4nica, em Itabaiana, na noite desse domingo, 18. De acordo com o 3\u00ba Batalh\u00e3o da Pol\u00edcia Militar (3\u00ba BPM), as v\u00edtimas trafegavam em uma motocicleta quando foram atingidas por tiros de arma de fogo. O crime ocorreu por volta das 20h30, quando um homem, ainda n\u00e3o identificado, atirou [&hellip;]<\/p>\n","protected":false},"author":6552,"featured_media":117177,"comment_status":"closed","ping_status":"closed","sticky":false,"template":"","format":"standard","meta":{"footnotes":""},"categories":[15,7],"tags":[11646,236,650],"class_list":{"0":"post-117176","1":"post","2":"type-post","3":"status-publish","4":"format-standard","5":"has-post-thumbnail","7":"category-destaques","8":"category-policia","9":"tag-irmaos-assassinados","10":"tag-itabaiana","11":"tag-violencia-em-itabaiana"},"_links":{"self":[{"href":"https:\/\/senoticias.com.br\/se\/wp-json\/wp\/v2\/posts\/117176"}],"collection":[{"href":"https:\/\/senoticias.com.br\/se\/wp-json\/wp\/v2\/posts"}],"about":[{"href":"https:\/\/senoticias.com.br\/se\/wp-json\/wp\/v2\/types\/post"}],"author":[{"embeddable":true,"href":"https:\/\/senoticias.com.br\/se\/wp-json\/wp\/v2\/users\/6552"}],"replies":[{"embeddable":true,"href":"https:\/\/senoticias.com.br\/se\/wp-json\/wp\/v2\/comments?post=117176"}],"version-history":[{"count":0,"href":"https:\/\/senoticias.com.br\/se\/wp-json\/wp\/v2\/posts\/117176\/revisions"}],"wp:featuredmedia":[{"embeddable":true,"href":"https:\/\/senoticias.com.br\/se\/wp-json\/wp\/v2\/media\/117177"}],"wp:attachment":[{"href":"https:\/\/senoticias.com.br\/se\/wp-json\/wp\/v2\/media?parent=117176"}],"wp:term":[{"taxonomy":"category","embeddable":true,"href":"https:\/\/senoticias.com.br\/se\/wp-json\/wp\/v2\/categories?post=117176"},{"taxonomy":"post_tag","embeddable":true,"href":"https:\/\/senoticias.com.br\/se\/wp-json\/wp\/v2\/tags?post=117176"}],"curies":[{"name":"wp","href":"https:\/\/api.w.org\/{rel}","templated":true}]}}