{"id":117150,"date":"2019-02-15T11:34:06","date_gmt":"2019-02-15T14:34:06","guid":{"rendered":"https:\/\/senoticias.com.br\/se\/?p=117150"},"modified":"2019-02-15T11:35:28","modified_gmt":"2019-02-15T14:35:28","slug":"jovem-advogado-quer-manter-historia-politica-do-pai-em-sao-cristovao","status":"publish","type":"post","link":"https:\/\/senoticias.com.br\/se\/jovem-advogado-quer-manter-historia-politica-do-pai-em-sao-cristovao\/","title":{"rendered":"Jovem advogado quer manter hist\u00f3ria pol\u00edtica do pai em S\u00e3o Crist\u00f3v\u00e3o"},"content":{"rendered":"<p style=\"text-align: justify;\">O portal SE Not\u00edcias realiza uma s\u00e9rie de entrevistas com os pr\u00e9-candidatos a prefeito e vereador de S\u00e3o Crist\u00f3v\u00e3o. O objetivo das entrevistas \u00e9 apresentar aos eleitores sancristovenses, quem s\u00e3o e o que fazem os in\u00fameros nomes postulantes aos cargos eletivos nas Elei\u00e7\u00f5es Municipais de 2020.<\/p>\n<p style=\"text-align: justify;\">A primeira entrevista a ser veiculada pelo portal <strong>SE Not\u00edcias<\/strong> \u00e9 com o pr\u00e9-candidato a vereador, Bruno Ramos. O jovem advogado pretende disputar uma vaga de vereador em 2020.<\/p>\n<div id=\"attachment_117152\" style=\"width: 609px\" class=\"wp-caption alignnone\"><a href=\"https:\/\/senoticias.com.br\/se\/wp-content\/uploads\/2019\/02\/Bruno-Ramos-afirma-que-ser\u00e1-candidato-a-vereador-de-S\u00e3o-Crist\u00f3v\u00e3o-em-2020.docx2_-e1550240959415.jpeg\"><img loading=\"lazy\" decoding=\"async\" aria-describedby=\"caption-attachment-117152\" class=\"size-full wp-image-117152\" src=\"https:\/\/senoticias.com.br\/se\/wp-content\/uploads\/2019\/02\/Bruno-Ramos-afirma-que-ser\u00e1-candidato-a-vereador-de-S\u00e3o-Crist\u00f3v\u00e3o-em-2020.docx2_-e1550240959415.jpeg\" alt=\"\" width=\"599\" height=\"478\" \/><\/a><p id=\"caption-attachment-117152\" class=\"wp-caption-text\">Bruno Ramos afirma que ser\u00e1 pr\u00e9-candidato a vereador em 2020. (Foto: arquivo pessoal)<\/p><\/div>\n<p style=\"text-align: justify;\">As elei\u00e7\u00f5es para o pleito de 2020 se aproximam e com ela os novos nomes de candidatos interessados em ocupar o cargo de vereador do munic\u00edpio de S\u00e3o Crist\u00f3v\u00e3o. Um dos nomes j\u00e1 lan\u00e7ados \u00e9 o de Bruno Ramos, jovem de 29 anos que atua como advogado h\u00e1 tr\u00eas anos.<\/p>\n<p style=\"text-align: justify;\">O futuro candidato afirma ter novos projetos para o munic\u00edpio, e diz querer dar continuidade aos trabalhos realizados pelo pai, Doutor Wanderley Barbosa Ramos, que atuou como vice-prefeito do munic\u00edpio at\u00e9 novembro de 2005, quando teve a sua trajet\u00f3ria pol\u00edtica encerrada devido ao seu falecimento.<\/p>\n<p style=\"text-align: justify;\">\u201cNaquela \u00e9poca eu tinha 15 anos, mas sempre presenciei as suas virtudes e vontades pol\u00edticas de trabalhar por S\u00e3o Crist\u00f3v\u00e3o. Infelizmente ele faleceu e desde ent\u00e3o venho atuando no sentido de ajudar as pessoas, formando pol\u00edticas p\u00fablicas de qualidade para o munic\u00edpio, visto que s\u00e3o carentes, e eu acredito que sei como fazer para ajud\u00e1-las, portanto venho lan\u00e7ando meu nome como pr\u00e9-candidato justamente para isso\u201d destacou Bruno Ramos.<\/p>\n<p style=\"text-align: justify;\">Al\u00e9m de ter o pai como espelho, Bruno tamb\u00e9m tem a m\u00e3e Eliane Ramos como refer\u00eancia, pessoa conhecida na comunidade por atuar em prol de causas sociais.<\/p>\n<p style=\"text-align: justify;\">No munic\u00edpio, Bruno Ramos \u00e9 conhecido por atuar nas causas sociais em raz\u00e3o da vulnerabilidade dos moradores da cidade, e pelos seus direitos que, segundo o advogado, muitas vezes s\u00e3o negados, e os pr\u00f3prios cidad\u00e3os n\u00e3o conhecem ou n\u00e3o tem uma no\u00e7\u00e3o de como buscar estes direitos.<\/p>\n<p style=\"text-align: justify;\">Para o futuro candidato, alguns parlamentares que hoje ocupam o cargo n\u00e3o sabem qual a real fun\u00e7\u00e3o do mandato, e desconhecem o papel da legislatura. \u201cEu vejo que muitos vereadores que est\u00e3o a\u00ed n\u00e3o sabem sua real fun\u00e7\u00e3o. Eu digo sempre que, lan\u00e7ar o nome como pr\u00e9-candidato a vereador n\u00e3o \u00e9 somente lan\u00e7ar, como tamb\u00e9m saber o porqu\u00ea est\u00e1 querendo ser vereador. \u00c9 conhecer o real papel do legislativo\u201d, frisou.<\/p>\n<p style=\"text-align: justify;\">Bruno Ramos ainda destacou como o parlamentar deve exercer o cargo em fun\u00e7\u00e3o da cidadania. \u201cO principal papel do parlamentar \u00e9 fiscalizar as a\u00e7\u00f5es do chefe do poder executivo municipal. Legislar sobre os interesses locais do munic\u00edpio, sobre tudo nas situa\u00e7\u00f5es mais carentes. O vereador tem que ser atuante em prol de toda coletividade, e n\u00e3o simplesmente ser um assistente social, mas ser um fiscalizador\u201d, afirmou Bruno.<\/p>\n<p style=\"text-align: justify;\">Levando em considera\u00e7\u00e3o a renova\u00e7\u00e3o do pleito das elei\u00e7\u00f5es de 2018, onde houve a renova\u00e7\u00e3o de 50% dos cargos ocupados por pol\u00edticos estaduais e federais, o advogado acredita que o cen\u00e1rio pol\u00edtico deve continuar assim, acatando a decis\u00e3o da popula\u00e7\u00e3o em querer renova\u00e7\u00e3o na classe pol\u00edtica, seja ela local, Federal ou Estadual, desde que o cargo seja ocupado por pessoas honestas e que querem, de fato, trabalhar pelo o povo. Bruno Ramos afirma que est\u00e1 preparado para assumir o pr\u00f3ximo parlamento como vereador, e que tem como objetivo maior ajudar a popula\u00e7\u00e3o sancristovense.<\/p>\n<p style=\"text-align: justify;\">\u201cEu nunca fui candidato e at\u00e9 agora n\u00e3o concorri a nenhum cargo pol\u00edtico, mas pretendo concorrer na pr\u00f3xima elei\u00e7\u00e3o, visto que me sinto preparado para isto. Sou advogado e acredito que sei como e por onde fazer, e quero ir em busca do objetivo maior dentro da pol\u00edtica, que \u00e9 ajudar a popula\u00e7\u00e3o\u201d, finalizou.<\/p>\n<p style=\"text-align: justify;\">Recentemente, Bruno Ramos esteve reunido com cerca de 50 pessoas no alto da Divin\u00e9ia, comunidade onde nasceu e se criou, para ouvir as demandas que s\u00e3o relevantes para a popula\u00e7\u00e3o, bem como receber o apoio delas para a sua pr\u00e9-candidatura. \u201cS\u00e3o pessoas que est\u00e3o comigo nessa trajet\u00f3ria e que efetivamente acreditam na pol\u00edtica e que h\u00e1 chances de mudan\u00e7a\u201d, pontuou.<\/p>\n<p>Al\u00e9m desta reuni\u00e3o, o futuro candidato t\u00eam participando de diversos encontros com o mesmo objetivo.<\/p>\n<p>&nbsp;<\/p>\n<p><a href=\"https:\/\/senoticias.com.br\/se\/wp-content\/uploads\/2019\/01\/Logomarca-fone-SE-4-2-1-1-1-1-1-1.jpg\"><img loading=\"lazy\" decoding=\"async\" class=\"alignnone size-full wp-image-116985\" src=\"https:\/\/senoticias.com.br\/se\/wp-content\/uploads\/2019\/01\/Logomarca-fone-SE-4-2-1-1-1-1-1-1.jpg\" alt=\"\" width=\"599\" height=\"78\" srcset=\"https:\/\/senoticias.com.br\/se\/wp-content\/uploads\/2019\/01\/Logomarca-fone-SE-4-2-1-1-1-1-1-1.jpg 599w, https:\/\/senoticias.com.br\/se\/wp-content\/uploads\/2019\/01\/Logomarca-fone-SE-4-2-1-1-1-1-1-1-300x39.jpg 300w\" sizes=\"(max-width: 599px) 100vw, 599px\" \/><\/a><\/p>\n<p>&nbsp;<\/p>\n<p><em><strong>Acompanhe o SE Not\u00edcias no\u00a0<\/strong><a href=\"https:\/\/twitter.com\/Senoticias\" target=\"_blank\" rel=\"noopener\"><b>Twitter<\/b><\/a><strong>,\u00a0<\/strong><a href=\"https:\/\/www.facebook.com\/senoticias1\" target=\"_blank\" rel=\"noopener\"><b>Facebook\u00a0<\/b><\/a><strong>e no\u00a0<\/strong><a href=\"https:\/\/www.instagram.com\/senoticias\/\" target=\"_blank\" rel=\"noopener\"><b>Instagram<\/b><\/a><\/em><\/p>\n<p><em>Por Yslla Vanessa<\/em><\/p>\n","protected":false},"excerpt":{"rendered":"<p>O portal SE Not\u00edcias realiza uma s\u00e9rie de entrevistas com os pr\u00e9-candidatos a prefeito e vereador de S\u00e3o Crist\u00f3v\u00e3o. O objetivo das entrevistas \u00e9 apresentar aos eleitores sancristovenses, quem s\u00e3o e o que fazem os in\u00fameros nomes postulantes aos cargos eletivos nas Elei\u00e7\u00f5es Municipais de 2020. A primeira entrevista a ser veiculada pelo portal SE [&hellip;]<\/p>\n","protected":false},"author":6552,"featured_media":117152,"comment_status":"closed","ping_status":"closed","sticky":false,"template":"","format":"standard","meta":{"footnotes":""},"categories":[15,38],"tags":[11625,8507,11626,335],"class_list":{"0":"post-117150","1":"post","2":"type-post","3":"status-publish","4":"format-standard","5":"has-post-thumbnail","7":"category-destaques","8":"category-municipios","9":"tag-bruno-ramos","10":"tag-eleicoes-2020","11":"tag-pre-candidato-a-vereador","12":"tag-sao-cristovao"},"_links":{"self":[{"href":"https:\/\/senoticias.com.br\/se\/wp-json\/wp\/v2\/posts\/117150"}],"collection":[{"href":"https:\/\/senoticias.com.br\/se\/wp-json\/wp\/v2\/posts"}],"about":[{"href":"https:\/\/senoticias.com.br\/se\/wp-json\/wp\/v2\/types\/post"}],"author":[{"embeddable":true,"href":"https:\/\/senoticias.com.br\/se\/wp-json\/wp\/v2\/users\/6552"}],"replies":[{"embeddable":true,"href":"https:\/\/senoticias.com.br\/se\/wp-json\/wp\/v2\/comments?post=117150"}],"version-history":[{"count":0,"href":"https:\/\/senoticias.com.br\/se\/wp-json\/wp\/v2\/posts\/117150\/revisions"}],"wp:featuredmedia":[{"embeddable":true,"href":"https:\/\/senoticias.com.br\/se\/wp-json\/wp\/v2\/media\/117152"}],"wp:attachment":[{"href":"https:\/\/senoticias.com.br\/se\/wp-json\/wp\/v2\/media?parent=117150"}],"wp:term":[{"taxonomy":"category","embeddable":true,"href":"https:\/\/senoticias.com.br\/se\/wp-json\/wp\/v2\/categories?post=117150"},{"taxonomy":"post_tag","embeddable":true,"href":"https:\/\/senoticias.com.br\/se\/wp-json\/wp\/v2\/tags?post=117150"}],"curies":[{"name":"wp","href":"https:\/\/api.w.org\/{rel}","templated":true}]}}