{"id":117142,"date":"2019-02-14T17:34:57","date_gmt":"2019-02-14T20:34:57","guid":{"rendered":"https:\/\/senoticias.com.br\/se\/?p=117142"},"modified":"2019-02-14T17:35:33","modified_gmt":"2019-02-14T20:35:33","slug":"ssp-e-setransp-registram-reducao-de-85-nos-assaltos-a-onibus-do-transporte-coletivo-da-capital-e-regiao-metropolitana","status":"publish","type":"post","link":"https:\/\/senoticias.com.br\/se\/ssp-e-setransp-registram-reducao-de-85-nos-assaltos-a-onibus-do-transporte-coletivo-da-capital-e-regiao-metropolitana\/","title":{"rendered":"SSP e Setransp registram redu\u00e7\u00e3o de 85% nos assaltos a \u00f4nibus do transporte coletivo da capital e Regi\u00e3o Metropolitana"},"content":{"rendered":"<p style=\"text-align: justify;\">Uma redu\u00e7\u00e3o de 85%. O m\u00eas de janeiro de 2019 registrou o menor n\u00famero de roubos a \u00f4nibus do transporte coletivo da capital e Regi\u00e3o Metropolitana em compara\u00e7\u00e3o com o mesmo per\u00edodo de 2016. Os dados foram informados pelo Sindicato das Empresas de Transporte de Passageiros de Aracaju (Setransp), nesta quinta-feira, 14.<\/p>\n<div id=\"attachment_117143\" style=\"width: 609px\" class=\"wp-caption aligncenter\"><a href=\"https:\/\/senoticias.com.br\/se\/wp-content\/uploads\/2019\/02\/2ee628b5befe83d97da47df4da8cc2be.jpeg\"><img loading=\"lazy\" decoding=\"async\" aria-describedby=\"caption-attachment-117143\" class=\"size-full wp-image-117143\" src=\"https:\/\/senoticias.com.br\/se\/wp-content\/uploads\/2019\/02\/2ee628b5befe83d97da47df4da8cc2be-e1550176320898.jpeg\" alt=\"\" width=\"599\" height=\"447\" \/><\/a><p id=\"caption-attachment-117143\" class=\"wp-caption-text\">Os dados referem-se a um comparativo feito entre os meses de janeiro de 2016 e de 2019. (Foto: SSP\/SE)<\/p><\/div>\n<p style=\"text-align: justify;\">De acordo com as informa\u00e7\u00f5es repassadas pelo Setransp, o n\u00famero de a\u00e7\u00f5es criminosas no transporte metropolitano vem caindo constantemente nos \u00faltimos anos. Em janeiro de 2016, foram 188 ocorr\u00eancias; em 2017, 78; no ano seguinte, 45; enquanto que neste ano foram registrados 27 casos; representando uma queda de 85%.<\/p>\n<p style=\"text-align: justify;\">O secret\u00e1rio da Seguran\u00e7a P\u00fablica de Sergipe, Jo\u00e3o Eloy, explica que os resultados positivos s\u00e3o decorrentes das constantes reuni\u00f5es entre as pol\u00edcias Militar e Civil; Guarda Municipal e os sindicatos das empresas e dos rodovi\u00e1rios; que possibilitam um trabalho integrado e eficaz para a redu\u00e7\u00e3o dos roubos a \u00f4nibus.<\/p>\n<p style=\"text-align: justify;\">\u201cN\u00f3s sempre estamos nos reunindo, analisando os dados e as \u00e1reas de maior incid\u00eancia, para que assim possamos desenvolver a\u00e7\u00f5es que contribuam para a redu\u00e7\u00e3o do n\u00famero de assaltos aos \u00f4nibus do transporte coletivo da capital e Regi\u00e3o Metropolitana. Esse trabalho tem como principal foco a garantia da seguran\u00e7a do cidad\u00e3o\u201d, concluiu.<\/p>\n<p>&nbsp;<\/p>\n<p><em><strong>Acompanhe o SE Not\u00edcias no\u00a0<\/strong><a href=\"https:\/\/twitter.com\/Senoticias\" target=\"_blank\" rel=\"noopener\"><b>Twitter<\/b><\/a><strong>,\u00a0<\/strong><a href=\"https:\/\/www.facebook.com\/senoticias1\" target=\"_blank\" rel=\"noopener\"><b>Facebook\u00a0<\/b><\/a><strong>e no\u00a0<\/strong><b><a href=\"https:\/\/www.instagram.com\/senoticias\/\" target=\"_blank\" rel=\"noopener\">Instagram<\/a><\/b><\/em><\/p>\n<p>&nbsp;<\/p>\n<p><a href=\"https:\/\/senoticias.com.br\/se\/wp-content\/uploads\/2019\/01\/Logomarca-fone-SE-4-2-1-1-1-1-1-1.jpg\"><img loading=\"lazy\" decoding=\"async\" class=\"aligncenter size-full wp-image-116985\" src=\"https:\/\/senoticias.com.br\/se\/wp-content\/uploads\/2019\/01\/Logomarca-fone-SE-4-2-1-1-1-1-1-1.jpg\" alt=\"\" width=\"599\" height=\"78\" srcset=\"https:\/\/senoticias.com.br\/se\/wp-content\/uploads\/2019\/01\/Logomarca-fone-SE-4-2-1-1-1-1-1-1.jpg 599w, https:\/\/senoticias.com.br\/se\/wp-content\/uploads\/2019\/01\/Logomarca-fone-SE-4-2-1-1-1-1-1-1-300x39.jpg 300w\" sizes=\"(max-width: 599px) 100vw, 599px\" \/><\/a><\/p>\n<p>&nbsp;<\/p>\n<p><em>Ag\u00eancia Sergipe de Not\u00edcias<\/em><\/p>\n","protected":false},"excerpt":{"rendered":"<p>Uma redu\u00e7\u00e3o de 85%. O m\u00eas de janeiro de 2019 registrou o menor n\u00famero de roubos a \u00f4nibus do transporte coletivo da capital e Regi\u00e3o Metropolitana em compara\u00e7\u00e3o com o mesmo per\u00edodo de 2016. Os dados foram informados pelo Sindicato das Empresas de Transporte de Passageiros de Aracaju (Setransp), nesta quinta-feira, 14. De acordo com [&hellip;]<\/p>\n","protected":false},"author":6552,"featured_media":117143,"comment_status":"closed","ping_status":"closed","sticky":false,"template":"","format":"standard","meta":{"footnotes":""},"categories":[15,7],"tags":[8401,2958,11619,11618,3246],"class_list":{"0":"post-117142","1":"post","2":"type-post","3":"status-publish","4":"format-standard","5":"has-post-thumbnail","7":"category-destaques","8":"category-policia","9":"tag-guarda-municipal","10":"tag-joao-eloy","11":"tag-reducao-de-85-nos-assaltos-a-onibus","12":"tag-seguranca-publica-de-sergipe","13":"tag-setransp"},"_links":{"self":[{"href":"https:\/\/senoticias.com.br\/se\/wp-json\/wp\/v2\/posts\/117142"}],"collection":[{"href":"https:\/\/senoticias.com.br\/se\/wp-json\/wp\/v2\/posts"}],"about":[{"href":"https:\/\/senoticias.com.br\/se\/wp-json\/wp\/v2\/types\/post"}],"author":[{"embeddable":true,"href":"https:\/\/senoticias.com.br\/se\/wp-json\/wp\/v2\/users\/6552"}],"replies":[{"embeddable":true,"href":"https:\/\/senoticias.com.br\/se\/wp-json\/wp\/v2\/comments?post=117142"}],"version-history":[{"count":0,"href":"https:\/\/senoticias.com.br\/se\/wp-json\/wp\/v2\/posts\/117142\/revisions"}],"wp:featuredmedia":[{"embeddable":true,"href":"https:\/\/senoticias.com.br\/se\/wp-json\/wp\/v2\/media\/117143"}],"wp:attachment":[{"href":"https:\/\/senoticias.com.br\/se\/wp-json\/wp\/v2\/media?parent=117142"}],"wp:term":[{"taxonomy":"category","embeddable":true,"href":"https:\/\/senoticias.com.br\/se\/wp-json\/wp\/v2\/categories?post=117142"},{"taxonomy":"post_tag","embeddable":true,"href":"https:\/\/senoticias.com.br\/se\/wp-json\/wp\/v2\/tags?post=117142"}],"curies":[{"name":"wp","href":"https:\/\/api.w.org\/{rel}","templated":true}]}}