{"id":117134,"date":"2019-02-13T21:36:54","date_gmt":"2019-02-14T00:36:54","guid":{"rendered":"https:\/\/senoticias.com.br\/se\/?p=117134"},"modified":"2019-02-13T21:36:54","modified_gmt":"2019-02-14T00:36:54","slug":"policia-civil-prende-homem-envolvido-em-latrocinio-de-policial-militar-em-salvador","status":"publish","type":"post","link":"https:\/\/senoticias.com.br\/se\/policia-civil-prende-homem-envolvido-em-latrocinio-de-policial-militar-em-salvador\/","title":{"rendered":"Pol\u00edcia Civil prende homem envolvido em latroc\u00ednio de policial militar em Salvador"},"content":{"rendered":"<p style=\"text-align: justify;\">Policiais civis do Departamento de Crimes contra o Patrim\u00f4nio (Depatri), em a\u00e7\u00e3o conjunta com o Grupo de Opera\u00e7\u00f5es Especiais (GOE), prenderam, nesta quarta-feira, 13,\u00a0Luis Eduardo Santos Ribeiro, tamb\u00e9m conhecido como \u201cChap\u00e3o\u201d, acusado de latroc\u00ednio que vitimou o policial militar Fabiano Fortuna e Silva, de 40 anos. O delito ocorreu em setembro de 2017, dentro do estacionamento de um shopping, na cidade de Salvador.<\/p>\n<div id=\"attachment_117135\" style=\"width: 431px\" class=\"wp-caption aligncenter\"><a href=\"https:\/\/senoticias.com.br\/se\/wp-content\/uploads\/2019\/02\/sfffdfsdfsfsf.png\"><img loading=\"lazy\" decoding=\"async\" aria-describedby=\"caption-attachment-117135\" class=\"size-full wp-image-117135\" src=\"https:\/\/senoticias.com.br\/se\/wp-content\/uploads\/2019\/02\/sfffdfsdfsfsf.png\" alt=\"\" width=\"421\" height=\"564\" srcset=\"https:\/\/senoticias.com.br\/se\/wp-content\/uploads\/2019\/02\/sfffdfsdfsfsf.png 421w, https:\/\/senoticias.com.br\/se\/wp-content\/uploads\/2019\/02\/sfffdfsdfsfsf-224x300.png 224w\" sizes=\"(max-width: 421px) 100vw, 421px\" \/><\/a><p id=\"caption-attachment-117135\" class=\"wp-caption-text\">Segundo a Pol\u00edcia Civil, p\u00f3s o crime, o suspeito teria fugido para Sergipe e utilizava documentos falsos. (Foto: SSP\/SE)<\/p><\/div>\n<p style=\"text-align: justify;\">\nO subtenente da Pol\u00edcia Militar, assassinado no local, trabalhava como seguran\u00e7a do shopping e reagiu ao assalto. Ele chegou a ser levado ao Hospital Roberto Santos, mas n\u00e3o resistiu. Segundo o delegado Thiago Leandro, ap\u00f3s\u00a0o crime, Luis Eduardo fugiu para Sergipe, e estava morando em Aracaju desde ent\u00e3o. \u201cEm Sergipe ele estava usando documentos falsos e residia no bairro Ponto Novo, local onde foi preso\u201d.<\/p>\n<p style=\"text-align: justify;\">\nDiante dos fatos, o acusado ser\u00e1 transferido para Salvador ainda nos pr\u00f3ximos dias para a tomada das provid\u00eancias judiciais cab\u00edveis ao crime.<\/p>\n<p>&nbsp;<\/p>\n<p><a href=\"https:\/\/senoticias.com.br\/se\/wp-content\/uploads\/2019\/01\/Logomarca-fone-SE-4-2-1-1-1-1-1-1.jpg\"><img loading=\"lazy\" decoding=\"async\" class=\"aligncenter size-full wp-image-116985\" src=\"https:\/\/senoticias.com.br\/se\/wp-content\/uploads\/2019\/01\/Logomarca-fone-SE-4-2-1-1-1-1-1-1.jpg\" alt=\"\" width=\"599\" height=\"78\" srcset=\"https:\/\/senoticias.com.br\/se\/wp-content\/uploads\/2019\/01\/Logomarca-fone-SE-4-2-1-1-1-1-1-1.jpg 599w, https:\/\/senoticias.com.br\/se\/wp-content\/uploads\/2019\/01\/Logomarca-fone-SE-4-2-1-1-1-1-1-1-300x39.jpg 300w\" sizes=\"(max-width: 599px) 100vw, 599px\" \/><\/a><\/p>\n<p>&nbsp;<\/p>\n<p>&nbsp;<\/p>\n<p><em><strong>Acompanhe o SE Not\u00edcias no\u00a0<\/strong><a href=\"https:\/\/twitter.com\/Senoticias\" target=\"_blank\" rel=\"noopener\"><b>Twitter<\/b><\/a><strong>,\u00a0<\/strong><a href=\"https:\/\/www.facebook.com\/senoticias1\" target=\"_blank\" rel=\"noopener\"><b>Facebook\u00a0<\/b><\/a><strong>e no\u00a0<\/strong><a href=\"https:\/\/www.instagram.com\/senoticias\/\" target=\"_blank\" rel=\"noopener\"><b>Instagram<\/b><\/a><\/em><\/p>\n<p>&nbsp;<\/p>\n<p><em>Mat\u00e9ria extra\u00edda do <a href=\"http:\/\/ssp.se.gov.br\/Noticias\/Detalhes?idNoticia=12014\"><strong>site<\/strong> <\/a>da SSP\/SE<\/em><\/p>\n","protected":false},"excerpt":{"rendered":"<p>Policiais civis do Departamento de Crimes contra o Patrim\u00f4nio (Depatri), em a\u00e7\u00e3o conjunta com o Grupo de Opera\u00e7\u00f5es Especiais (GOE), prenderam, nesta quarta-feira, 13,\u00a0Luis Eduardo Santos Ribeiro, tamb\u00e9m conhecido como \u201cChap\u00e3o\u201d, acusado de latroc\u00ednio que vitimou o policial militar Fabiano Fortuna e Silva, de 40 anos. O delito ocorreu em setembro de 2017, dentro do [&hellip;]<\/p>\n","protected":false},"author":6552,"featured_media":117135,"comment_status":"closed","ping_status":"closed","sticky":false,"template":"","format":"standard","meta":{"footnotes":""},"categories":[15,7],"tags":[11614,78,86],"class_list":{"0":"post-117134","1":"post","2":"type-post","3":"status-publish","4":"format-standard","5":"has-post-thumbnail","7":"category-destaques","8":"category-policia","9":"tag-latrocinio-de-policial-militar-em-salvador","10":"tag-policia-civil","11":"tag-policia-militar"},"_links":{"self":[{"href":"https:\/\/senoticias.com.br\/se\/wp-json\/wp\/v2\/posts\/117134"}],"collection":[{"href":"https:\/\/senoticias.com.br\/se\/wp-json\/wp\/v2\/posts"}],"about":[{"href":"https:\/\/senoticias.com.br\/se\/wp-json\/wp\/v2\/types\/post"}],"author":[{"embeddable":true,"href":"https:\/\/senoticias.com.br\/se\/wp-json\/wp\/v2\/users\/6552"}],"replies":[{"embeddable":true,"href":"https:\/\/senoticias.com.br\/se\/wp-json\/wp\/v2\/comments?post=117134"}],"version-history":[{"count":0,"href":"https:\/\/senoticias.com.br\/se\/wp-json\/wp\/v2\/posts\/117134\/revisions"}],"wp:featuredmedia":[{"embeddable":true,"href":"https:\/\/senoticias.com.br\/se\/wp-json\/wp\/v2\/media\/117135"}],"wp:attachment":[{"href":"https:\/\/senoticias.com.br\/se\/wp-json\/wp\/v2\/media?parent=117134"}],"wp:term":[{"taxonomy":"category","embeddable":true,"href":"https:\/\/senoticias.com.br\/se\/wp-json\/wp\/v2\/categories?post=117134"},{"taxonomy":"post_tag","embeddable":true,"href":"https:\/\/senoticias.com.br\/se\/wp-json\/wp\/v2\/tags?post=117134"}],"curies":[{"name":"wp","href":"https:\/\/api.w.org\/{rel}","templated":true}]}}